{"id":10063,"date":"2023-11-08T10:46:54","date_gmt":"2023-11-08T09:46:54","guid":{"rendered":"https:\/\/solartradex.com\/blog\/?p=10063"},"modified":"2023-12-12T12:43:21","modified_gmt":"2023-12-12T11:43:21","slug":"la-cara-trista-de-lautoconsum","status":"publish","type":"post","link":"https:\/\/solartradex.com\/blog\/ca\/la-cara-trista-de-lautoconsum\/","title":{"rendered":"La cara trista de l\u2019autoconsum"},"content":{"rendered":"\n<h2 class=\"wp-block-heading has-medium-font-size\">L&#8217;activaci\u00f3 dels contractes de l\u2019autoconsum.<\/h2>\n\n\n<div class=\"wp-block-image\">\n<figure class=\"aligncenter size-full\"><img fetchpriority=\"high\" decoding=\"async\" width=\"367\" height=\"350\" src=\"https:\/\/solartradex.com\/blog\/wp-content\/uploads\/2023\/11\/cara-triste-autoconsumo-1.png\" alt=\"cara triste autoconsumo 1\" class=\"wp-image-10065\" title=\"\" srcset=\"https:\/\/solartradex.com\/blog\/wp-content\/uploads\/2023\/11\/cara-triste-autoconsumo-1.png 367w, https:\/\/solartradex.com\/blog\/wp-content\/uploads\/2023\/11\/cara-triste-autoconsumo-1-300x286.png 300w\" sizes=\"(max-width: 367px) 100vw, 367px\" \/><\/figure>\n<\/div>\n\n\n<p>En els darrers anys i d\u2019en\u00e7\u00e0 de l\u2019aprovaci\u00f3 del <a href=\"https:\/\/www.boe.es\/buscar\/act.php?id=BOE-A-2019-5089\" target=\"_blank\" rel=\"noopener\">RD244\/2019, de 5 d\u2019abril, pel qual es regulen les condicions administratives, t\u00e8cniques i econ\u00f2miques de l\u2019autoconsum d\u2019energia el\u00e8ctrica<\/a>, l\u2019autoconsum ha experimentat un fort creixement arreu de l\u2019estat espanyol, i ha perm\u00e8s a tot tipus de consumidors participar de manera activa en la transici\u00f3 energ\u00e8tica i l\u2019assoliment dels objectius d\u2019implantaci\u00f3 d\u2019energies renovables que s\u2019ha fixat l\u2019estat espanyol per l\u2019horitz\u00f3 de l\u2019any 2030.<\/p>\n\n\n\n<p>Segons dades <a href=\"https:\/\/www.unef.es\/\" target=\"_blank\" rel=\"noopener\">d\u2019UNEF<\/a>, a Espanya l\u2019any passat es va instal\u00b7lar un total de <a href=\"https:\/\/www.pv-magazine.es\/2023\/01\/23\/espana-instalo-entre-24-y-2507-gw-fotovoltaicos-para-autoconsumo-en-2022\/\" target=\"_blank\" rel=\"noopener\">2,5 GW d\u2019autoconsum<\/a>, una xifra espectacular esperonada en bona part pels alts preus de l\u2019electricitat que vam haver de patir, i l\u2019arribada massiva de fons europeus per subvencionar una part important de les inversions en instal\u00b7lacions d\u2019autoconsum.<\/p>\n\n\n\n<p>A Catalunya, i segons dades del <a href=\"https:\/\/mediambient.gencat.cat\/ca\/05_ambits_dactuacio\/energia\/installacions-domestiques\/autoconsum\/registre-autoconsum-catalunya\/\" target=\"_blank\" rel=\"noopener\">Registre d\u2019Autoconsum de Catalunya (RAC)<\/a>,&nbsp; a data 30 de setembre de 2023, ten\u00edem un total de 84.841 instal\u00b7lacions d\u2019energia solar fotovoltaica per autoconsum inscrites en aquest registre, xifra impressionat que, d\u2019altra banda ens posa en safata de plata la temptaci\u00f3 de caure en l\u2019autocomplaen\u00e7a i en l\u2019autofelicitaci\u00f3 f\u00e0cil per dir-nos que guapos i meravellosos que som, i que b\u00e9 que fem les coses.<\/p>\n\n\n\n<p>No obstant aix\u00f2, aquestes dades no han d\u2019amagar una altra realitat for\u00e7a m\u00e9s dram\u00e0tica i tenebrosa que igualment conv\u00e9 visibilitzar; d\u2019aquestes 84.841instal\u00b7lacions registrades, nom\u00e9s un 3,2% -2.737 instal\u00b7lacions \u2013 es corresponen a instal\u00b7lacions de pot\u00e8ncia compresa entre els 15 kW i 100 kW acollides al mecanisme de compensaci\u00f3 simplificat d\u2019excedents.&nbsp;<\/p>\n\n\n\n<p>\u00d2bviament hi haur\u00e0 qui dir\u00e0 que aquesta xifra s\u2019explica pel fet que el nombre d\u2019habitatges unifamiliars en les quals s\u2019instal\u00b7len majorit\u00e0riament els projectes de menor pot\u00e8ncia, \u00e9s molt superior al nombre d\u2019empreses que s\u00f3n objecte de projectes de major tamany; i s\u00ed, molt possiblement aquest raonament&nbsp; podria explicar-ho en part; no obstant aix\u00f2, tamb\u00e9&nbsp; cal&nbsp; que ens posem el dit a la llaga per preguntar-nos si el fet que d\u2019acord amb l\u2019article 7 del RD244\/2019, les instal\u00b7lacions de menys de 15 kW ubicades en s\u00f2l urbanitzable no requereixin permisos d\u2019acc\u00e9s i connexi\u00f3 per part de les empreses distribu\u00efdores d\u2019electricitat potser tamb\u00e9 hi tingui quelcom a veure.<\/p>\n\n\n\n<p>Per\u00f2 \u00e9s que el problema va molt m\u00e9s enll\u00e0, ja que de les 2.737 instal\u00b7lacions d\u2019entre 15 kW i 100 kW registrades al RAC, una part significativa encara no han pogut modificar el seu contracte d\u2019acc\u00e9s (activar el seu corresponent contracte d\u2019autoconsum), de manera que els excedents bolcats a la xarxa s\u00f3n regalats davant la impossibilitat de poder-los valoritzar i compensar.<\/p>\n\n\n\n<p>I \u00e9s que el que no poden amagar les dades i amb el que tots els professionals del sector estem d\u2019acord ara com ara,&nbsp; \u00e9s que l\u2019activaci\u00f3 dels contractes d\u2019autoconsum no est\u00e0 rutllant degut a les traves que principalment l\u2019empresa distribu\u00efdora majorit\u00e0ria a Catalunya \u2013 e-Distribuci\u00f3n y Redes Digitales SL (d\u2019ara endavant Endesa)- est\u00e0 posant de manera arbitr\u00e0ria i recurrent; i el que encara agreuja m\u00e9s la situaci\u00f3,&nbsp; l\u2019administraci\u00f3 catalana que en \u00fas de les seves compet\u00e8ncies hauria de donar empara normativa al conjunt de la ciutadania \u2013 molt possiblement no per manca de voluntat, sin\u00f3 per manca de recursos humans- no ha pogut posar encara fil a l\u2019agulla de manera decidida per tal d\u2019esmenar aquesta situaci\u00f3 tan greu pel conjunt d\u2019empreses o comunitats de ve\u00efns que volen fer el salt a l\u2019autoconsum.<\/p>\n\n\n\n<p>\u00c9s a dir, a Catalunya el 96,7% de les instal\u00b7lacions d\u2019autoconsum legalitzades es correspon amb aquelles que l\u2019empresa distribu\u00efdora no hi participa en tot el proc\u00e9s, o en altres paraules, a Catalunya la legalitzaci\u00f3 de les instal\u00b7lacions d\u2019autoconsum funciona perfectament quan Endesa no compareix en escena. <\/p>\n\n\n\n<p>Per tant, arribats a aquest punt conv\u00e9 desmitificar un altre mantra que darrerament s\u2019ha generalitzat entre el sector: <a href=\"https:\/\/elpais.com\/opinion\/2023-04-26\/jaque-al-autoconsumo-compartido.html\" target=\"_blank\" rel=\"noopener\">la problem\u00e0tica de l\u2019autoconsum no es limita nom\u00e9s a la legalitzaci\u00f3 de les instal\u00b7lacions d\u2019autoconsum col\u00b7lectiu<\/a> que tamb\u00e9, sin\u00f3 a la legalitzaci\u00f3 i activaci\u00f3 de contractes d\u2019autoconsum de totes aquelles instal\u00b7lacions en les quals d\u2019una manera o altra hi participa Endesa. Anem doncs al gra.<\/p>\n\n\n\n<p>Actualment, Endesa no est\u00e0 aplicant correctament la normativa vigent pel que correspon al procediment de modificaci\u00f3 dels contractes d\u2019acc\u00e9s (activaci\u00f3 dels contractes d\u2019autoconsum) dels consumidors associats a les instal\u00b7lacions generadores per autoconsum&nbsp; de pot\u00e8ncies compreses entre 15 kW i 100 kW, i segons la qual, aquesta modificaci\u00f3 hauria de fer-se autom\u00e0ticament per part de les empreses distribu\u00efdores d\u2019electricitat a partir de la documentaci\u00f3 que els remet la Direcci\u00f3 General d\u2019Energia de la Generalitat de Catalunya un cop la instal\u00b7laci\u00f3 generadora ha estat inscrita en el RAC.<\/p>\n\n\n\n<p>En aquest sentit, l\u2019article 8.1 del RD244\/2019, deixa molt que \u201c<em>per aquells subjectes consumidors connectats en baixa tensi\u00f3, en els que la instal\u00b7laci\u00f3 generadora sigui de baixa tensi\u00f3 i la pot\u00e8ncia instal\u00b7lada de generaci\u00f3 sigui menor de 100 kW que realitzin autoconsum, la modificaci\u00f3 del contracte d\u2019acc\u00e9s ser\u00e0 realitzada per l\u2019empresa distribu\u00efdora a partir de la documentaci\u00f3 remesa per les comunitats aut\u00f2nomes i Ciutats de Ceuta i Melilla a aquesta empresa a conseq\u00fc\u00e8ncia de les obligacions incloses en el Reglament Electrot\u00e8cnic de Baixa Tensi\u00f3<\/em>.\u201d<\/p>\n\n\n\n<p>Malgrat aix\u00f2, el que succeeix \u00e9s que quan la Direcci\u00f3 General d\u2019Energia de la Generalitat de Catalunya envia de manera puntual el certificat d\u2019inscripci\u00f3 d\u2019una instal\u00b7laci\u00f3 generadora en el RAC a l\u2019empresa distribu\u00efdora \u2013 permeteu-me emfatitzar, principalment Endesa-, aquesta&nbsp; est\u00e0 condicionant la modificaci\u00f3 del contracte d\u2019acc\u00e9s i la parametritzaci\u00f3 i activaci\u00f3 del comptador de generaci\u00f3, en els casos d\u2019autoconsum col\u00b7lectiu en el que \u00e9s obligat instal\u00b7lar aquest comptador, al resultat favorable d\u2019una inspecci\u00f3 pr\u00e8via que confirmi el compliment d\u2019all\u00f2 que es disposa en el <a href=\"https:\/\/www.boe.es\/biblioteca_juridica\/codigos\/codigo.php?modo=2&amp;id=326_Reglamento_electrotecnico_para_baja_tension_e_ITC\" target=\"_blank\" rel=\"noopener\">Reglament Electrot\u00e8cnic de Baixa Tensi\u00f3<\/a>.<\/p>\n\n\n\n<p>El problema de tot plegat \u00e9s que avui en dia Endesa est\u00e0 aplicant de manera err\u00f2nia i conscient \u2013 ja se li ha comunicat per activa i passiva en multitud d\u2019ocasions- l&#8217;article 8.2 del <a href=\"https:\/\/www.boe.es\/buscar\/act.php?id=BOE-A-2011-19242\" target=\"_blank\" rel=\"noopener\">RD1699\/2011, de 18 de novembre, pel la qual cosa es regula la connexi\u00f3 a la xarxa d\u2019instal\u00b7lacions de producci\u00f3 d\u2019energia el\u00e8ctrica de petita pot\u00e8ncia<\/a>, i el qual estipula que un cop \u201c<em>efectuada la connexi\u00f3 de la instal\u00b7laci\u00f3 de generaci\u00f3, l\u2019empresa distribu\u00efdora podr\u00e0 realitzar en qualsevol moment una primera verificaci\u00f3 d\u2019aquells elements que afectin la regularitat i seguretat del subministrament, per la qual rebr\u00e0 del titular de la instal\u00b7laci\u00f3 el pagament dels drets previstos en la normativa vigent.\u201d<\/em><\/p>\n\n\n\n<p>Diem que l\u2019aplicaci\u00f3 \u00e9s err\u00f2nia,  doncs si b\u00e9 \u00e9s cert que l\u2019empresa distribu\u00efdora t\u00e9 la potestat per fer aquesta inspecci\u00f3 pr\u00e8via, el mateix article igualment estableix que \u201c<em>el titular de la instal\u00b7laci\u00f3 de generaci\u00f3 quedar\u00e0 exempt de la verificaci\u00f3 pr\u00e8via<\/em><em> per part de l&#8217;empresa distribu\u00efdora d&#8217;aquells elements que afectin la regularitat i seguretat del subministrament en el cas que es remeti a l&#8217;empresa distribu\u00efdora, el certificat de l&#8217;empresa instal\u00b7ladora en el que s&#8217;acrediti el compliment d&#8217;all\u00f2 disposat en el Reglament Electrot\u00e8cnic de Baixa Tensi\u00f3, aprovat pel RD842\/2022 de 2 d&#8217;agost.<\/em>\u201d<\/p>\n\n\n\n<p>\u00c9s m\u00e9s el <a href=\"https:\/\/portaljuridic.gencat.cat\/ca\/document-del-pjur\/?documentId=913061\" target=\"_blank\" rel=\"noopener\">Decret Llei 24\/2021, de 26 d&#8217;octubre, d&#8217;acceleraci\u00f3 del desplegament de les energies renovables distribu\u00efdes i participades<\/a>, disposa en l\u2019article 4.2, que \u201c<em>la documentaci\u00f3 acreditativa de la inscripci\u00f3 al Registre d&#8217;Autoconsum de Catalunya (RAC) t\u00e9 la consideraci\u00f3 de documentaci\u00f3 remesa per l&#8217;Administraci\u00f3 de la Generalitat, i que les empreses distribu\u00efdores i comercialitzadores no poden requerir documentaci\u00f3 addicional per dur a terme la modificaci\u00f3 del contracte d&#8217;acc\u00e9s de l&#8217;autoconsumidor associat.\u201d.<\/em><\/p>\n\n\n\n<p>Per tant, amb la remissi\u00f3 del RAC per part de l\u2019Administraci\u00f3, les empreses distribu\u00efdores no necessiten res m\u00e9s per procedir a l\u2019activaci\u00f3 del corresponent contracte d\u2019autoconsum, donat que el RAC \u00e9s el certificat que justifica l\u2019assoliment i finalitzaci\u00f3 de tot el procediment administratiu de legalitzaci\u00f3 de la instal\u00b7laci\u00f3 generadora, incloent-hi la inscripci\u00f3 en el Registre d\u2019Instal\u00b7lacions&nbsp; T\u00e8cniques i de Seguretat Industrial de Catalunya (RITSIC), la qual certifica de manera responsable&nbsp; per part de l\u2019instal\u00b7lador el compliment del Reglament Electrot\u00e8cnic de Baixa Tensi\u00f3 de la instal\u00b7laci\u00f3 de generaci\u00f3.<\/p>\n\n\n\n<p>Tot aquest raonament, no exclou ni limita en cap cas la potestat de les empreses distribu\u00efdores a fer les inspeccions que considerin oportunes per tal d\u2019assegurar la seguretat de les instal\u00b7lacions, no obstant aix\u00f2, aquestes inspeccions, i d\u2019acord amb la legislaci\u00f3 vigent, en cap cas poden condicionar la corresponent activaci\u00f3 del contracte d\u2019autoconsum.<\/p>\n\n\n\n<p>Encara m\u00e9s, el mateix Reglament Electrot\u00e8cnic de Baixa Tensi\u00f3, en l\u2019article 9 de la ITC-BT-40 que correspon a les instal\u00b7lacions generadores de baixa tensi\u00f3, estableix que l\u2019empresa distribu\u00efdora podr\u00e0 <em>\u201cverificar, abans de fer la posada en servei, que les instal\u00b7lacions d&#8217;interconnexi\u00f3 i altres elements que afectin la regularitat del subministrament estan fetes d&#8217;acord amb els reglaments en vigor. En cas de desacord es comunicar\u00e0 als \u00f2rgans competents de l\u2019Administraci\u00f3, per a la seva resoluci\u00f3\u201d<\/em><\/p>\n\n\n\n<p>\u00c9s a dir, l\u2019empresa distribu\u00efdora pot fer una inspecci\u00f3 pr\u00e8via, per\u00f2 en cap cas pot negar-se ni a activar el contracte d\u2019acc\u00e9s del consumidor associat a la instal\u00b7laci\u00f3 d\u2019autoconsum, ni negar-se a parametritzar i activar el comptador de generaci\u00f3 de les instal\u00b7lacions col\u00b7lectives; i sobretot i molt important, en cas que la inspecci\u00f3 no tingui un resultat favorable i no hi hagi acord amb el consumidor, l\u2019empresa distribu\u00efdora ha de comunicar aquest desacord a l\u2019\u00f2rgan competent en mat\u00e8ria de seguretat industrial, que a Catalunya li correspon a la Subdirecci\u00f3 General de Seguretat Industrial.<\/p>\n\n\n\n<p>Malauradament en l\u2019actualitat Endesa est\u00e0 fent tot el contrari, donat que est\u00e0 condicionant l\u2019activaci\u00f3 dels contractes d\u2019autoconsum al resultat favorable d\u2019una inspecci\u00f3 pr\u00e8via que a m\u00e9s a m\u00e9s realitza amb criteris subjectius sobre el compliment del Reglament Electrot\u00e8cnic de Baixa Tensi\u00f3 i que en la gran majoria de casos comporta una despesa addicional per part del propietari de la instal\u00b7laci\u00f3 d\u2019autoconsum al qual s\u2019obliga a adaptar la seva instal\u00b7laci\u00f3 d\u2019enlla\u00e7 (no la instal\u00b7laci\u00f3 generadora) a la darrera versi\u00f3 de norma interna NRZ103 de la mateixa Endesa.<\/p>\n\n\n\n<p>I en el moment que l\u2019autoconsumidor aixeca la m\u00e0 i diu no estic d\u2019acord, Endesa, fent cas om\u00eds del que estableix la normativa, no comunica a la Subdirecci\u00f3 General de Seguretat Industrial el desacord, amb la qual cosa, aquesta no pot resoldre el conflicte, i mentrestant el contracte d\u2019autoconsum i el comptador de generaci\u00f3 no queden activats a l\u2019espera que el propietari adeq\u00fci la instal\u00b7laci\u00f3 generadora als criteris de seguretat d\u2019Endesa.<\/p>\n\n\n\n<p>Tot plegat un maldecap, que empitjora en el moment que s\u2019interposa una reclamaci\u00f3 davant la Direcci\u00f3 General d\u2019Energia de Catalunya, l\u2019\u00f2rgan competent en mat\u00e8ria d\u2019energia a Catalunya, donat que el terminis de resposta a les reclamacions, molt possiblement degut al col\u00b7lapse que suposa tenir molts expedients per resoldre i uns recursos personals molt limitats, s\u00f3n superiors a l\u2019any (no \u00e9s conya, i tampoc \u00e9s una hip\u00e8rbole liter\u00e0ria).<\/p>\n\n\n\n<p>I despr\u00e9s ens preguntem com \u00e9s que per instal\u00b7lacions d\u2019autoconsum de pot\u00e8ncia superior a 15 kW, sovint es prefereix legalitzar la instal\u00b7laci\u00f3 en la modalitat d\u2019injecci\u00f3 0 en la que l\u2019empresa distribu\u00efdora no hi participa, tot i que aix\u00f2 signifiqui malbaratar una part m\u00e9s o menys important de la generaci\u00f3 d\u2019electricitat solar.<\/p>\n\n\n\n<p>Amb tot aix\u00f2, el resultat d\u2019aquest desastre \u00e9s que al final aconseguim tenir autoconsumidors frustrats i emprenyats perqu\u00e8 no gaudeixen de l\u2019estalvi del qual haurien de gaudir un cop han realitzat una inversi\u00f3 significativa, una administraci\u00f3 sobrepassada que no dona empara a aquests autoconsumidors emprenyats, una empresa distribu\u00efdora que cada cop es creu m\u00e9s forta i intocable, i unes empreses instal\u00b7ladores preses de la r\u00e0bia, desesperaci\u00f3 i des\u00e0nim per no poder donar als nostres clients una soluci\u00f3 satisfact\u00f2ria.<\/p>\n\n\n\n<p>No en tingueu pas cap dubte, Endesa juga amb tot aix\u00f2 per sortir-se amb la seva, perqu\u00e8 se sent poderosa, perqu\u00e8 sap que l\u2019administraci\u00f3 est\u00e0 sobrepassada per resoldre en temps totes les reclamacions que li arriben, i perqu\u00e8 sap de la desesperaci\u00f3 dels autoconsumidors que no es poden permetre tenir les seves instal\u00b7lacions sense valoritzar els excedents, o encara pitjor en els casos d\u2019autoconsums col\u00b7lectius, on la distribu\u00efdora no activa el comptador de generaci\u00f3 i els consumidors associats a la instal\u00b7laci\u00f3 de generaci\u00f3 no es poden repartir ni tan sols la seva producci\u00f3. Un drama.<\/p>\n\n\n\n<p>Aix\u00ed doncs, si alguna cosa hem apr\u00e8s \u00e9s que aquesta situaci\u00f3 no la resoldrem per la via d\u2019interposar reclamacions de manera sistem\u00e0tica, sin\u00f3 amb una regulaci\u00f3 estricta que no permeti a les distribu\u00efdores aturar l\u2019activaci\u00f3 dels autoconsums; i \u00e9s amb aquest objectiu que ens permetem empla\u00e7ar a la Direcci\u00f3 General d\u2019Energia a qu\u00e8 publiqui una instrucci\u00f3 t\u00e8cnica d\u2019obligat compliment que interpreti i estableixi de manera clara quin \u00e9s el procediment que han de seguir les empreses distribu\u00efdores per la modificaci\u00f3 dels contractes d\u2019acc\u00e9s dels consumidors associats a les instal\u00b7lacions d\u2019autoconsum. Nom\u00e9s aix\u00ed aconseguirem que l\u2019autoconsum esdevingui una realitat accessible per tot tipus de consumidors ( tamb\u00e9 empreses i autoconsums col\u00b7lectius).<\/p>\n\n\n\n<p>Per tant s\u00ed, felicitem-nos per l\u2019aven\u00e7 important que ha fet l\u2019autoconsum residencial en els darrers anys, per\u00f2 sobretot posem tamb\u00e9 remei al que no funciona perqu\u00e8 sin\u00f3&nbsp; al final, els arbres ens acabaran amagant el bosc tan xulo que tenim.<\/p>\n\n\n\n<p><\/p>\n\n\n\n<figure class=\"wp-block-pullquote\"><blockquote><p>Ens parlem ben aviat!!<br><br> T&#8217;animem a comentar-nos que t&#8217;ha semblat i <br><a href=\"https:\/\/solartradex.com\/ca\/contacte\"><strong>contacta amb nosaltres per a parlar la instal\u00b7laci\u00f3 de plaques solars o carregadors el\u00e8ctrics<\/strong><\/a>.<\/p><\/blockquote><\/figure>\n\n\n<p>{<br \/>\n    &#8220;@context&#8221;: &#8220;https:\/\/schema.org&#8221;,<br \/>\n    &#8220;@type&#8221;: &#8220;FAQPage&#8221;,<br \/>\n    &#8220;mainEntity&#8221;: [<br \/>\n        {<br \/>\n            &#8220;@type&#8221;: &#8220;Question&#8221;,<br \/>\n            &#8220;name&#8221;: &#8220;L&#8217;activaci\u00f3 dels contractes de l\u2019autoconsum.&#8221;,<br \/>\n            &#8220;acceptedAnswer&#8221;: {<br \/>\n                &#8220;@type&#8221;: &#8220;Answer&#8221;,<br \/>\n                &#8220;text&#8221;: &#8220;En els darrers anys i d\u2019en\u00e7\u00e0 de l\u2019aprovaci\u00f3 del RD244\/2019, de 5 d\u2019abril, pel qual es regulen les condicions administratives, t\u00e8cniques i econ\u00f2miques de l\u2019autoconsum d\u2019energia el\u00e8ctrica, l\u2019autoconsum ha experimentat un fort creixement arreu de l\u2019estat espanyol, i ha perm\u00e8s a tot tipus de consumidors participar de manera activa en la transici\u00f3 energ\u00e8tica i l\u2019assoliment dels objectius d\u2019implantaci\u00f3 d\u2019energies renovables que s\u2019ha fixat l\u2019estat espanyol per l\u2019horitz\u00f3 de l\u2019any 2030.Segons dades d\u2019UNEF, a Espanya l\u2019any passat es va instal\u00b7lar un total de 2,5 GW d\u2019autoconsum, una xifra espectacular esperonada en bona part pels alts preus de l\u2019electricitat que vam haver de patir, i l\u2019arribada massiva de fons europeus per subvencionar una part important de les inversions en instal\u00b7lacions d\u2019autoconsum.A Catalunya, i segons dades del Registre d\u2019Autoconsum de Catalunya (RAC),&nbsp; a data 30 de setembre de 2023, ten\u00edem un total de 84.841 instal\u00b7lacions d\u2019energia solar fotovoltaica per autoconsum inscrites en aquest registre, xifra impressionat que, d\u2019altra banda ens posa en safata de plata la temptaci\u00f3 de caure en l\u2019autocomplaen\u00e7a i en l\u2019autofelicitaci\u00f3 f\u00e0cil per dir-nos que guapos i meravellosos que som, i que b\u00e9 que fem les coses.No obstant aix\u00f2, aquestes dades no han d\u2019amagar una altra realitat for\u00e7a m\u00e9s dram\u00e0tica i tenebrosa que igualment conv\u00e9 visibilitzar; d\u2019aquestes 84.841instal\u00b7lacions registrades, nom\u00e9s un 3,2% -2.737 instal\u00b7lacions \u2013 es corresponen a instal\u00b7lacions de pot\u00e8ncia compresa entre els 15 kW i 100 kW acollides al mecanisme de compensaci\u00f3 simplificat d\u2019excedents.&nbsp;\u00d2bviament hi haur\u00e0 qui dir\u00e0 que aquesta xifra s\u2019explica pel fet que el nombre d\u2019habitatges unifamiliars en les quals s\u2019instal\u00b7len majorit\u00e0riament els projectes de menor pot\u00e8ncia, \u00e9s molt superior al nombre d\u2019empreses que s\u00f3n objecte de projectes de major tamany; i s\u00ed, molt possiblement aquest raonament&nbsp; podria explicar-ho en part; no obstant aix\u00f2, tamb\u00e9&nbsp; cal&nbsp; que ens posem el dit a la llaga per preguntar-nos si el fet que d\u2019acord amb l\u2019article 7 del RD244\/2019, les instal\u00b7lacions de menys de 15 kW ubicades en s\u00f2l urbanitzable no requereixin permisos d\u2019acc\u00e9s i connexi\u00f3 per part de les empreses distribu\u00efdores d\u2019electricitat potser tamb\u00e9 hi tingui quelcom a veure.Per\u00f2 \u00e9s que el problema va molt m\u00e9s enll\u00e0, ja que de les 2.737 instal\u00b7lacions d\u2019entre 15 kW i 100 kW registrades al RAC, una part significativa encara no han pogut modificar el seu contracte d\u2019acc\u00e9s (activar el seu corresponent contracte d\u2019autoconsum), de manera que els excedents bolcats a la xarxa s\u00f3n regalats davant la impossibilitat de poder-los valoritzar i compensar.I \u00e9s que el que no poden amagar les dades i amb el que tots els professionals del sector estem d\u2019acord ara com ara,&nbsp; \u00e9s que l\u2019activaci\u00f3 dels contractes d\u2019autoconsum no est\u00e0 rutllant degut a les traves que principalment l\u2019empresa distribu\u00efdora majorit\u00e0ria a Catalunya \u2013 e-Distribuci\u00f3n y Redes Digitales SL (d\u2019ara endavant Endesa)- est\u00e0 posant de manera arbitr\u00e0ria i recurrent; i el que encara agreuja m\u00e9s la situaci\u00f3,&nbsp; l\u2019administraci\u00f3 catalana que en \u00fas de les seves compet\u00e8ncies hauria de donar empara normativa al conjunt de la ciutadania \u2013 molt possiblement no per manca de voluntat, sin\u00f3 per manca de recursos humans- no ha pogut posar encara fil a l\u2019agulla de manera decidida per tal d\u2019esmenar aquesta situaci\u00f3 tan greu pel conjunt d\u2019empreses o comunitats de ve\u00efns que volen fer el salt a l\u2019autoconsum.\u00c9s a dir, a Catalunya el 96,7% de les instal\u00b7lacions d\u2019autoconsum legalitzades es correspon amb aquelles que l\u2019empresa distribu\u00efdora no hi participa en tot el proc\u00e9s, o en altres paraules, a Catalunya la legalitzaci\u00f3 de les instal\u00b7lacions d\u2019autoconsum funciona perfectament quan Endesa no compareix en escena. (Nota d\u2019autor: quan parlo d\u2019Endesa, em refereixo de manera molt concreta al departament d\u2019inspeccions i mesura).Per tant, arribats a aquest punt conv\u00e9 desmitificar un altre mantra que darrerament s\u2019ha generalitzat entre el sector: la problem\u00e0tica de l\u2019autoconsum no es limita nom\u00e9s a la legalitzaci\u00f3 de les instal\u00b7lacions d\u2019autoconsum col\u00b7lectiu que tamb\u00e9, sin\u00f3 a la legalitzaci\u00f3 i activaci\u00f3 de contractes d\u2019autoconsum de totes aquelles instal\u00b7lacions en les quals d\u2019una manera o altra hi participa Endesa. Anem doncs al gra.Actualment, Endesa no est\u00e0 aplicant correctament la normativa vigent pel que correspon al procediment de modificaci\u00f3 dels contractes d\u2019acc\u00e9s (activaci\u00f3 dels contractes d\u2019autoconsum) dels consumidors associats a les instal\u00b7lacions generadores per autoconsum&nbsp; de pot\u00e8ncies compreses entre 15 kW i 100 kW, i segons la qual, aquesta modificaci\u00f3 hauria de fer-se autom\u00e0ticament per part de les empreses distribu\u00efdores d\u2019electricitat a partir de la documentaci\u00f3 que els remet la Direcci\u00f3 General d\u2019Energia de la Generalitat de Catalunya un cop la instal\u00b7laci\u00f3 generadora ha estat inscrita en el RAC.En aquest sentit, l\u2019article 8.1 del RD244\/2019, deixa molt que &ldquo;per aquells subjectes consumidors connectats en baixa tensi\u00f3, en els que la instal\u00b7laci\u00f3 generadora sigui de baixa tensi\u00f3 i la pot\u00e8ncia instal\u00b7lada de generaci\u00f3 sigui menor de 100 kW que realitzin autoconsum, la modificaci\u00f3 del contracte d\u2019acc\u00e9s ser\u00e0 realitzada per l\u2019empresa distribu\u00efdora a partir de la documentaci\u00f3 remesa per les comunitats aut\u00f2nomes i Ciutats de Ceuta i Melilla a aquesta empresa a conseq\u00fc\u00e8ncia de les obligacions incloses en el Reglament Electrot\u00e8cnic de Baixa Tensi\u00f3.&rdquo;Malgrat aix\u00f2, el que succeeix \u00e9s que quan la Direcci\u00f3 General d\u2019Energia de la Generalitat de Catalunya envia de manera puntual el certificat d\u2019inscripci\u00f3 d\u2019una instal\u00b7laci\u00f3 generadora en el RAC a l\u2019empresa distribu\u00efdora \u2013 permeteu-me emfatitzar, principalment Endesa-, aquesta&nbsp; est\u00e0 condicionant la modificaci\u00f3 del contracte d\u2019acc\u00e9s i la parametritzaci\u00f3 i activaci\u00f3 del comptador de generaci\u00f3, en els casos d\u2019autoconsum col\u00b7lectiu en el que \u00e9s obligat instal\u00b7lar aquest comptador, al resultat favorable d\u2019una inspecci\u00f3 pr\u00e8via que confirmi el compliment d\u2019all\u00f2 que es disposa en el Reglament Electrot\u00e8cnic de Baixa Tensi\u00f3.El problema de tot plegat \u00e9s que avui en dia Endesa est\u00e0 aplicant de manera err\u00f2nia i conscient \u2013 ja se li ha comunicat per activa i passiva en multitud d\u2019ocasions- l&#8217;article 8.2 del RD1699\/2011, de 18 de novembre, pel la qual cosa es regula la connexi\u00f3 a la xarxa d\u2019instal\u00b7lacions de producci\u00f3 d\u2019energia el\u00e8ctrica de petita pot\u00e8ncia, i el qual estipula que un cop &ldquo;efectuada la connexi\u00f3 de la instal\u00b7laci\u00f3 de generaci\u00f3, l\u2019empresa distribu\u00efdora podr\u00e0 realitzar en qualsevol moment una primera verificaci\u00f3 d\u2019aquells elements que afectin la regularitat i seguretat del subministrament, per la qual rebr\u00e0 del titular de la instal\u00b7laci\u00f3 el pagament dels drets previstos en la normativa vigent.&rdquo;Diem que l\u2019aplicaci\u00f3 \u00e9s err\u00f2nia,  doncs si b\u00e9 \u00e9s cert que l\u2019empresa distribu\u00efdora t\u00e9 la potestat per fer aquesta inspecci\u00f3 pr\u00e8via, el mateix article igualment estableix que &ldquo;el titular de la instal\u00b7laci\u00f3 de generaci\u00f3 quedar\u00e0 exempt de la verificaci\u00f3 pr\u00e8via per part de l&#8217;empresa distribu\u00efdora d&#8217;aquells elements que afectin la regularitat i seguretat del subministrament en el cas que es remeti a l&#8217;empresa distribu\u00efdora, el certificat de l&#8217;empresa instal\u00b7ladora en el que s&#8217;acrediti el compliment d&#8217;all\u00f2 disposat en el Reglament Electrot\u00e8cnic de Baixa Tensi\u00f3, aprovat pel RD842\/2022 de 2 d&#8217;agost.&rdquo;\u00c9s m\u00e9s el Decret Llei 24\/2021, de 26 d&#8217;octubre, d&#8217;acceleraci\u00f3 del desplegament de les energies renovables distribu\u00efdes i participades, disposa en l\u2019article 4.2, que &ldquo;la documentaci\u00f3 acreditativa de la inscripci\u00f3 al Registre d&#8217;Autoconsum de Catalunya (RAC) t\u00e9 la consideraci\u00f3 de documentaci\u00f3 remesa per l&#8217;Administraci\u00f3 de la Generalitat, i que les empreses distribu\u00efdores i comercialitzadores no poden requerir documentaci\u00f3 addicional per dur a terme la modificaci\u00f3 del contracte d&#8217;acc\u00e9s de l&#8217;autoconsumidor associat.&rdquo;.Per tant, amb la remissi\u00f3 del RAC per part de l\u2019Administraci\u00f3, les empreses distribu\u00efdores no necessiten res m\u00e9s per procedir a l\u2019activaci\u00f3 del corresponent contracte d\u2019autoconsum, donat que el RAC \u00e9s el certificat que justifica l\u2019assoliment i finalitzaci\u00f3 de tot el procediment administratiu de legalitzaci\u00f3 de la instal\u00b7laci\u00f3 generadora, incloent-hi la inscripci\u00f3 en el Registre d\u2019Instal\u00b7lacions&nbsp; T\u00e8cniques i de Seguretat Industrial de Catalunya (RITSIC), la qual certifica de manera responsable&nbsp; per part de l\u2019instal\u00b7lador el compliment del Reglament Electrot\u00e8cnic de Baixa Tensi\u00f3 de la instal\u00b7laci\u00f3 de generaci\u00f3.Tot aquest raonament, no exclou ni limita en cap cas la potestat de les empreses distribu\u00efdores a fer les inspeccions que considerin oportunes per tal d\u2019assegurar la seguretat de les instal\u00b7lacions, no obstant aix\u00f2, aquestes inspeccions, i d\u2019acord amb la legislaci\u00f3 vigent, en cap cas poden condicionar la corresponent activaci\u00f3 del contracte d\u2019autoconsum.Encara m\u00e9s, el mateix Reglament Electrot\u00e8cnic de Baixa Tensi\u00f3, en l\u2019article 9 de la ITC-BT-40 que correspon a les instal\u00b7lacions generadores de baixa tensi\u00f3, estableix que l\u2019empresa distribu\u00efdora podr\u00e0 &ldquo;verificar, abans de fer la posada en servei, que les instal\u00b7lacions d&#8217;interconnexi\u00f3 i altres elements que afectin la regularitat del subministrament estan fetes d&#8217;acord amb els reglaments en vigor. En cas de desacord es comunicar\u00e0 als \u00f2rgans competents de l\u2019Administraci\u00f3, per a la seva resoluci\u00f3&rdquo;\u00c9s a dir, l\u2019empresa distribu\u00efdora pot fer una inspecci\u00f3 pr\u00e8via, per\u00f2 en cap cas pot negar-se ni a activar el contracte d\u2019acc\u00e9s del consumidor associat a la instal\u00b7laci\u00f3 d\u2019autoconsum, ni negar-se a parametritzar i activar el comptador de generaci\u00f3 de les instal\u00b7lacions col\u00b7lectives; i sobretot i molt important, en cas que la inspecci\u00f3 no tingui un resultat favorable i no hi hagi acord amb el consumidor, l\u2019empresa distribu\u00efdora ha de comunicar aquest desacord a l\u2019\u00f2rgan competent en mat\u00e8ria de seguretat industrial, que a Catalunya li correspon a la Subdirecci\u00f3 General de Seguretat Industrial.Malauradament en l\u2019actualitat Endesa est\u00e0 fent tot el contrari, donat que est\u00e0 condicionant l\u2019activaci\u00f3 dels contractes d\u2019autoconsum al resultat favorable d\u2019una inspecci\u00f3 pr\u00e8via que a m\u00e9s a m\u00e9s realitza amb criteris subjectius sobre el compliment del Reglament Electrot\u00e8cnic de Baixa Tensi\u00f3 i que en la gran majoria de casos comporta una despesa addicional per part del propietari de la instal\u00b7laci\u00f3 d\u2019autoconsum al qual s\u2019obliga a adaptar la seva instal\u00b7laci\u00f3 d\u2019enlla\u00e7 (no la instal\u00b7laci\u00f3 generadora) a la darrera versi\u00f3 de norma interna NRZ103 de la mateixa Endesa.I en el moment que l\u2019autoconsumidor aixeca la m\u00e0 i diu no estic d\u2019acord, Endesa, fent cas om\u00eds del que estableix la normativa, no comunica a la Subdirecci\u00f3 General de Seguretat Industrial el desacord, amb la qual cosa, aquesta no pot resoldre el conflicte, i mentrestant el contracte d\u2019autoconsum i el comptador de generaci\u00f3 no queden activats a l\u2019espera que el propietari adeq\u00fci la instal\u00b7laci\u00f3 generadora als criteris de seguretat d\u2019Endesa.Tot plegat un maldecap, que empitjora en el moment que s\u2019interposa una reclamaci\u00f3 davant la Direcci\u00f3 General d\u2019Energia de Catalunya, l\u2019\u00f2rgan competent en mat\u00e8ria d\u2019energia a Catalunya, donat que el terminis de resposta a les reclamacions, molt possiblement degut al col\u00b7lapse que suposa tenir molts expedients per resoldre i uns recursos personals molt limitats, s\u00f3n superiors a l\u2019any (no \u00e9s conya, i tampoc \u00e9s una hip\u00e8rbole liter\u00e0ria).I despr\u00e9s ens preguntem com \u00e9s que per instal\u00b7lacions d\u2019autoconsum de pot\u00e8ncia superior a 15 kW, sovint es prefereix legalitzar la instal\u00b7laci\u00f3 en la modalitat d\u2019injecci\u00f3 0 en la que l\u2019empresa distribu\u00efdora no hi participa, tot i que aix\u00f2 signifiqui malbaratar una part m\u00e9s o menys important de la generaci\u00f3 d\u2019electricitat solar.Amb tot aix\u00f2, el resultat d\u2019aquest desastre \u00e9s que al final aconseguim tenir autoconsumidors frustrats i emprenyats perqu\u00e8 no gaudeixen de l\u2019estalvi del qual haurien de gaudir un cop han realitzat una inversi\u00f3 significativa, una administraci\u00f3 sobrepassada que no dona empara a aquests autoconsumidors emprenyats, una empresa distribu\u00efdora que cada cop es creu m\u00e9s forta i intocable, i unes empreses instal\u00b7ladores preses de la r\u00e0bia, desesperaci\u00f3 i des\u00e0nim per no poder donar als nostres clients una soluci\u00f3 satisfact\u00f2ria.No en tingueu pas cap dubte, Endesa juga amb tot aix\u00f2 per sortir-se amb la seva, perqu\u00e8 se sent poderosa, perqu\u00e8 sap que l\u2019administraci\u00f3 est\u00e0 sobrepassada per resoldre en temps totes les reclamacions que li arriben, i perqu\u00e8 sap de la desesperaci\u00f3 dels autoconsumidors que no es poden permetre tenir les seves instal\u00b7lacions sense valoritzar els excedents, o encara pitjor en els casos d\u2019autoconsums col\u00b7lectius, on la distribu\u00efdora no activa el comptador de generaci\u00f3 i els consumidors associats a la instal\u00b7laci\u00f3 de generaci\u00f3 no es poden repartir ni tan sols la seva producci\u00f3. Un drama.Aix\u00ed doncs, si alguna cosa hem apr\u00e8s \u00e9s que aquesta situaci\u00f3 no la resoldrem per la via d\u2019interposar reclamacions de manera sistem\u00e0tica, sin\u00f3 amb una regulaci\u00f3 estricta que no permeti a les distribu\u00efdores aturar l\u2019activaci\u00f3 dels autoconsums; i \u00e9s amb aquest objectiu que ens permetem empla\u00e7ar a la Direcci\u00f3 General d\u2019Energia a qu\u00e8 publiqui una instrucci\u00f3 t\u00e8cnica d\u2019obligat compliment que interpreti i estableixi de manera clara quin \u00e9s el procediment que han de seguir les empreses distribu\u00efdores per la modificaci\u00f3 dels contractes d\u2019acc\u00e9s dels consumidors associats a les instal\u00b7lacions d\u2019autoconsum. Nom\u00e9s aix\u00ed aconseguirem que l\u2019autoconsum esdevingui una realitat accessible per tot tipus de consumidors ( tamb\u00e9 empreses i autoconsums col\u00b7lectius).Per tant s\u00ed, felicitem-nos per l\u2019aven\u00e7 important que ha fet l\u2019autoconsum residencial en els darrers anys, per\u00f2 sobretot posem tamb\u00e9 remei al que no funciona perqu\u00e8 sin\u00f3&nbsp; al final, els arbres ens acabaran amagant el bosc tan xulo que tenim.Ens parlem ben aviat!! T&#8217;animem a comentar-nos que t&#8217;ha semblat i contacta amb nosaltres per a parlar la instal\u00b7laci\u00f3 de plaques solars o carregadors el\u00e8ctrics.&#8221;<br \/>\n            }<br \/>\n        }<br \/>\n    ]<br \/>\n}<\/p>{\n    &#8220;@context&#8221;: &#8220;https:\/\/schema.org&#8221;,\n    &#8220;@type&#8221;: &#8220;FAQPage&#8221;,\n    &#8220;mainEntity&#8221;: [\n        {\n            &#8220;@type&#8221;: &#8220;Question&#8221;,\n            &#8220;name&#8221;: &#8220;L&#8217;activaci\u00f3 dels contractes de l\u2019autoconsum.&#8221;,\n            &#8220;acceptedAnswer&#8221;: {\n                &#8220;@type&#8221;: &#8220;Answer&#8221;,\n                &#8220;text&#8221;: &#8220;En els darrers anys i d\u2019en\u00e7\u00e0 de l\u2019aprovaci\u00f3 del RD244\/2019, de 5 d\u2019abril, pel qual es regulen les condicions administratives, t\u00e8cniques i econ\u00f2miques de l\u2019autoconsum d\u2019energia el\u00e8ctrica, l\u2019autoconsum ha experimentat un fort creixement arreu de l\u2019estat espanyol, i ha perm\u00e8s a tot tipus de consumidors participar de manera activa en la transici\u00f3 energ\u00e8tica i l\u2019assoliment dels objectius d\u2019implantaci\u00f3 d\u2019energies renovables que s\u2019ha fixat l\u2019estat espanyol per l\u2019horitz\u00f3 de l\u2019any 2030.Segons dades d\u2019UNEF, a Espanya l\u2019any passat es va instal\u00b7lar un total de 2,5 GW d\u2019autoconsum, una xifra espectacular esperonada en bona part pels alts preus de l\u2019electricitat que vam haver de patir, i l\u2019arribada massiva de fons europeus per subvencionar una part important de les inversions en instal\u00b7lacions d\u2019autoconsum.A Catalunya, i segons dades del Registre d\u2019Autoconsum de Catalunya (RAC),&nbsp; a data 30 de setembre de 2023, ten\u00edem un total de 84.841 instal\u00b7lacions d\u2019energia solar fotovoltaica per autoconsum inscrites en aquest registre, xifra impressionat que, d\u2019altra banda ens posa en safata de plata la temptaci\u00f3 de caure en l\u2019autocomplaen\u00e7a i en l\u2019autofelicitaci\u00f3 f\u00e0cil per dir-nos que guapos i meravellosos que som, i que b\u00e9 que fem les coses.No obstant aix\u00f2, aquestes dades no han d\u2019amagar una altra realitat for\u00e7a m\u00e9s dram\u00e0tica i tenebrosa que igualment conv\u00e9 visibilitzar; d\u2019aquestes 84.841instal\u00b7lacions registrades, nom\u00e9s un 3,2% -2.737 instal\u00b7lacions \u2013 es corresponen a instal\u00b7lacions de pot\u00e8ncia compresa entre els 15 kW i 100 kW acollides al mecanisme de compensaci\u00f3 simplificat d\u2019excedents.&nbsp;\u00d2bviament hi haur\u00e0 qui dir\u00e0 que aquesta xifra s\u2019explica pel fet que el nombre d\u2019habitatges unifamiliars en les quals s\u2019instal\u00b7len majorit\u00e0riament els projectes de menor pot\u00e8ncia, \u00e9s molt superior al nombre d\u2019empreses que s\u00f3n objecte de projectes de major tamany; i s\u00ed, molt possiblement aquest raonament&nbsp; podria explicar-ho en part; no obstant aix\u00f2, tamb\u00e9&nbsp; cal&nbsp; que ens posem el dit a la llaga per preguntar-nos si el fet que d\u2019acord amb l\u2019article 7 del RD244\/2019, les instal\u00b7lacions de menys de 15 kW ubicades en s\u00f2l urbanitzable no requereixin permisos d\u2019acc\u00e9s i connexi\u00f3 per part de les empreses distribu\u00efdores d\u2019electricitat potser tamb\u00e9 hi tingui quelcom a veure.Per\u00f2 \u00e9s que el problema va molt m\u00e9s enll\u00e0, ja que de les 2.737 instal\u00b7lacions d\u2019entre 15 kW i 100 kW registrades al RAC, una part significativa encara no han pogut modificar el seu contracte d\u2019acc\u00e9s (activar el seu corresponent contracte d\u2019autoconsum), de manera que els excedents bolcats a la xarxa s\u00f3n regalats davant la impossibilitat de poder-los valoritzar i compensar.I \u00e9s que el que no poden amagar les dades i amb el que tots els professionals del sector estem d\u2019acord ara com ara,&nbsp; \u00e9s que l\u2019activaci\u00f3 dels contractes d\u2019autoconsum no est\u00e0 rutllant degut a les traves que principalment l\u2019empresa distribu\u00efdora majorit\u00e0ria a Catalunya \u2013 e-Distribuci\u00f3n y Redes Digitales SL (d\u2019ara endavant Endesa)- est\u00e0 posant de manera arbitr\u00e0ria i recurrent; i el que encara agreuja m\u00e9s la situaci\u00f3,&nbsp; l\u2019administraci\u00f3 catalana que en \u00fas de les seves compet\u00e8ncies hauria de donar empara normativa al conjunt de la ciutadania \u2013 molt possiblement no per manca de voluntat, sin\u00f3 per manca de recursos humans- no ha pogut posar encara fil a l\u2019agulla de manera decidida per tal d\u2019esmenar aquesta situaci\u00f3 tan greu pel conjunt d\u2019empreses o comunitats de ve\u00efns que volen fer el salt a l\u2019autoconsum.\u00c9s a dir, a Catalunya el 96,7% de les instal\u00b7lacions d\u2019autoconsum legalitzades es correspon amb aquelles que l\u2019empresa distribu\u00efdora no hi participa en tot el proc\u00e9s, o en altres paraules, a Catalunya la legalitzaci\u00f3 de les instal\u00b7lacions d\u2019autoconsum funciona perfectament quan Endesa no compareix en escena. Per tant, arribats a aquest punt conv\u00e9 desmitificar un altre mantra que darrerament s\u2019ha generalitzat entre el sector: la problem\u00e0tica de l\u2019autoconsum no es limita nom\u00e9s a la legalitzaci\u00f3 de les instal\u00b7lacions d\u2019autoconsum col\u00b7lectiu que tamb\u00e9, sin\u00f3 a la legalitzaci\u00f3 i activaci\u00f3 de contractes d\u2019autoconsum de totes aquelles instal\u00b7lacions en les quals d\u2019una manera o altra hi participa Endesa. Anem doncs al gra.Actualment, Endesa no est\u00e0 aplicant correctament la normativa vigent pel que correspon al procediment de modificaci\u00f3 dels contractes d\u2019acc\u00e9s (activaci\u00f3 dels contractes d\u2019autoconsum) dels consumidors associats a les instal\u00b7lacions generadores per autoconsum&nbsp; de pot\u00e8ncies compreses entre 15 kW i 100 kW, i segons la qual, aquesta modificaci\u00f3 hauria de fer-se autom\u00e0ticament per part de les empreses distribu\u00efdores d\u2019electricitat a partir de la documentaci\u00f3 que els remet la Direcci\u00f3 General d\u2019Energia de la Generalitat de Catalunya un cop la instal\u00b7laci\u00f3 generadora ha estat inscrita en el RAC.En aquest sentit, l\u2019article 8.1 del RD244\/2019, deixa molt que &ldquo;per aquells subjectes consumidors connectats en baixa tensi\u00f3, en els que la instal\u00b7laci\u00f3 generadora sigui de baixa tensi\u00f3 i la pot\u00e8ncia instal\u00b7lada de generaci\u00f3 sigui menor de 100 kW que realitzin autoconsum, la modificaci\u00f3 del contracte d\u2019acc\u00e9s ser\u00e0 realitzada per l\u2019empresa distribu\u00efdora a partir de la documentaci\u00f3 remesa per les comunitats aut\u00f2nomes i Ciutats de Ceuta i Melilla a aquesta empresa a conseq\u00fc\u00e8ncia de les obligacions incloses en el Reglament Electrot\u00e8cnic de Baixa Tensi\u00f3.&rdquo;Malgrat aix\u00f2, el que succeeix \u00e9s que quan la Direcci\u00f3 General d\u2019Energia de la Generalitat de Catalunya envia de manera puntual el certificat d\u2019inscripci\u00f3 d\u2019una instal\u00b7laci\u00f3 generadora en el RAC a l\u2019empresa distribu\u00efdora \u2013 permeteu-me emfatitzar, principalment Endesa-, aquesta&nbsp; est\u00e0 condicionant la modificaci\u00f3 del contracte d\u2019acc\u00e9s i la parametritzaci\u00f3 i activaci\u00f3 del comptador de generaci\u00f3, en els casos d\u2019autoconsum col\u00b7lectiu en el que \u00e9s obligat instal\u00b7lar aquest comptador, al resultat favorable d\u2019una inspecci\u00f3 pr\u00e8via que confirmi el compliment d\u2019all\u00f2 que es disposa en el Reglament Electrot\u00e8cnic de Baixa Tensi\u00f3.El problema de tot plegat \u00e9s que avui en dia Endesa est\u00e0 aplicant de manera err\u00f2nia i conscient \u2013 ja se li ha comunicat per activa i passiva en multitud d\u2019ocasions- l&#8217;article 8.2 del RD1699\/2011, de 18 de novembre, pel la qual cosa es regula la connexi\u00f3 a la xarxa d\u2019instal\u00b7lacions de producci\u00f3 d\u2019energia el\u00e8ctrica de petita pot\u00e8ncia, i el qual estipula que un cop &ldquo;efectuada la connexi\u00f3 de la instal\u00b7laci\u00f3 de generaci\u00f3, l\u2019empresa distribu\u00efdora podr\u00e0 realitzar en qualsevol moment una primera verificaci\u00f3 d\u2019aquells elements que afectin la regularitat i seguretat del subministrament, per la qual rebr\u00e0 del titular de la instal\u00b7laci\u00f3 el pagament dels drets previstos en la normativa vigent.&rdquo;Diem que l\u2019aplicaci\u00f3 \u00e9s err\u00f2nia,  doncs si b\u00e9 \u00e9s cert que l\u2019empresa distribu\u00efdora t\u00e9 la potestat per fer aquesta inspecci\u00f3 pr\u00e8via, el mateix article igualment estableix que &ldquo;el titular de la instal\u00b7laci\u00f3 de generaci\u00f3 quedar\u00e0 exempt de la verificaci\u00f3 pr\u00e8via per part de l&#8217;empresa distribu\u00efdora d&#8217;aquells elements que afectin la regularitat i seguretat del subministrament en el cas que es remeti a l&#8217;empresa distribu\u00efdora, el certificat de l&#8217;empresa instal\u00b7ladora en el que s&#8217;acrediti el compliment d&#8217;all\u00f2 disposat en el Reglament Electrot\u00e8cnic de Baixa Tensi\u00f3, aprovat pel RD842\/2022 de 2 d&#8217;agost.&rdquo;\u00c9s m\u00e9s el Decret Llei 24\/2021, de 26 d&#8217;octubre, d&#8217;acceleraci\u00f3 del desplegament de les energies renovables distribu\u00efdes i participades, disposa en l\u2019article 4.2, que &ldquo;la documentaci\u00f3 acreditativa de la inscripci\u00f3 al Registre d&#8217;Autoconsum de Catalunya (RAC) t\u00e9 la consideraci\u00f3 de documentaci\u00f3 remesa per l&#8217;Administraci\u00f3 de la Generalitat, i que les empreses distribu\u00efdores i comercialitzadores no poden requerir documentaci\u00f3 addicional per dur a terme la modificaci\u00f3 del contracte d&#8217;acc\u00e9s de l&#8217;autoconsumidor associat.&rdquo;.Per tant, amb la remissi\u00f3 del RAC per part de l\u2019Administraci\u00f3, les empreses distribu\u00efdores no necessiten res m\u00e9s per procedir a l\u2019activaci\u00f3 del corresponent contracte d\u2019autoconsum, donat que el RAC \u00e9s el certificat que justifica l\u2019assoliment i finalitzaci\u00f3 de tot el procediment administratiu de legalitzaci\u00f3 de la instal\u00b7laci\u00f3 generadora, incloent-hi la inscripci\u00f3 en el Registre d\u2019Instal\u00b7lacions&nbsp; T\u00e8cniques i de Seguretat Industrial de Catalunya (RITSIC), la qual certifica de manera responsable&nbsp; per part de l\u2019instal\u00b7lador el compliment del Reglament Electrot\u00e8cnic de Baixa Tensi\u00f3 de la instal\u00b7laci\u00f3 de generaci\u00f3.Tot aquest raonament, no exclou ni limita en cap cas la potestat de les empreses distribu\u00efdores a fer les inspeccions que considerin oportunes per tal d\u2019assegurar la seguretat de les instal\u00b7lacions, no obstant aix\u00f2, aquestes inspeccions, i d\u2019acord amb la legislaci\u00f3 vigent, en cap cas poden condicionar la corresponent activaci\u00f3 del contracte d\u2019autoconsum.Encara m\u00e9s, el mateix Reglament Electrot\u00e8cnic de Baixa Tensi\u00f3, en l\u2019article 9 de la ITC-BT-40 que correspon a les instal\u00b7lacions generadores de baixa tensi\u00f3, estableix que l\u2019empresa distribu\u00efdora podr\u00e0 &ldquo;verificar, abans de fer la posada en servei, que les instal\u00b7lacions d&#8217;interconnexi\u00f3 i altres elements que afectin la regularitat del subministrament estan fetes d&#8217;acord amb els reglaments en vigor. En cas de desacord es comunicar\u00e0 als \u00f2rgans competents de l\u2019Administraci\u00f3, per a la seva resoluci\u00f3&rdquo;\u00c9s a dir, l\u2019empresa distribu\u00efdora pot fer una inspecci\u00f3 pr\u00e8via, per\u00f2 en cap cas pot negar-se ni a activar el contracte d\u2019acc\u00e9s del consumidor associat a la instal\u00b7laci\u00f3 d\u2019autoconsum, ni negar-se a parametritzar i activar el comptador de generaci\u00f3 de les instal\u00b7lacions col\u00b7lectives; i sobretot i molt important, en cas que la inspecci\u00f3 no tingui un resultat favorable i no hi hagi acord amb el consumidor, l\u2019empresa distribu\u00efdora ha de comunicar aquest desacord a l\u2019\u00f2rgan competent en mat\u00e8ria de seguretat industrial, que a Catalunya li correspon a la Subdirecci\u00f3 General de Seguretat Industrial.Malauradament en l\u2019actualitat Endesa est\u00e0 fent tot el contrari, donat que est\u00e0 condicionant l\u2019activaci\u00f3 dels contractes d\u2019autoconsum al resultat favorable d\u2019una inspecci\u00f3 pr\u00e8via que a m\u00e9s a m\u00e9s realitza amb criteris subjectius sobre el compliment del Reglament Electrot\u00e8cnic de Baixa Tensi\u00f3 i que en la gran majoria de casos comporta una despesa addicional per part del propietari de la instal\u00b7laci\u00f3 d\u2019autoconsum al qual s\u2019obliga a adaptar la seva instal\u00b7laci\u00f3 d\u2019enlla\u00e7 (no la instal\u00b7laci\u00f3 generadora) a la darrera versi\u00f3 de norma interna NRZ103 de la mateixa Endesa.I en el moment que l\u2019autoconsumidor aixeca la m\u00e0 i diu no estic d\u2019acord, Endesa, fent cas om\u00eds del que estableix la normativa, no comunica a la Subdirecci\u00f3 General de Seguretat Industrial el desacord, amb la qual cosa, aquesta no pot resoldre el conflicte, i mentrestant el contracte d\u2019autoconsum i el comptador de generaci\u00f3 no queden activats a l\u2019espera que el propietari adeq\u00fci la instal\u00b7laci\u00f3 generadora als criteris de seguretat d\u2019Endesa.Tot plegat un maldecap, que empitjora en el moment que s\u2019interposa una reclamaci\u00f3 davant la Direcci\u00f3 General d\u2019Energia de Catalunya, l\u2019\u00f2rgan competent en mat\u00e8ria d\u2019energia a Catalunya, donat que el terminis de resposta a les reclamacions, molt possiblement degut al col\u00b7lapse que suposa tenir molts expedients per resoldre i uns recursos personals molt limitats, s\u00f3n superiors a l\u2019any (no \u00e9s conya, i tampoc \u00e9s una hip\u00e8rbole liter\u00e0ria).I despr\u00e9s ens preguntem com \u00e9s que per instal\u00b7lacions d\u2019autoconsum de pot\u00e8ncia superior a 15 kW, sovint es prefereix legalitzar la instal\u00b7laci\u00f3 en la modalitat d\u2019injecci\u00f3 0 en la que l\u2019empresa distribu\u00efdora no hi participa, tot i que aix\u00f2 signifiqui malbaratar una part m\u00e9s o menys important de la generaci\u00f3 d\u2019electricitat solar.Amb tot aix\u00f2, el resultat d\u2019aquest desastre \u00e9s que al final aconseguim tenir autoconsumidors frustrats i emprenyats perqu\u00e8 no gaudeixen de l\u2019estalvi del qual haurien de gaudir un cop han realitzat una inversi\u00f3 significativa, una administraci\u00f3 sobrepassada que no dona empara a aquests autoconsumidors emprenyats, una empresa distribu\u00efdora que cada cop es creu m\u00e9s forta i intocable, i unes empreses instal\u00b7ladores preses de la r\u00e0bia, desesperaci\u00f3 i des\u00e0nim per no poder donar als nostres clients una soluci\u00f3 satisfact\u00f2ria.No en tingueu pas cap dubte, Endesa juga amb tot aix\u00f2 per sortir-se amb la seva, perqu\u00e8 se sent poderosa, perqu\u00e8 sap que l\u2019administraci\u00f3 est\u00e0 sobrepassada per resoldre en temps totes les reclamacions que li arriben, i perqu\u00e8 sap de la desesperaci\u00f3 dels autoconsumidors que no es poden permetre tenir les seves instal\u00b7lacions sense valoritzar els excedents, o encara pitjor en els casos d\u2019autoconsums col\u00b7lectius, on la distribu\u00efdora no activa el comptador de generaci\u00f3 i els consumidors associats a la instal\u00b7laci\u00f3 de generaci\u00f3 no es poden repartir ni tan sols la seva producci\u00f3. Un drama.Aix\u00ed doncs, si alguna cosa hem apr\u00e8s \u00e9s que aquesta situaci\u00f3 no la resoldrem per la via d\u2019interposar reclamacions de manera sistem\u00e0tica, sin\u00f3 amb una regulaci\u00f3 estricta que no permeti a les distribu\u00efdores aturar l\u2019activaci\u00f3 dels autoconsums; i \u00e9s amb aquest objectiu que ens permetem empla\u00e7ar a la Direcci\u00f3 General d\u2019Energia a qu\u00e8 publiqui una instrucci\u00f3 t\u00e8cnica d\u2019obligat compliment que interpreti i estableixi de manera clara quin \u00e9s el procediment que han de seguir les empreses distribu\u00efdores per la modificaci\u00f3 dels contractes d\u2019acc\u00e9s dels consumidors associats a les instal\u00b7lacions d\u2019autoconsum. Nom\u00e9s aix\u00ed aconseguirem que l\u2019autoconsum esdevingui una realitat accessible per tot tipus de consumidors ( tamb\u00e9 empreses i autoconsums col\u00b7lectius).Per tant s\u00ed, felicitem-nos per l\u2019aven\u00e7 important que ha fet l\u2019autoconsum residencial en els darrers anys, per\u00f2 sobretot posem tamb\u00e9 remei al que no funciona perqu\u00e8 sin\u00f3&nbsp; al final, els arbres ens acabaran amagant el bosc tan xulo que tenim.Ens parlem ben aviat!! T&#8217;animem a comentar-nos que t&#8217;ha semblat i contacta amb nosaltres per a parlar la instal\u00b7laci\u00f3 de plaques solars o carregadors el\u00e8ctrics.{    &quot;@context&quot;: &quot;https:\/\/schema.org&quot;,    &quot;@type&quot;: &quot;FAQPage&quot;,    &quot;mainEntity&quot;: }&#8221;\n            }\n        }\n    ]\n}{\n    &#8220;@context&#8221;: &#8220;https:\/\/schema.org&#8221;,\n    &#8220;@type&#8221;: &#8220;FAQPage&#8221;,\n    &#8220;mainEntity&#8221;: [\n        {\n            &#8220;@type&#8221;: &#8220;Question&#8221;,\n            &#8220;name&#8221;: &#8220;L&#8217;activaci\u00f3 dels contractes de l\u2019autoconsum.&#8221;,\n            &#8220;acceptedAnswer&#8221;: {\n                &#8220;@type&#8221;: &#8220;Answer&#8221;,\n                &#8220;text&#8221;: &#8220;En els darrers anys i d\u2019en\u00e7\u00e0 de l\u2019aprovaci\u00f3 del RD244\/2019, de 5 d\u2019abril, pel qual es regulen les condicions administratives, t\u00e8cniques i econ\u00f2miques de l\u2019autoconsum d\u2019energia el\u00e8ctrica, l\u2019autoconsum ha experimentat un fort creixement arreu de l\u2019estat espanyol, i ha perm\u00e8s a tot tipus de consumidors participar de manera activa en la transici\u00f3 energ\u00e8tica i l\u2019assoliment dels objectius d\u2019implantaci\u00f3 d\u2019energies renovables que s\u2019ha fixat l\u2019estat espanyol per l\u2019horitz\u00f3 de l\u2019any 2030.Segons dades d\u2019UNEF, a Espanya l\u2019any passat es va instal\u00b7lar un total de 2,5 GW d\u2019autoconsum, una xifra espectacular esperonada en bona part pels alts preus de l\u2019electricitat que vam haver de patir, i l\u2019arribada massiva de fons europeus per subvencionar una part important de les inversions en instal\u00b7lacions d\u2019autoconsum.A Catalunya, i segons dades del Registre d\u2019Autoconsum de Catalunya (RAC),&nbsp; a data 30 de setembre de 2023, ten\u00edem un total de 84.841 instal\u00b7lacions d\u2019energia solar fotovoltaica per autoconsum inscrites en aquest registre, xifra impressionat que, d\u2019altra banda ens posa en safata de plata la temptaci\u00f3 de caure en l\u2019autocomplaen\u00e7a i en l\u2019autofelicitaci\u00f3 f\u00e0cil per dir-nos que guapos i meravellosos que som, i que b\u00e9 que fem les coses.No obstant aix\u00f2, aquestes dades no han d\u2019amagar una altra realitat for\u00e7a m\u00e9s dram\u00e0tica i tenebrosa que igualment conv\u00e9 visibilitzar; d\u2019aquestes 84.841instal\u00b7lacions registrades, nom\u00e9s un 3,2% -2.737 instal\u00b7lacions \u2013 es corresponen a instal\u00b7lacions de pot\u00e8ncia compresa entre els 15 kW i 100 kW acollides al mecanisme de compensaci\u00f3 simplificat d\u2019excedents.&nbsp;\u00d2bviament hi haur\u00e0 qui dir\u00e0 que aquesta xifra s\u2019explica pel fet que el nombre d\u2019habitatges unifamiliars en les quals s\u2019instal\u00b7len majorit\u00e0riament els projectes de menor pot\u00e8ncia, \u00e9s molt superior al nombre d\u2019empreses que s\u00f3n objecte de projectes de major tamany; i s\u00ed, molt possiblement aquest raonament&nbsp; podria explicar-ho en part; no obstant aix\u00f2, tamb\u00e9&nbsp; cal&nbsp; que ens posem el dit a la llaga per preguntar-nos si el fet que d\u2019acord amb l\u2019article 7 del RD244\/2019, les instal\u00b7lacions de menys de 15 kW ubicades en s\u00f2l urbanitzable no requereixin permisos d\u2019acc\u00e9s i connexi\u00f3 per part de les empreses distribu\u00efdores d\u2019electricitat potser tamb\u00e9 hi tingui quelcom a veure.Per\u00f2 \u00e9s que el problema va molt m\u00e9s enll\u00e0, ja que de les 2.737 instal\u00b7lacions d\u2019entre 15 kW i 100 kW registrades al RAC, una part significativa encara no han pogut modificar el seu contracte d\u2019acc\u00e9s (activar el seu corresponent contracte d\u2019autoconsum), de manera que els excedents bolcats a la xarxa s\u00f3n regalats davant la impossibilitat de poder-los valoritzar i compensar.I \u00e9s que el que no poden amagar les dades i amb el que tots els professionals del sector estem d\u2019acord ara com ara,&nbsp; \u00e9s que l\u2019activaci\u00f3 dels contractes d\u2019autoconsum no est\u00e0 rutllant degut a les traves que principalment l\u2019empresa distribu\u00efdora majorit\u00e0ria a Catalunya \u2013 e-Distribuci\u00f3n y Redes Digitales SL (d\u2019ara endavant Endesa)- est\u00e0 posant de manera arbitr\u00e0ria i recurrent; i el que encara agreuja m\u00e9s la situaci\u00f3,&nbsp; l\u2019administraci\u00f3 catalana que en \u00fas de les seves compet\u00e8ncies hauria de donar empara normativa al conjunt de la ciutadania \u2013 molt possiblement no per manca de voluntat, sin\u00f3 per manca de recursos humans- no ha pogut posar encara fil a l\u2019agulla de manera decidida per tal d\u2019esmenar aquesta situaci\u00f3 tan greu pel conjunt d\u2019empreses o comunitats de ve\u00efns que volen fer el salt a l\u2019autoconsum.\u00c9s a dir, a Catalunya el 96,7% de les instal\u00b7lacions d\u2019autoconsum legalitzades es correspon amb aquelles que l\u2019empresa distribu\u00efdora no hi participa en tot el proc\u00e9s, o en altres paraules, a Catalunya la legalitzaci\u00f3 de les instal\u00b7lacions d\u2019autoconsum funciona perfectament quan Endesa no compareix en escena. Per tant, arribats a aquest punt conv\u00e9 desmitificar un altre mantra que darrerament s\u2019ha generalitzat entre el sector: la problem\u00e0tica de l\u2019autoconsum no es limita nom\u00e9s a la legalitzaci\u00f3 de les instal\u00b7lacions d\u2019autoconsum col\u00b7lectiu que tamb\u00e9, sin\u00f3 a la legalitzaci\u00f3 i activaci\u00f3 de contractes d\u2019autoconsum de totes aquelles instal\u00b7lacions en les quals d\u2019una manera o altra hi participa Endesa. Anem doncs al gra.Actualment, Endesa no est\u00e0 aplicant correctament la normativa vigent pel que correspon al procediment de modificaci\u00f3 dels contractes d\u2019acc\u00e9s (activaci\u00f3 dels contractes d\u2019autoconsum) dels consumidors associats a les instal\u00b7lacions generadores per autoconsum&nbsp; de pot\u00e8ncies compreses entre 15 kW i 100 kW, i segons la qual, aquesta modificaci\u00f3 hauria de fer-se autom\u00e0ticament per part de les empreses distribu\u00efdores d\u2019electricitat a partir de la documentaci\u00f3 que els remet la Direcci\u00f3 General d\u2019Energia de la Generalitat de Catalunya un cop la instal\u00b7laci\u00f3 generadora ha estat inscrita en el RAC.En aquest sentit, l\u2019article 8.1 del RD244\/2019, deixa molt que &ldquo;per aquells subjectes consumidors connectats en baixa tensi\u00f3, en els que la instal\u00b7laci\u00f3 generadora sigui de baixa tensi\u00f3 i la pot\u00e8ncia instal\u00b7lada de generaci\u00f3 sigui menor de 100 kW que realitzin autoconsum, la modificaci\u00f3 del contracte d\u2019acc\u00e9s ser\u00e0 realitzada per l\u2019empresa distribu\u00efdora a partir de la documentaci\u00f3 remesa per les comunitats aut\u00f2nomes i Ciutats de Ceuta i Melilla a aquesta empresa a conseq\u00fc\u00e8ncia de les obligacions incloses en el Reglament Electrot\u00e8cnic de Baixa Tensi\u00f3.&rdquo;Malgrat aix\u00f2, el que succeeix \u00e9s que quan la Direcci\u00f3 General d\u2019Energia de la Generalitat de Catalunya envia de manera puntual el certificat d\u2019inscripci\u00f3 d\u2019una instal\u00b7laci\u00f3 generadora en el RAC a l\u2019empresa distribu\u00efdora \u2013 permeteu-me emfatitzar, principalment Endesa-, aquesta&nbsp; est\u00e0 condicionant la modificaci\u00f3 del contracte d\u2019acc\u00e9s i la parametritzaci\u00f3 i activaci\u00f3 del comptador de generaci\u00f3, en els casos d\u2019autoconsum col\u00b7lectiu en el que \u00e9s obligat instal\u00b7lar aquest comptador, al resultat favorable d\u2019una inspecci\u00f3 pr\u00e8via que confirmi el compliment d\u2019all\u00f2 que es disposa en el Reglament Electrot\u00e8cnic de Baixa Tensi\u00f3.El problema de tot plegat \u00e9s que avui en dia Endesa est\u00e0 aplicant de manera err\u00f2nia i conscient \u2013 ja se li ha comunicat per activa i passiva en multitud d\u2019ocasions- l&#8217;article 8.2 del RD1699\/2011, de 18 de novembre, pel la qual cosa es regula la connexi\u00f3 a la xarxa d\u2019instal\u00b7lacions de producci\u00f3 d\u2019energia el\u00e8ctrica de petita pot\u00e8ncia, i el qual estipula que un cop &ldquo;efectuada la connexi\u00f3 de la instal\u00b7laci\u00f3 de generaci\u00f3, l\u2019empresa distribu\u00efdora podr\u00e0 realitzar en qualsevol moment una primera verificaci\u00f3 d\u2019aquells elements que afectin la regularitat i seguretat del subministrament, per la qual rebr\u00e0 del titular de la instal\u00b7laci\u00f3 el pagament dels drets previstos en la normativa vigent.&rdquo;Diem que l\u2019aplicaci\u00f3 \u00e9s err\u00f2nia,  doncs si b\u00e9 \u00e9s cert que l\u2019empresa distribu\u00efdora t\u00e9 la potestat per fer aquesta inspecci\u00f3 pr\u00e8via, el mateix article igualment estableix que &ldquo;el titular de la instal\u00b7laci\u00f3 de generaci\u00f3 quedar\u00e0 exempt de la verificaci\u00f3 pr\u00e8via per part de l&#8217;empresa distribu\u00efdora d&#8217;aquells elements que afectin la regularitat i seguretat del subministrament en el cas que es remeti a l&#8217;empresa distribu\u00efdora, el certificat de l&#8217;empresa instal\u00b7ladora en el que s&#8217;acrediti el compliment d&#8217;all\u00f2 disposat en el Reglament Electrot\u00e8cnic de Baixa Tensi\u00f3, aprovat pel RD842\/2022 de 2 d&#8217;agost.&rdquo;\u00c9s m\u00e9s el Decret Llei 24\/2021, de 26 d&#8217;octubre, d&#8217;acceleraci\u00f3 del desplegament de les energies renovables distribu\u00efdes i participades, disposa en l\u2019article 4.2, que &ldquo;la documentaci\u00f3 acreditativa de la inscripci\u00f3 al Registre d&#8217;Autoconsum de Catalunya (RAC) t\u00e9 la consideraci\u00f3 de documentaci\u00f3 remesa per l&#8217;Administraci\u00f3 de la Generalitat, i que les empreses distribu\u00efdores i comercialitzadores no poden requerir documentaci\u00f3 addicional per dur a terme la modificaci\u00f3 del contracte d&#8217;acc\u00e9s de l&#8217;autoconsumidor associat.&rdquo;.Per tant, amb la remissi\u00f3 del RAC per part de l\u2019Administraci\u00f3, les empreses distribu\u00efdores no necessiten res m\u00e9s per procedir a l\u2019activaci\u00f3 del corresponent contracte d\u2019autoconsum, donat que el RAC \u00e9s el certificat que justifica l\u2019assoliment i finalitzaci\u00f3 de tot el procediment administratiu de legalitzaci\u00f3 de la instal\u00b7laci\u00f3 generadora, incloent-hi la inscripci\u00f3 en el Registre d\u2019Instal\u00b7lacions&nbsp; T\u00e8cniques i de Seguretat Industrial de Catalunya (RITSIC), la qual certifica de manera responsable&nbsp; per part de l\u2019instal\u00b7lador el compliment del Reglament Electrot\u00e8cnic de Baixa Tensi\u00f3 de la instal\u00b7laci\u00f3 de generaci\u00f3.Tot aquest raonament, no exclou ni limita en cap cas la potestat de les empreses distribu\u00efdores a fer les inspeccions que considerin oportunes per tal d\u2019assegurar la seguretat de les instal\u00b7lacions, no obstant aix\u00f2, aquestes inspeccions, i d\u2019acord amb la legislaci\u00f3 vigent, en cap cas poden condicionar la corresponent activaci\u00f3 del contracte d\u2019autoconsum.Encara m\u00e9s, el mateix Reglament Electrot\u00e8cnic de Baixa Tensi\u00f3, en l\u2019article 9 de la ITC-BT-40 que correspon a les instal\u00b7lacions generadores de baixa tensi\u00f3, estableix que l\u2019empresa distribu\u00efdora podr\u00e0 &ldquo;verificar, abans de fer la posada en servei, que les instal\u00b7lacions d&#8217;interconnexi\u00f3 i altres elements que afectin la regularitat del subministrament estan fetes d&#8217;acord amb els reglaments en vigor. En cas de desacord es comunicar\u00e0 als \u00f2rgans competents de l\u2019Administraci\u00f3, per a la seva resoluci\u00f3&rdquo;\u00c9s a dir, l\u2019empresa distribu\u00efdora pot fer una inspecci\u00f3 pr\u00e8via, per\u00f2 en cap cas pot negar-se ni a activar el contracte d\u2019acc\u00e9s del consumidor associat a la instal\u00b7laci\u00f3 d\u2019autoconsum, ni negar-se a parametritzar i activar el comptador de generaci\u00f3 de les instal\u00b7lacions col\u00b7lectives; i sobretot i molt important, en cas que la inspecci\u00f3 no tingui un resultat favorable i no hi hagi acord amb el consumidor, l\u2019empresa distribu\u00efdora ha de comunicar aquest desacord a l\u2019\u00f2rgan competent en mat\u00e8ria de seguretat industrial, que a Catalunya li correspon a la Subdirecci\u00f3 General de Seguretat Industrial.Malauradament en l\u2019actualitat Endesa est\u00e0 fent tot el contrari, donat que est\u00e0 condicionant l\u2019activaci\u00f3 dels contractes d\u2019autoconsum al resultat favorable d\u2019una inspecci\u00f3 pr\u00e8via que a m\u00e9s a m\u00e9s realitza amb criteris subjectius sobre el compliment del Reglament Electrot\u00e8cnic de Baixa Tensi\u00f3 i que en la gran majoria de casos comporta una despesa addicional per part del propietari de la instal\u00b7laci\u00f3 d\u2019autoconsum al qual s\u2019obliga a adaptar la seva instal\u00b7laci\u00f3 d\u2019enlla\u00e7 (no la instal\u00b7laci\u00f3 generadora) a la darrera versi\u00f3 de norma interna NRZ103 de la mateixa Endesa.I en el moment que l\u2019autoconsumidor aixeca la m\u00e0 i diu no estic d\u2019acord, Endesa, fent cas om\u00eds del que estableix la normativa, no comunica a la Subdirecci\u00f3 General de Seguretat Industrial el desacord, amb la qual cosa, aquesta no pot resoldre el conflicte, i mentrestant el contracte d\u2019autoconsum i el comptador de generaci\u00f3 no queden activats a l\u2019espera que el propietari adeq\u00fci la instal\u00b7laci\u00f3 generadora als criteris de seguretat d\u2019Endesa.Tot plegat un maldecap, que empitjora en el moment que s\u2019interposa una reclamaci\u00f3 davant la Direcci\u00f3 General d\u2019Energia de Catalunya, l\u2019\u00f2rgan competent en mat\u00e8ria d\u2019energia a Catalunya, donat que el terminis de resposta a les reclamacions, molt possiblement degut al col\u00b7lapse que suposa tenir molts expedients per resoldre i uns recursos personals molt limitats, s\u00f3n superiors a l\u2019any (no \u00e9s conya, i tampoc \u00e9s una hip\u00e8rbole liter\u00e0ria).I despr\u00e9s ens preguntem com \u00e9s que per instal\u00b7lacions d\u2019autoconsum de pot\u00e8ncia superior a 15 kW, sovint es prefereix legalitzar la instal\u00b7laci\u00f3 en la modalitat d\u2019injecci\u00f3 0 en la que l\u2019empresa distribu\u00efdora no hi participa, tot i que aix\u00f2 signifiqui malbaratar una part m\u00e9s o menys important de la generaci\u00f3 d\u2019electricitat solar.Amb tot aix\u00f2, el resultat d\u2019aquest desastre \u00e9s que al final aconseguim tenir autoconsumidors frustrats i emprenyats perqu\u00e8 no gaudeixen de l\u2019estalvi del qual haurien de gaudir un cop han realitzat una inversi\u00f3 significativa, una administraci\u00f3 sobrepassada que no dona empara a aquests autoconsumidors emprenyats, una empresa distribu\u00efdora que cada cop es creu m\u00e9s forta i intocable, i unes empreses instal\u00b7ladores preses de la r\u00e0bia, desesperaci\u00f3 i des\u00e0nim per no poder donar als nostres clients una soluci\u00f3 satisfact\u00f2ria.No en tingueu pas cap dubte, Endesa juga amb tot aix\u00f2 per sortir-se amb la seva, perqu\u00e8 se sent poderosa, perqu\u00e8 sap que l\u2019administraci\u00f3 est\u00e0 sobrepassada per resoldre en temps totes les reclamacions que li arriben, i perqu\u00e8 sap de la desesperaci\u00f3 dels autoconsumidors que no es poden permetre tenir les seves instal\u00b7lacions sense valoritzar els excedents, o encara pitjor en els casos d\u2019autoconsums col\u00b7lectius, on la distribu\u00efdora no activa el comptador de generaci\u00f3 i els consumidors associats a la instal\u00b7laci\u00f3 de generaci\u00f3 no es poden repartir ni tan sols la seva producci\u00f3. Un drama.Aix\u00ed doncs, si alguna cosa hem apr\u00e8s \u00e9s que aquesta situaci\u00f3 no la resoldrem per la via d\u2019interposar reclamacions de manera sistem\u00e0tica, sin\u00f3 amb una regulaci\u00f3 estricta que no permeti a les distribu\u00efdores aturar l\u2019activaci\u00f3 dels autoconsums; i \u00e9s amb aquest objectiu que ens permetem empla\u00e7ar a la Direcci\u00f3 General d\u2019Energia a qu\u00e8 publiqui una instrucci\u00f3 t\u00e8cnica d\u2019obligat compliment que interpreti i estableixi de manera clara quin \u00e9s el procediment que han de seguir les empreses distribu\u00efdores per la modificaci\u00f3 dels contractes d\u2019acc\u00e9s dels consumidors associats a les instal\u00b7lacions d\u2019autoconsum. Nom\u00e9s aix\u00ed aconseguirem que l\u2019autoconsum esdevingui una realitat accessible per tot tipus de consumidors ( tamb\u00e9 empreses i autoconsums col\u00b7lectius).Per tant s\u00ed, felicitem-nos per l\u2019aven\u00e7 important que ha fet l\u2019autoconsum residencial en els darrers anys, per\u00f2 sobretot posem tamb\u00e9 remei al que no funciona perqu\u00e8 sin\u00f3&nbsp; al final, els arbres ens acabaran amagant el bosc tan xulo que tenim.Ens parlem ben aviat!! T&#8217;animem a comentar-nos que t&#8217;ha semblat i contacta amb nosaltres per a parlar la instal\u00b7laci\u00f3 de plaques solars o carregadors el\u00e8ctrics.{    &quot;@context&quot;: &quot;https:\/\/schema.org&quot;,    &quot;@type&quot;: &quot;FAQPage&quot;,    &quot;mainEntity&quot;: }{    &quot;@context&quot;: &quot;https:\/\/schema.org&quot;,    &quot;@type&quot;: &quot;FAQPage&quot;,    &quot;mainEntity&quot;: }&#8221;\n            }\n        }\n    ]\n}\n\n<div class=\"kk-star-ratings kksr-auto kksr-align-left kksr-valign-bottom\"\n    data-payload='{&quot;align&quot;:&quot;left&quot;,&quot;id&quot;:&quot;10063&quot;,&quot;slug&quot;:&quot;default&quot;,&quot;valign&quot;:&quot;bottom&quot;,&quot;ignore&quot;:&quot;&quot;,&quot;reference&quot;:&quot;auto&quot;,&quot;class&quot;:&quot;&quot;,&quot;count&quot;:&quot;2&quot;,&quot;legendonly&quot;:&quot;&quot;,&quot;readonly&quot;:&quot;&quot;,&quot;score&quot;:&quot;5&quot;,&quot;starsonly&quot;:&quot;&quot;,&quot;best&quot;:&quot;5&quot;,&quot;gap&quot;:&quot;5&quot;,&quot;greet&quot;:&quot;Valora este post&quot;,&quot;legend&quot;:&quot;5\\\/5 - (2 votes)&quot;,&quot;size&quot;:&quot;24&quot;,&quot;title&quot;:&quot;La cara trista de l\u2019autoconsum&quot;,&quot;width&quot;:&quot;142.5&quot;,&quot;_legend&quot;:&quot;{score}\\\/{best} - ({count} {votes})&quot;,&quot;font_factor&quot;:&quot;1.25&quot;}'>\n            \n<div class=\"kksr-stars\">\n    \n<div class=\"kksr-stars-inactive\">\n            <div class=\"kksr-star\" data-star=\"1\" style=\"padding-right: 5px\">\n            \n\n<div class=\"kksr-icon\" style=\"width: 24px; height: 24px;\"><\/div>\n        <\/div>\n            <div class=\"kksr-star\" data-star=\"2\" style=\"padding-right: 5px\">\n            \n\n<div class=\"kksr-icon\" style=\"width: 24px; height: 24px;\"><\/div>\n        <\/div>\n            <div class=\"kksr-star\" data-star=\"3\" style=\"padding-right: 5px\">\n            \n\n<div class=\"kksr-icon\" style=\"width: 24px; height: 24px;\"><\/div>\n        <\/div>\n            <div class=\"kksr-star\" data-star=\"4\" style=\"padding-right: 5px\">\n            \n\n<div class=\"kksr-icon\" style=\"width: 24px; height: 24px;\"><\/div>\n        <\/div>\n            <div class=\"kksr-star\" data-star=\"5\" style=\"padding-right: 5px\">\n            \n\n<div class=\"kksr-icon\" style=\"width: 24px; height: 24px;\"><\/div>\n        <\/div>\n    <\/div>\n    \n<div class=\"kksr-stars-active\" style=\"width: 142.5px;\">\n            <div class=\"kksr-star\" style=\"padding-right: 5px\">\n            \n\n<div class=\"kksr-icon\" style=\"width: 24px; height: 24px;\"><\/div>\n        <\/div>\n            <div class=\"kksr-star\" style=\"padding-right: 5px\">\n            \n\n<div class=\"kksr-icon\" style=\"width: 24px; height: 24px;\"><\/div>\n        <\/div>\n            <div class=\"kksr-star\" style=\"padding-right: 5px\">\n            \n\n<div class=\"kksr-icon\" style=\"width: 24px; height: 24px;\"><\/div>\n        <\/div>\n            <div class=\"kksr-star\" style=\"padding-right: 5px\">\n            \n\n<div class=\"kksr-icon\" style=\"width: 24px; height: 24px;\"><\/div>\n        <\/div>\n            <div class=\"kksr-star\" style=\"padding-right: 5px\">\n            \n\n<div class=\"kksr-icon\" style=\"width: 24px; height: 24px;\"><\/div>\n        <\/div>\n    <\/div>\n<\/div>\n                \n\n<div class=\"kksr-legend\" style=\"font-size: 19.2px;\">\n            5\/5 - (2 votes)    <\/div>\n    <\/div>\n","protected":false},"excerpt":{"rendered":"<p>L&#8217;activaci\u00f3 dels contractes de l\u2019autoconsum. En els darrers anys i d\u2019en\u00e7\u00e0 de l\u2019aprovaci\u00f3 del RD244\/2019, de 5 d\u2019abril, pel qual es regulen les condicions administratives, t\u00e8cniques i econ\u00f2miques de l\u2019autoconsum d\u2019energia el\u00e8ctrica, l\u2019autoconsum ha experimentat un fort creixement arreu de l\u2019estat espanyol, i ha perm\u00e8s a tot tipus de consumidors participar de manera activa en &hellip; <a href=\"https:\/\/solartradex.com\/blog\/ca\/la-cara-trista-de-lautoconsum\/\" class=\"more-link\">Continua la lectura de <span class=\"screen-reader-text\">La cara trista de l\u2019autoconsum<\/span> <span class=\"meta-nav\">&rarr;<\/span><\/a><\/p>\n","protected":false},"author":2,"featured_media":10065,"comment_status":"open","ping_status":"closed","sticky":false,"template":"","format":"standard","meta":{"inline_featured_image":false,"_mbp_gutenberg_autopost":false,"footnotes":""},"categories":[142],"tags":[],"class_list":["post-10063","post","type-post","status-publish","format-standard","has-post-thumbnail","hentry","category-autoconsum"],"fimg_url":"https:\/\/solartradex.com\/blog\/wp-content\/uploads\/2023\/11\/cara-triste-autoconsumo-1.png","post_mailing_queue_ids":[],"_links":{"self":[{"href":"https:\/\/solartradex.com\/blog\/ca\/wp-json\/wp\/v2\/posts\/10063","targetHints":{"allow":["GET"]}}],"collection":[{"href":"https:\/\/solartradex.com\/blog\/ca\/wp-json\/wp\/v2\/posts"}],"about":[{"href":"https:\/\/solartradex.com\/blog\/ca\/wp-json\/wp\/v2\/types\/post"}],"author":[{"embeddable":true,"href":"https:\/\/solartradex.com\/blog\/ca\/wp-json\/wp\/v2\/users\/2"}],"replies":[{"embeddable":true,"href":"https:\/\/solartradex.com\/blog\/ca\/wp-json\/wp\/v2\/comments?post=10063"}],"version-history":[{"count":2,"href":"https:\/\/solartradex.com\/blog\/ca\/wp-json\/wp\/v2\/posts\/10063\/revisions"}],"predecessor-version":[{"id":10247,"href":"https:\/\/solartradex.com\/blog\/ca\/wp-json\/wp\/v2\/posts\/10063\/revisions\/10247"}],"wp:featuredmedia":[{"embeddable":true,"href":"https:\/\/solartradex.com\/blog\/ca\/wp-json\/wp\/v2\/media\/10065"}],"wp:attachment":[{"href":"https:\/\/solartradex.com\/blog\/ca\/wp-json\/wp\/v2\/media?parent=10063"}],"wp:term":[{"taxonomy":"category","embeddable":true,"href":"https:\/\/solartradex.com\/blog\/ca\/wp-json\/wp\/v2\/categories?post=10063"},{"taxonomy":"post_tag","embeddable":true,"href":"https:\/\/solartradex.com\/blog\/ca\/wp-json\/wp\/v2\/tags?post=10063"}],"curies":[{"name":"wp","href":"https:\/\/api.w.org\/{rel}","templated":true}]}}