{"id":10305,"date":"2024-06-10T13:00:52","date_gmt":"2024-06-10T11:00:52","guid":{"rendered":"https:\/\/solartradex.com\/blog\/?p=10305"},"modified":"2026-04-10T10:44:03","modified_gmt":"2026-04-10T08:44:03","slug":"com-cobrar-la-subvencio-de-la-instalacio-solar","status":"publish","type":"post","link":"https:\/\/solartradex.com\/blog\/ca\/com-cobrar-la-subvencio-de-la-instalacio-solar\/","title":{"rendered":"Com cobrar la subvenci\u00f3 de la teva instal\u00b7laci\u00f3 solar si la teva empresa instal\u00b7ladora ja no existeix o no contesta. Guia completa."},"content":{"rendered":"\n<p>Les subvencions Next Generation per a l&#8217;autoconsum a Catalunya s&#8217;han convertit en un malson per a tots els implicats. L&#8217;administraci\u00f3 no ha estat capa\u00e7 de gestionar l&#8217;allau de sol\u00b7licituds rebudes, milers de ciutadans esperen amb frustraci\u00f3 la concessi\u00f3 de les subvencions i les empreses instal\u00b7ladores s&#8217;enfronten a un futur incert. Aquestes subvencions, malgrat la seva bona intenci\u00f3, han creat una sobredemanda artificial que ha perjudicat greument el sector.<\/p>\n\n\n\n<!--more-->\n\n\n\n<figure class=\"wp-block-image size-full is-resized\"><img fetchpriority=\"high\" decoding=\"async\" width=\"849\" height=\"565\" src=\"https:\/\/solartradex.com\/blog\/wp-content\/uploads\/2024\/06\/cobrar-subvencio-de-la-instalacio.jpg\" alt=\"cobrar subvencio de la instalacio\" class=\"wp-image-10347\" style=\"width:636px;height:auto\" title=\"\" srcset=\"https:\/\/solartradex.com\/blog\/wp-content\/uploads\/2024\/06\/cobrar-subvencio-de-la-instalacio.jpg 849w, https:\/\/solartradex.com\/blog\/wp-content\/uploads\/2024\/06\/cobrar-subvencio-de-la-instalacio-300x200.jpg 300w, https:\/\/solartradex.com\/blog\/wp-content\/uploads\/2024\/06\/cobrar-subvencio-de-la-instalacio-768x511.jpg 768w\" sizes=\"(max-width: 849px) 100vw, 849px\" \/><figcaption class=\"wp-element-caption\">Com cobrar la subvenci\u00f3 de la teva instal\u00b7aci\u00f3 solar. Guia completa<\/figcaption><\/figure>\n\n\n\n<p>Malauradament, la tramitaci\u00f3 i cobrament de les subvencions per les instal\u00b7lacions d\u2019autoconsum provinents del Fons Next Generation a Catalunya, a la resta d\u2019Espanya tamb\u00e9, ha esdevingut un aut\u00e8ntic maldecap per tots els agents implicats en la seva tramitaci\u00f3 tal com us detallo a continuaci\u00f3:<\/p>\n\n\n\n<ul class=\"wp-block-list\">\n<li><strong>Per l\u2019Administraci\u00f3<\/strong>: un gran maldecap per l\u2019Administraci\u00f3 que mai ha comptat amb els recursos humans i materials necessaris per gestionar de manera diligent dins el termini i en la forma escaient l\u2019allau de sol\u00b7licituds rebudes.<\/li>\n\n\n\n<li><strong>Pels ciutadans<\/strong>: Un injustificable maldecap per milers de ciutadans cabrejats que veuen com s\u2019endarrereix de manera incomprensible l\u2019atorgament d\u2019unes sol\u00b7licituds de subvenci\u00f3 que van cursar fa pr\u00e0cticament 2 anys (recordo que el termini de resoluci\u00f3 m\u00e0xim que fixava el RD477\/2021 era de 6 mesos des de la sol\u00b7licitud) i \u00f2bviament tamb\u00e9 el cobrament de les seves subvencions ja atorgades.<\/li>\n\n\n\n<li><strong>Per a les empreses instal\u00b7ladores<\/strong>: I finalment un perill\u00f3s maldecap per les empreses instal\u00b7ladores que, d\u2019una banda, han de donar explicacions a uns clients confosos i ben emprenyats pels endarreriments soferts, i que, d\u2019altra banda, han de fer equilibris per subsistir en una nova etapa post-subvencions, en la que es troben amb plantilles sobredimensionades per donar resposta a l\u2019increment de demanda artificial que van provocar les subvencions, per\u00f2 que un cop finalitzat el termini de sol\u00b7licituds, juntament amb altres factors com la baixada del preu de l\u2019electricitat i la pujada dels tipus d\u2019inter\u00e8s, han vist com la demanda d\u2019instal\u00b7lacions residencials ha caigut m\u00e9s d\u2019un 40% al llarg del darrer any 2023.<\/li>\n<\/ul>\n\n\n\n<p>Per tant, ben segur que podem convenir entre tots, que aquest invent de les subvencions&nbsp; no ha estat el millor dels encerts, sobretot en un moment en qu\u00e8 la fotovoltaica ja era rendible per si mateixa i, per tant, no hi havia motius aparents per crear aquesta sobredemanda artificial que ha perjudicat significativament a tots els agents implicats.<\/p>\n\n\n\n<p>Un altre tema que podr\u00edem discutir, \u00e9s si aquests diners provinents d\u2019Europa dels fons Next Generation, potser s\u2019haurien pogut emprar per incentivar el mercat d\u2019una manera m\u00e9s \u201csoft\u201d i continuada: Exempcions en l\u2019IVA per la fotovoltaica, deduccions a l\u2019IRPF m\u00e9s assequibles, etc.&nbsp; En tot cas, aix\u00f2 ara ja s\u00f3n figues d\u2019un altre paner.<\/p>\n\n\n\n<p>Perqu\u00e8 del que avui et vull parlar \u00e9s que a la nostra empresa darrerament ens estem trobant amb for\u00e7a trucades de persones espantades perqu\u00e8 l\u2019empresa que els havia fet la instal\u00b7laci\u00f3 solar a casa i que els havia prom\u00e8s gestionar la seva sol\u00b7licitud de subvenci\u00f3 de manera \u00edntegra, resulta que ara o b\u00e9 no existeix, o no \u201csabe, no contesta\u201d\u2026 per tant, imagina que si als greuges ja detallats anteriorment li sumem que ara hi ha for\u00e7a clients desemparats que no saben \/ no poden consultar si els han atorgat la subvenci\u00f3, o que un cop atorgada, no saben\/no poden completar el procediment de justificaci\u00f3 de la inversi\u00f3 davant de l\u2019ICAEN per tal de cobrar la subvenci\u00f3 de la instal\u00b7laci\u00f3 solar, doncs \u00e9s perfectament comprensible l&#8217;alarma i desesperaci\u00f3 generalitzada\u00a0 que aix\u00f2 provoca.<\/p>\n\n\n\n<p>Per aquest motiu, avui hem cregut convenient publicar aquesta breu guia per tal que si et trobes en situaci\u00f3 de desempar, puguis consultar-la i finalitzar el tr\u00e0mit de justificaci\u00f3 de la inversi\u00f3, com a pas previ i obligatori per tal que l\u2019Administraci\u00f3 pugui procedir al pagament de la subvenci\u00f3 atorgada.<\/p>\n\n\n\n<p>Hem preparat aquesta guia dividint-la en 2 apartats, un primer per tal que aquells que encara no ho saben, puguin consultar si han estat beneficiaris de la subvenci\u00f3, i un segon apartat, per tal que un cop atorgada la subvenci\u00f3 es pugui procedir a la justificaci\u00f3 de la inversi\u00f3 com a pas previ per poder cobrar la subvenci\u00f3 concedida.<\/p>\n\n\n\n<div id=\"ez-toc-container\" class=\"ez-toc-v2_0_82_2 ez-toc-wrap-left counter-hierarchy ez-toc-counter ez-toc-grey ez-toc-container-direction\">\n<div class=\"ez-toc-title-container\">\n<p class=\"ez-toc-title\" style=\"cursor:inherit\">Taula de continguts<\/p>\n<span class=\"ez-toc-title-toggle\"><a href=\"#\" class=\"ez-toc-pull-right ez-toc-btn ez-toc-btn-xs ez-toc-btn-default ez-toc-toggle\" aria-label=\"Toggle Table of Content\"><span class=\"ez-toc-js-icon-con\"><span class=\"\"><span class=\"eztoc-hide\" style=\"display:none;\">Toggle<\/span><span class=\"ez-toc-icon-toggle-span\"><svg style=\"fill: #999;color:#999\" xmlns=\"http:\/\/www.w3.org\/2000\/svg\" class=\"list-377408\" width=\"20px\" height=\"20px\" viewBox=\"0 0 24 24\" fill=\"none\"><path d=\"M6 6H4v2h2V6zm14 0H8v2h12V6zM4 11h2v2H4v-2zm16 0H8v2h12v-2zM4 16h2v2H4v-2zm16 0H8v2h12v-2z\" fill=\"currentColor\"><\/path><\/svg><svg style=\"fill: #999;color:#999\" class=\"arrow-unsorted-368013\" xmlns=\"http:\/\/www.w3.org\/2000\/svg\" width=\"10px\" height=\"10px\" viewBox=\"0 0 24 24\" version=\"1.2\" baseProfile=\"tiny\"><path d=\"M18.2 9.3l-6.2-6.3-6.2 6.3c-.2.2-.3.4-.3.7s.1.5.3.7c.2.2.4.3.7.3h11c.3 0 .5-.1.7-.3.2-.2.3-.5.3-.7s-.1-.5-.3-.7zM5.8 14.7l6.2 6.3 6.2-6.3c.2-.2.3-.5.3-.7s-.1-.5-.3-.7c-.2-.2-.4-.3-.7-.3h-11c-.3 0-.5.1-.7.3-.2.2-.3.5-.3.7s.1.5.3.7z\"\/><\/svg><\/span><\/span><\/span><\/a><\/span><\/div>\n<nav><ul class='ez-toc-list ez-toc-list-level-1 eztoc-toggle-hide-by-default' ><li class='ez-toc-page-1 ez-toc-heading-level-2'><a class=\"ez-toc-link ez-toc-heading-1\" href=\"https:\/\/solartradex.com\/blog\/ca\/com-cobrar-la-subvencio-de-la-instalacio-solar\/#Com_saber_si_than_atorgat_la_subvencio_Next_Generation_per_a_fotovoltaica\" >Com saber si t&#8217;han atorgat la subvenci\u00f3 Next Generation per a fotovoltaica?<\/a><\/li><li class='ez-toc-page-1 ez-toc-heading-level-2'><a class=\"ez-toc-link ez-toc-heading-2\" href=\"https:\/\/solartradex.com\/blog\/ca\/com-cobrar-la-subvencio-de-la-instalacio-solar\/#Com_justificar_la_subvencio\" >Com justificar la subvenci\u00f3?<\/a><ul class='ez-toc-list-level-3' ><li class='ez-toc-heading-level-3'><a class=\"ez-toc-link ez-toc-heading-3\" href=\"https:\/\/solartradex.com\/blog\/ca\/com-cobrar-la-subvencio-de-la-instalacio-solar\/#Documentacio_necessaria\" >Documentaci\u00f3 necess\u00e0ria<\/a><\/li><li class='ez-toc-page-1 ez-toc-heading-level-3'><a class=\"ez-toc-link ez-toc-heading-4\" href=\"https:\/\/solartradex.com\/blog\/ca\/com-cobrar-la-subvencio-de-la-instalacio-solar\/#Models_per_justificar\" >Models per justificar<\/a><\/li><li class='ez-toc-page-1 ez-toc-heading-level-3'><a class=\"ez-toc-link ez-toc-heading-5\" href=\"https:\/\/solartradex.com\/blog\/ca\/com-cobrar-la-subvencio-de-la-instalacio-solar\/#Tramitacio_de_la_justificacio\" >Tramitaci\u00f3 de la justificaci\u00f3<\/a><\/li><\/ul><\/li><\/ul><\/nav><\/div>\n<h2 class=\"wp-block-heading\"><span class=\"ez-toc-section\" id=\"Com_saber_si_than_atorgat_la_subvencio_Next_Generation_per_a_fotovoltaica\"><\/span>Com saber si t&#8217;han atorgat la subvenci\u00f3 Next Generation per a fotovoltaica?<span class=\"ez-toc-section-end\"><\/span><\/h2>\n\n\n\n<p><strong>Connecta\u2019t a la web de l\u2019ICAEN<\/strong> i comprova si apareixes a la llista de la subvenci\u00f3 corresponent al programa de subvencions al qual ens hem inscrit tenint en compte que per cada programa es mostren 3 llistes: atorgament, desistiment i inadmissi\u00f3.<\/p>\n\n\n\n<p><strong>Tria entre un dels 5 programes de subvencions:<\/strong><\/p>\n\n\n\n<ul class=\"wp-block-list\">\n<li>Programa 1, destinat a empreses del sector productiu que instal\u00b7len sistemes d\u2019autoconsum fotovoltaic (inclou Fotovoltaica o Fotovoltaica + bateria).<\/li>\n\n\n\n<li>Programa 2, destinat a empreses del sector serveis que instal\u00b7len sistemes d\u2019autoconsum fotovoltaic (inclou Fotovoltaica o Fotovoltaica + bateria).<\/li>\n\n\n\n<li>Programa 3, destinat a empreses que instal\u00b7lin \u00fanicament sistemes d\u2019emmagatzematge associats a instal\u00b7lacions d\u2019autoconsum ja existents.&nbsp;<\/li>\n\n\n\n<li>Programa 4, destinat a persones que instal\u00b7lin sistemes d\u2019autoconsum en el sector residencial (inclou Fotovoltaica o Fotovoltaica + bateria).<\/li>\n\n\n\n<li>Programa 5, destinat a persones que instal\u00b7lin \u00fanicament sistemes d&#8217;emmagatzematge associats a instal\u00b7lacions d\u2019autoconsum en el sector residencial.<\/li>\n<\/ul>\n\n\n\n<p>Per trobar els llistat corresponents, cal entrar al seg\u00fcent enlla\u00e7 i revisar a la part de baix de la p\u00e0gina: <a href=\"https:\/\/icaen.gencat.cat\/ca\/energia\/ajuts\/energies-renovables\/ajuts-renovables-2022\/\" target=\"_blank\" rel=\"noreferrer noopener\">Ajuts del Programa d&#8217;incentius lligats a l&#8217;autoconsum i emmagatzematge, amb fonts d&#8217;energia renovable i implantaci\u00f3 de sistemes t\u00e8rmics renovables.<\/a><\/p>\n\n\n\n<p><strong>Localitza el teu expedient<\/strong>: un cop localitzat el programa corresponent a la subvenci\u00f3, pots localitzar el teu expedient ja sigui amb el <strong>n\u00famero d\u2019expedient<\/strong> (ICA25\/21\/******)* com amb el <strong>Nom i cognom del beneficiari<\/strong> (compte, que el podem trobar en ordre alterat) El n\u00famero d\u2019expedient (ICA25\/21\/******) el pots obtenir per dues vies:<\/p>\n\n\n\n<ul class=\"wp-block-list\">\n<li>En el llistat pr\u00e8viament consultat, un cop t\u2019hagis trobat, cal guardar el n\u00famero d\u2019expedient que apareix a la primera columna.&nbsp;Per facilitar la cerca dins el llistat: Prem (Ctrl + F) al teclat i introdueix qualsevol dels \u00edtems comentats pr\u00e8viament.<\/li>\n\n\n\n<li>A l&#8217;<a href=\"https:\/\/ovt.gencat.cat\/carpetaciutadana360\/mfe-main-app\/#\/acces\" data-type=\"link\" data-id=\"https:\/\/ovt.gencat.cat\/carpetaciutadana360\/mfe-main-app\/#\/acces\" target=\"_blank\" rel=\"noreferrer noopener\">\u00c0rea Privada Ciutadana de la Generalitat de Catalunya<\/a> pots trobar tots els tr\u00e0mits relacionats amb la subvenci\u00f3 oberts al teu nom. Per trobar el teu n\u00famero d\u2019expedient hauries de seguir aquesta ruta Els teus tr\u00e0mits > Sol\u00b7licitud de subvenci\u00f3 > Dades del tr\u00e0mit (format ICA025\/21\/******). Per accedir a l&#8217;\u00c0rea Privada Ciutadana et caldr\u00e0 un certificat digital o <a href=\"https:\/\/idcatmobil.cat\/\" target=\"_blank\" rel=\"noopener\">Idcat\/Idcat m\u00f2bil<\/a> vigent.<\/li>\n<\/ul>\n\n\n<div class=\"wp-block-image\">\n<figure class=\"aligncenter size-large\"><img decoding=\"async\" width=\"1024\" height=\"571\" src=\"https:\/\/solartradex.com\/blog\/wp-content\/uploads\/2024\/06\/Carpeta-Generalitat-1024x571.jpg\" alt=\"Carpeta Generalitat\" class=\"wp-image-10315\" title=\"\" srcset=\"https:\/\/solartradex.com\/blog\/wp-content\/uploads\/2024\/06\/Carpeta-Generalitat-1024x571.jpg 1024w, https:\/\/solartradex.com\/blog\/wp-content\/uploads\/2024\/06\/Carpeta-Generalitat-300x167.jpg 300w, https:\/\/solartradex.com\/blog\/wp-content\/uploads\/2024\/06\/Carpeta-Generalitat-768x428.jpg 768w, https:\/\/solartradex.com\/blog\/wp-content\/uploads\/2024\/06\/Carpeta-Generalitat.jpg 1393w\" sizes=\"(max-width: 1024px) 100vw, 1024px\" \/><figcaption class=\"wp-element-caption\">\u00c0rea Ciutadana Tr\u00e0mits i Gestions<\/figcaption><\/figure>\n<\/div>\n\n\n<h6 class=\"wp-block-heading\">Una vegada trobis el teu expedient a la llista podr\u00e0s veure l\u2019import que t\u2019han atorgat. \u00c9s molt important la data de resoluci\u00f3 del llistat d\u2019atorgament on est\u00e0 el teu expedient, doncs a partir d\u2019aquesta data tindr\u00e0s com a m\u00e0xim 18 mesos per instal\u00b7lar, legalitzar i justificar la subvenci\u00f3.&nbsp;<\/h6>\n\n\n\n<h2 class=\"wp-block-heading\"><span class=\"ez-toc-section\" id=\"Com_justificar_la_subvencio\"><\/span>Com justificar la subvenci\u00f3?<span class=\"ez-toc-section-end\"><\/span><\/h2>\n\n\n\n<h3 class=\"wp-block-heading\"><span class=\"ez-toc-section\" id=\"Documentacio_necessaria\"><\/span>Documentaci\u00f3 necess\u00e0ria<span class=\"ez-toc-section-end\"><\/span><\/h3>\n\n\n\n<ul class=\"wp-block-list\">\n<li><strong>Documents de legalitzaci\u00f3: <\/strong>Certificats d\u2019inscripci\u00f3 al <strong>RAC <\/strong>i el<strong> CIE<\/strong>. Aquests documents te\u2019ls haur\u00e0 donat l\u2019empresa instal\u00b7ladora un cop finalitzada la legalitzaci\u00f3 per poder fer la compensaci\u00f3 d&#8217;excedents amb la teva comercialitzadora.<\/li>\n<\/ul>\n\n\n\n<ul class=\"wp-block-list\">\n<li><strong>Mem\u00f2ria t\u00e8cnica del projecte<\/strong> emesa i signada per un t\u00e8cnic competent. Aquest document l\u2019haur\u00e0 fet la teva empresa instal\u00b7ladora per a legalitzar la instal\u00b7laci\u00f3. Si no disposes d\u2019aquest document, pots demanar al teu ajuntament si te\u2019l poden localitzar, ja que per demanar la llic\u00e8ncia o comunicat previ s\u2019ha d\u2019adjuntar. Si no te&#8217;n surts, qualsevol empresa especialitzada et pot fer la mem\u00f2ria de la instal\u00b7laci\u00f3.&nbsp;<\/li>\n\n\n\n<li><strong>Informe justificatiu em\u00e8s i signat per un t\u00e8cnic.<\/strong> Aquest informe ha de ser em\u00e8s per un t\u00e8cnic o empresa especialitzada on es confirma que els elements m\u00e9s importants de la instal\u00b7laci\u00f3 estan instal\u00b7lats: N\u00famero de m\u00f2duls i model, model de l\u2019inversor, mesurador d\u2019energia i bateria si \u00e9s el cas. Si no tens aquest document, te\u2019l pot fer un t\u00e8cnic o una empresa especialitzada mitjan\u00e7ant visita t\u00e8cnica a la instal\u00b7laci\u00f3 per tal de verificar que els elements descrits estiguin instal\u00b7lats.<\/li>\n<\/ul>\n\n\n\n<div data-wp-interactive=\"core\/file\" class=\"wp-block-file\"><object data-wp-bind--hidden=\"!state.hasPdfPreview\" hidden class=\"wp-block-file__embed\" data=\"https:\/\/solartradex.com\/blog\/wp-content\/uploads\/2024\/06\/0.-Model-dinforme-justificatiu-actuacio-realitzada-RD477-14-11-2023-v2.docx.pdf\" type=\"application\/pdf\" style=\"width:100%;height:600px\" aria-label=\"Incrustaci\u00f3 del fitxer 0.-Model-dinforme-justificatiu-actuacio-realitzada-RD477-14-11-2023-v2.docx.\"><\/object><a id=\"wp-block-file--media-ad74c530-586a-4a11-9277-725a43e7d673\" href=\"https:\/\/solartradex.com\/blog\/wp-content\/uploads\/2024\/06\/0.-Model-dinforme-justificatiu-actuacio-realitzada-RD477-14-11-2023-v2.docx.pdf\">0.-Model-dinforme-justificatiu-actuacio-realitzada-RD477-14-11-2023-v2.docx<\/a><a href=\"https:\/\/solartradex.com\/blog\/wp-content\/uploads\/2024\/06\/0.-Model-dinforme-justificatiu-actuacio-realitzada-RD477-14-11-2023-v2.docx.pdf\" class=\"wp-block-file__button wp-element-button\" aria-describedby=\"wp-block-file--media-ad74c530-586a-4a11-9277-725a43e7d673\" download>Descarregar<\/a><\/div>\n\n\n\n<ul class=\"wp-block-list\">\n<li><strong>Q\u00fcestionari de dades.<\/strong> L\u2019ha d\u2019omplir el sol\u00b7licitant tal i com pots veure en aquest exemple amb indicacions en color blau.<\/li>\n<\/ul>\n\n\n\n<figure data-wp-context=\"{&quot;imageId&quot;:&quot;69f41fa98df99&quot;}\" data-wp-interactive=\"core\/image\" data-wp-key=\"69f41fa98df99\" class=\"wp-block-image size-large is-resized wp-lightbox-container\"><img decoding=\"async\" width=\"724\" height=\"1024\" data-wp-class--hide=\"state.isContentHidden\" data-wp-class--show=\"state.isContentVisible\" data-wp-init=\"callbacks.setButtonStyles\" data-wp-on--click=\"actions.showLightbox\" data-wp-on--load=\"callbacks.setButtonStyles\" data-wp-on-window--resize=\"callbacks.setButtonStyles\" src=\"https:\/\/solartradex.com\/blog\/wp-content\/uploads\/2024\/06\/Questionari-724x1024.jpg\" alt=\"Questionari\" class=\"wp-image-10323\" style=\"width:634px;height:auto\" title=\"\" srcset=\"https:\/\/solartradex.com\/blog\/wp-content\/uploads\/2024\/06\/Questionari-724x1024.jpg 724w, https:\/\/solartradex.com\/blog\/wp-content\/uploads\/2024\/06\/Questionari-212x300.jpg 212w, https:\/\/solartradex.com\/blog\/wp-content\/uploads\/2024\/06\/Questionari-768x1086.jpg 768w, https:\/\/solartradex.com\/blog\/wp-content\/uploads\/2024\/06\/Questionari-1086x1536.jpg 1086w, https:\/\/solartradex.com\/blog\/wp-content\/uploads\/2024\/06\/Questionari.jpg 1241w\" sizes=\"(max-width: 724px) 100vw, 724px\" \/><button\n\t\t\tclass=\"lightbox-trigger\"\n\t\t\ttype=\"button\"\n\t\t\taria-haspopup=\"dialog\"\n\t\t\taria-label=\"Amplia\"\n\t\t\tdata-wp-init=\"callbacks.initTriggerButton\"\n\t\t\tdata-wp-on--click=\"actions.showLightbox\"\n\t\t\tdata-wp-style--right=\"state.imageButtonRight\"\n\t\t\tdata-wp-style--top=\"state.imageButtonTop\"\n\t\t>\n\t\t\t<svg xmlns=\"http:\/\/www.w3.org\/2000\/svg\" width=\"12\" height=\"12\" fill=\"none\" viewBox=\"0 0 12 12\">\n\t\t\t\t<path fill=\"#fff\" d=\"M2 0a2 2 0 0 0-2 2v2h1.5V2a.5.5 0 0 1 .5-.5h2V0H2Zm2 10.5H2a.5.5 0 0 1-.5-.5V8H0v2a2 2 0 0 0 2 2h2v-1.5ZM8 12v-1.5h2a.5.5 0 0 0 .5-.5V8H12v2a2 2 0 0 1-2 2H8Zm2-12a2 2 0 0 1 2 2v2h-1.5V2a.5.5 0 0 0-.5-.5H8V0h2Z\" \/>\n\t\t\t<\/svg>\n\t\t<\/button><figcaption class=\"wp-element-caption\">Q\u00fcestionari de dades amb indicacions en blau de com omplir<\/figcaption><\/figure>\n\n\n\n<ul class=\"wp-block-list\">\n<li><strong>Excel<\/strong>. Cal que ho ompli el sol\u00b7licitant, tal i com pots veure en aquest exemple amb indicacions en color blau.<\/li>\n<\/ul>\n\n\n\n<figure data-wp-context=\"{&quot;imageId&quot;:&quot;69f41fa98f633&quot;}\" data-wp-interactive=\"core\/image\" data-wp-key=\"69f41fa98f633\" class=\"wp-block-image size-large wp-lightbox-container\"><img loading=\"lazy\" decoding=\"async\" width=\"1024\" height=\"298\" data-wp-class--hide=\"state.isContentHidden\" data-wp-class--show=\"state.isContentVisible\" data-wp-init=\"callbacks.setButtonStyles\" data-wp-on--click=\"actions.showLightbox\" data-wp-on--load=\"callbacks.setButtonStyles\" data-wp-on-window--resize=\"callbacks.setButtonStyles\" src=\"https:\/\/solartradex.com\/blog\/wp-content\/uploads\/2024\/06\/2.Excel_-1024x298.jpg\" alt=\"2 Excel\" class=\"wp-image-10326\" title=\"\" srcset=\"https:\/\/solartradex.com\/blog\/wp-content\/uploads\/2024\/06\/2.Excel_-1024x298.jpg 1024w, https:\/\/solartradex.com\/blog\/wp-content\/uploads\/2024\/06\/2.Excel_-300x87.jpg 300w, https:\/\/solartradex.com\/blog\/wp-content\/uploads\/2024\/06\/2.Excel_-768x224.jpg 768w, https:\/\/solartradex.com\/blog\/wp-content\/uploads\/2024\/06\/2.Excel_-1536x447.jpg 1536w, https:\/\/solartradex.com\/blog\/wp-content\/uploads\/2024\/06\/2.Excel_-2048x596.jpg 2048w\" sizes=\"(max-width: 1024px) 100vw, 1024px\" \/><button\n\t\t\tclass=\"lightbox-trigger\"\n\t\t\ttype=\"button\"\n\t\t\taria-haspopup=\"dialog\"\n\t\t\taria-label=\"Amplia\"\n\t\t\tdata-wp-init=\"callbacks.initTriggerButton\"\n\t\t\tdata-wp-on--click=\"actions.showLightbox\"\n\t\t\tdata-wp-style--right=\"state.imageButtonRight\"\n\t\t\tdata-wp-style--top=\"state.imageButtonTop\"\n\t\t>\n\t\t\t<svg xmlns=\"http:\/\/www.w3.org\/2000\/svg\" width=\"12\" height=\"12\" fill=\"none\" viewBox=\"0 0 12 12\">\n\t\t\t\t<path fill=\"#fff\" d=\"M2 0a2 2 0 0 0-2 2v2h1.5V2a.5.5 0 0 1 .5-.5h2V0H2Zm2 10.5H2a.5.5 0 0 1-.5-.5V8H0v2a2 2 0 0 0 2 2h2v-1.5ZM8 12v-1.5h2a.5.5 0 0 0 .5-.5V8H12v2a2 2 0 0 1-2 2H8Zm2-12a2 2 0 0 1 2 2v2h-1.5V2a.5.5 0 0 0-.5-.5H8V0h2Z\" \/>\n\t\t\t<\/svg>\n\t\t<\/button><figcaption class=\"wp-element-caption\">Excel amb indicacions de com omplir<\/figcaption><\/figure>\n\n\n\n<ul class=\"wp-block-list\">\n<li><strong>Factures i justificants de pagament de l&#8217;actuaci\u00f3. <\/strong>Cal adjuntar les factures de la instal\u00b7laci\u00f3 i el comprovant de pagament del banc. Cal que les factures vagin a nom del sol\u00b7licitant i que els comprovants de pagament concordin amb l\u2019import de les factures.&nbsp;&nbsp;&nbsp;<\/li>\n\n\n\n<li><strong>Certificat de titularitat banc\u00e0ria del sol\u00b7licitant. <\/strong>Podeu descarregar aquest certificat online o demanar-ho presencialment a la vostra entitat banc\u00e0ria. Cal que el titular del certificat sigui el nom del beneficiari de la subvenci\u00f3.<\/li>\n\n\n\n<li><strong>Reportatge fotogr\u00e0fic. <\/strong>Cal adjuntar diferents fotografies dels elements que conformen la instal\u00b7laci\u00f3.<\/li>\n<\/ul>\n\n\n\n<ol class=\"wp-block-list\">\n<li>Foto de la instal\u00b7laci\u00f3 i\/o bateria<\/li>\n\n\n\n<li>Foto de l\u2019inversor amb un cartell enganxat i completat amb la informaci\u00f3 que es demana.<\/li>\n<\/ol>\n\n\n\n<figure data-wp-context=\"{&quot;imageId&quot;:&quot;69f41fa990e42&quot;}\" data-wp-interactive=\"core\/image\" data-wp-key=\"69f41fa990e42\" class=\"wp-block-image size-large wp-lightbox-container\"><img loading=\"lazy\" decoding=\"async\" width=\"1024\" height=\"725\" data-wp-class--hide=\"state.isContentHidden\" data-wp-class--show=\"state.isContentVisible\" data-wp-init=\"callbacks.setButtonStyles\" data-wp-on--click=\"actions.showLightbox\" data-wp-on--load=\"callbacks.setButtonStyles\" data-wp-on-window--resize=\"callbacks.setButtonStyles\" src=\"https:\/\/solartradex.com\/blog\/wp-content\/uploads\/2024\/06\/3.Cartell-1024x725.jpg\" alt=\"3 Cartell\" class=\"wp-image-10329\" title=\"\" srcset=\"https:\/\/solartradex.com\/blog\/wp-content\/uploads\/2024\/06\/3.Cartell-1024x725.jpg 1024w, https:\/\/solartradex.com\/blog\/wp-content\/uploads\/2024\/06\/3.Cartell-300x212.jpg 300w, https:\/\/solartradex.com\/blog\/wp-content\/uploads\/2024\/06\/3.Cartell-768x543.jpg 768w, https:\/\/solartradex.com\/blog\/wp-content\/uploads\/2024\/06\/3.Cartell-1536x1087.jpg 1536w, https:\/\/solartradex.com\/blog\/wp-content\/uploads\/2024\/06\/3.Cartell.jpg 1754w\" sizes=\"(max-width: 1024px) 100vw, 1024px\" \/><button\n\t\t\tclass=\"lightbox-trigger\"\n\t\t\ttype=\"button\"\n\t\t\taria-haspopup=\"dialog\"\n\t\t\taria-label=\"Amplia\"\n\t\t\tdata-wp-init=\"callbacks.initTriggerButton\"\n\t\t\tdata-wp-on--click=\"actions.showLightbox\"\n\t\t\tdata-wp-style--right=\"state.imageButtonRight\"\n\t\t\tdata-wp-style--top=\"state.imageButtonTop\"\n\t\t>\n\t\t\t<svg xmlns=\"http:\/\/www.w3.org\/2000\/svg\" width=\"12\" height=\"12\" fill=\"none\" viewBox=\"0 0 12 12\">\n\t\t\t\t<path fill=\"#fff\" d=\"M2 0a2 2 0 0 0-2 2v2h1.5V2a.5.5 0 0 1 .5-.5h2V0H2Zm2 10.5H2a.5.5 0 0 1-.5-.5V8H0v2a2 2 0 0 0 2 2h2v-1.5ZM8 12v-1.5h2a.5.5 0 0 0 .5-.5V8H12v2a2 2 0 0 1-2 2H8Zm2-12a2 2 0 0 1 2 2v2h-1.5V2a.5.5 0 0 0-.5-.5H8V0h2Z\" \/>\n\t\t\t<\/svg>\n\t\t<\/button><figcaption class=\"wp-element-caption\">Cartell amb indicacions en blau de com omplir<\/figcaption><\/figure>\n\n\n\n<p>3. Foto de la bateria si \u00e9s el cas amb un cartell enganxat i completat amb la informaci\u00f3 que es demana.<\/p>\n\n\n\n<figure data-wp-context=\"{&quot;imageId&quot;:&quot;69f41fa991cbc&quot;}\" data-wp-interactive=\"core\/image\" data-wp-key=\"69f41fa991cbc\" class=\"wp-block-image size-large wp-lightbox-container\"><img loading=\"lazy\" decoding=\"async\" width=\"1024\" height=\"725\" data-wp-class--hide=\"state.isContentHidden\" data-wp-class--show=\"state.isContentVisible\" data-wp-init=\"callbacks.setButtonStyles\" data-wp-on--click=\"actions.showLightbox\" data-wp-on--load=\"callbacks.setButtonStyles\" data-wp-on-window--resize=\"callbacks.setButtonStyles\" src=\"https:\/\/solartradex.com\/blog\/wp-content\/uploads\/2024\/06\/Cartell-exemple-amb-dades-1024x725.jpg\" alt=\"Cartell exemple amb dades\" class=\"wp-image-10332\" title=\"\" srcset=\"https:\/\/solartradex.com\/blog\/wp-content\/uploads\/2024\/06\/Cartell-exemple-amb-dades-1024x725.jpg 1024w, https:\/\/solartradex.com\/blog\/wp-content\/uploads\/2024\/06\/Cartell-exemple-amb-dades-300x212.jpg 300w, https:\/\/solartradex.com\/blog\/wp-content\/uploads\/2024\/06\/Cartell-exemple-amb-dades-768x543.jpg 768w, https:\/\/solartradex.com\/blog\/wp-content\/uploads\/2024\/06\/Cartell-exemple-amb-dades-1536x1087.jpg 1536w, https:\/\/solartradex.com\/blog\/wp-content\/uploads\/2024\/06\/Cartell-exemple-amb-dades.jpg 1754w\" sizes=\"(max-width: 1024px) 100vw, 1024px\" \/><button\n\t\t\tclass=\"lightbox-trigger\"\n\t\t\ttype=\"button\"\n\t\t\taria-haspopup=\"dialog\"\n\t\t\taria-label=\"Amplia\"\n\t\t\tdata-wp-init=\"callbacks.initTriggerButton\"\n\t\t\tdata-wp-on--click=\"actions.showLightbox\"\n\t\t\tdata-wp-style--right=\"state.imageButtonRight\"\n\t\t\tdata-wp-style--top=\"state.imageButtonTop\"\n\t\t>\n\t\t\t<svg xmlns=\"http:\/\/www.w3.org\/2000\/svg\" width=\"12\" height=\"12\" fill=\"none\" viewBox=\"0 0 12 12\">\n\t\t\t\t<path fill=\"#fff\" d=\"M2 0a2 2 0 0 0-2 2v2h1.5V2a.5.5 0 0 1 .5-.5h2V0H2Zm2 10.5H2a.5.5 0 0 1-.5-.5V8H0v2a2 2 0 0 0 2 2h2v-1.5ZM8 12v-1.5h2a.5.5 0 0 0 .5-.5V8H12v2a2 2 0 0 1-2 2H8Zm2-12a2 2 0 0 1 2 2v2h-1.5V2a.5.5 0 0 0-.5-.5H8V0h2Z\" \/>\n\t\t\t<\/svg>\n\t\t<\/button><figcaption class=\"wp-element-caption\">Cartell d&#8217;exemple amb dades fict\u00edcies d&#8217;exemple<\/figcaption><\/figure>\n\n\n\n<p>4. Captura de pantalla de l&#8217;aplicaci\u00f3 de monitoratge. Ves a la teva aplicaci\u00f3 on pots veure la producci\u00f3 solar i fes una captura de pantalla de la instal\u00b7laci\u00f3 en funcionament, un dia qualsevol.<\/p>\n\n\n\n<h3 class=\"wp-block-heading\"><span class=\"ez-toc-section\" id=\"Models_per_justificar\"><\/span>Models per justificar<span class=\"ez-toc-section-end\"><\/span><\/h3>\n\n\n\n<p>L\u2019informe justificatiu, el Q\u00fcestionari, l&#8217;Excel i els cartells per la foto del inversor i\/o bateria el pots trobar a <a href=\"https:\/\/icaen.gencat.cat\/ca\/energia\/ajuts\/energies-renovables\/ajuts-renovables-2022\/justificacio\/models-per-justificar\/\" target=\"_blank\" rel=\"noreferrer noopener\">Models per justificar<\/a>.<\/p>\n\n\n\n<h3 class=\"wp-block-heading\"><span class=\"ez-toc-section\" id=\"Tramitacio_de_la_justificacio\"><\/span>Tramitaci\u00f3 de la justificaci\u00f3<span class=\"ez-toc-section-end\"><\/span><\/h3>\n\n\n\n<p>Un cop tinguis tota la documentaci\u00f3 cal tramitar la justificaci\u00f3 a:<\/p>\n\n\n\n<p><a href=\"https:\/\/web.gencat.cat\/ca\/tramits\/tramits-temes\/22715_P4_P5_P6_ajuts_renovables_ICAEN?category=75236c7c-a82c-11e3-a972-000c29052e2c&amp;moda=3\" target=\"_blank\" rel=\"noreferrer noopener\">https:\/\/web.gencat.cat\/ca\/tramits\/tramits-temes\/22715_P4_P5_P6_ajuts_renovables_ICAEN?category=75236c7c-a82c-11e3-a972-000c29052e2c&amp;moda=3<\/a><\/p>\n\n\n\n<p>Segueix aquestes 10 indicacions un cop estiguis a la p\u00e0gina de justificaci\u00f3<\/p>\n\n\n\n<ol class=\"wp-block-list\">\n<li>Clica el bot\u00f3 vermell <strong>Inicia<\/strong> (a dalt a la dreta de la p\u00e0gina)<\/li>\n\n\n\n<li>Clica a <strong>Recuperar dades<\/strong> (abaix a la dreta)<\/li>\n\n\n\n<li>Omple els camps amb el teu DNI i n\u00famero d\u2019expedient (ICA25\/21\/******)\u00a0Clica <strong>Cercar accions<\/strong><\/li>\n\n\n\n<li>A Justificaci\u00f3 de despeses selecciona l\u2019opci\u00f3 \u201cSense aportaci\u00f3 de justificants\u201d&nbsp; i \u201cCap de les anteriors\u201d<\/li>\n\n\n\n<li>Marca si has rebut o no, altres ajuts per la mateixa finalitat (abaix de tot) i clica a <strong>Seg\u00fcent<\/strong><\/li>\n\n\n\n<li>Omple les dades a justificar del requadre (compte, necessites la mem\u00f2ria t\u00e9cnica) com en l&#8217;exemple de m\u00e9s avall. Clica <strong>Seg\u00fcent<\/strong><\/li>\n\n\n\n<li>Adjunta l\u2019informe justificatiu, el Q\u00fcestionari i el reportatge fotogr\u00e0fic. Clica <strong>Seg\u00fcent<\/strong><\/li>\n\n\n\n<li>Adjunta l\u2019Excel omplert pr\u00e8viament. Clica <strong>Signar i presentar<\/strong><\/li>\n\n\n\n<li>Identifica\u2019t amb el teu certificat digital o <a href=\"https:\/\/idcatmobil.cat\/\" target=\"_blank\" rel=\"noreferrer noopener\">idcat m\u00f2bil<\/a><\/li>\n\n\n\n<li>Descarrega i desa l\u2019acusament de rebuda del tr\u00e0mit<\/li>\n<\/ol>\n\n\n\n<figure data-wp-context=\"{&quot;imageId&quot;:&quot;69f41fa992f54&quot;}\" data-wp-interactive=\"core\/image\" data-wp-key=\"69f41fa992f54\" class=\"wp-block-image size-large wp-lightbox-container\"><img loading=\"lazy\" decoding=\"async\" width=\"1024\" height=\"810\" data-wp-class--hide=\"state.isContentHidden\" data-wp-class--show=\"state.isContentVisible\" data-wp-init=\"callbacks.setButtonStyles\" data-wp-on--click=\"actions.showLightbox\" data-wp-on--load=\"callbacks.setButtonStyles\" data-wp-on-window--resize=\"callbacks.setButtonStyles\" src=\"https:\/\/solartradex.com\/blog\/wp-content\/uploads\/2024\/06\/Dades-a-justificar-1024x810.jpg\" alt=\"Dades a justificar\" class=\"wp-image-10355\" title=\"\" srcset=\"https:\/\/solartradex.com\/blog\/wp-content\/uploads\/2024\/06\/Dades-a-justificar-1024x810.jpg 1024w, https:\/\/solartradex.com\/blog\/wp-content\/uploads\/2024\/06\/Dades-a-justificar-300x237.jpg 300w, https:\/\/solartradex.com\/blog\/wp-content\/uploads\/2024\/06\/Dades-a-justificar-768x608.jpg 768w, https:\/\/solartradex.com\/blog\/wp-content\/uploads\/2024\/06\/Dades-a-justificar.jpg 1068w\" sizes=\"(max-width: 1024px) 100vw, 1024px\" \/><button\n\t\t\tclass=\"lightbox-trigger\"\n\t\t\ttype=\"button\"\n\t\t\taria-haspopup=\"dialog\"\n\t\t\taria-label=\"Amplia\"\n\t\t\tdata-wp-init=\"callbacks.initTriggerButton\"\n\t\t\tdata-wp-on--click=\"actions.showLightbox\"\n\t\t\tdata-wp-style--right=\"state.imageButtonRight\"\n\t\t\tdata-wp-style--top=\"state.imageButtonTop\"\n\t\t>\n\t\t\t<svg xmlns=\"http:\/\/www.w3.org\/2000\/svg\" width=\"12\" height=\"12\" fill=\"none\" viewBox=\"0 0 12 12\">\n\t\t\t\t<path fill=\"#fff\" d=\"M2 0a2 2 0 0 0-2 2v2h1.5V2a.5.5 0 0 1 .5-.5h2V0H2Zm2 10.5H2a.5.5 0 0 1-.5-.5V8H0v2a2 2 0 0 0 2 2h2v-1.5ZM8 12v-1.5h2a.5.5 0 0 0 .5-.5V8H12v2a2 2 0 0 1-2 2H8Zm2-12a2 2 0 0 1 2 2v2h-1.5V2a.5.5 0 0 0-.5-.5H8V0h2Z\" \/>\n\t\t\t<\/svg>\n\t\t<\/button><figcaption class=\"wp-element-caption\">Dades a justificar amb indicacions en blau de com omplir<\/figcaption><\/figure>\n\n\n\n<p>Tingues en compte que podr\u00e0s consultar tots els documents del tr\u00e0mit i el registre d\u2019entrada a la teva Carpeta de la Generalitat<\/p>\n\n\n\n<p>Et desitgem que aquesta guia et sigui d\u2019utilitat i puguis justificar i cobrar la subvenci\u00f3 de la teva instal\u00b7laci\u00f3 solar. Si tens dubtes et llegirem a comentaris o ens pots trucar al 931 69 65 97 i demanar pel departament de tr\u00e0mits.<\/p>\n\n\n<\/p>\n<p><\/p><script type=\"application\/ld+json\">{\n    \"@context\": \"https:\/\/schema.org\",\n    \"@type\": \"FAQPage\",\n    \"mainEntity\": [\n        {\n            \"@type\": \"Question\",\n            \"name\": \"Com saber si t'han atorgat la subvenci\u00f3 Next Generation per a fotovoltaica?\",\n            \"acceptedAnswer\": {\n                \"@type\": \"Answer\",\n                \"text\": \"Connecta\u2019t a la web de l\u2019ICAEN i comprova si apareixes a la llista de la subvenci\u00f3 corresponent al programa de subvencions al qual ens hem inscrit tenint en compte que per cada programa es mostren 3 llistes: atorgament, desistiment i inadmissi\u00f3.Tria entre un dels 5 programes de subvencions:Programa 1, destinat a empreses del sector productiu que instal\u00b7len sistemes d\u2019autoconsum fotovoltaic (inclou Fotovoltaica o Fotovoltaica + bateria).Programa 2, destinat a empreses del sector serveis que instal\u00b7len sistemes d\u2019autoconsum fotovoltaic (inclou Fotovoltaica o Fotovoltaica + bateria).Programa 3, destinat a empreses que instal\u00b7lin \u00fanicament sistemes d\u2019emmagatzematge associats a instal\u00b7lacions d\u2019autoconsum ja existents.&nbsp;Programa 4, destinat a persones que instal\u00b7lin sistemes d\u2019autoconsum en el sector residencial (inclou Fotovoltaica o Fotovoltaica + bateria).Programa 5, destinat a persones que instal\u00b7lin \u00fanicament sistemes d'emmagatzematge associats a instal\u00b7lacions d\u2019autoconsum en el sector residencial.Per trobar els llistat corresponents, cal entrar al seg\u00fcent enlla\u00e7 i revisar a la part de baix de la p\u00e0gina: Ajuts del Programa d'incentius lligats a l'autoconsum i emmagatzematge, amb fonts d'energia renovable i implantaci\u00f3 de sistemes t\u00e8rmics renovables.Localitza el teu expedient: un cop localitzat el programa corresponent a la subvenci\u00f3, pots localitzar el teu expedient ja sigui amb el n\u00famero d\u2019expedient (ICA25\/21\/******)* com amb el Nom i cognom del beneficiari (compte, que el podem trobar en ordre alterat) El n\u00famero d\u2019expedient (ICA25\/21\/******) el pots obtenir per dues vies:En el llistat pr\u00e8viament consultat, un cop t\u2019hagis trobat, cal guardar el n\u00famero d\u2019expedient que apareix a la primera columna.&nbsp;Per facilitar la cerca dins el llistat: Prem (Ctrl + F) al teclat i introdueix qualsevol dels \u00edtems comentats pr\u00e8viament.A l'\u00c0rea Privada Ciutadana de la Generalitat de Catalunya pots trobar tots els tr\u00e0mits relacionats amb la subvenci\u00f3 oberts al teu nom. Per trobar el teu n\u00famero d\u2019expedient hauries de seguir aquesta ruta Els teus tr\u00e0mits > Sol\u00b7licitud de subvenci\u00f3 > Dades del tr\u00e0mit (format ICA025\/21\/******). Per accedir a l'\u00c0rea Privada Ciutadana et caldr\u00e0 un certificat digital o Idcat\/Idcat m\u00f2bil vigent.\u00c0rea Ciutadana Tr\u00e0mits i Gestions\"\n            }\n        },\n        {\n            \"@type\": \"Question\",\n            \"name\": \"Documentaci\u00f3 necess\u00e0ria\",\n            \"acceptedAnswer\": {\n                \"@type\": \"Answer\",\n                \"text\": \"Documents de legalitzaci\u00f3: Certificats d\u2019inscripci\u00f3 al RAC i el CIE. Aquests documents te\u2019ls haur\u00e0 donat l\u2019empresa instal\u00b7ladora un cop finalitzada la legalitzaci\u00f3 per poder fer la compensaci\u00f3 d'excedents amb la teva comercialitzadora.Mem\u00f2ria t\u00e8cnica del projecte emesa i signada per un t\u00e8cnic competent. Aquest document l\u2019haur\u00e0 fet la teva empresa instal\u00b7ladora per a legalitzar la instal\u00b7laci\u00f3. Si no disposes d\u2019aquest document, pots demanar al teu ajuntament si te\u2019l poden localitzar, ja que per demanar la llic\u00e8ncia o comunicat previ s\u2019ha d\u2019adjuntar. Si no te'n surts, qualsevol empresa especialitzada et pot fer la mem\u00f2ria de la instal\u00b7laci\u00f3.&nbsp;Informe justificatiu em\u00e8s i signat per un t\u00e8cnic. Aquest informe ha de ser em\u00e8s per un t\u00e8cnic o empresa especialitzada on es confirma que els elements m\u00e9s importants de la instal\u00b7laci\u00f3 estan instal\u00b7lats: N\u00famero de m\u00f2duls i model, model de l\u2019inversor, mesurador d\u2019energia i bateria si \u00e9s el cas. Si no tens aquest document, te\u2019l pot fer un t\u00e8cnic o una empresa especialitzada mitjan\u00e7ant visita t\u00e8cnica a la instal\u00b7laci\u00f3 per tal de verificar que els elements descrits estiguin instal\u00b7lats.0.-Model-dinforme-justificatiu-actuacio-realitzada-RD477-14-11-2023-v2.docxDescarregarQ\u00fcestionari de dades. L\u2019ha d\u2019omplir el sol\u00b7licitant tal i com pots veure en aquest exemple amb indicacions en color blau.Q\u00fcestionari de dades amb indicacions en blau de com omplirExcel. Cal que ho ompli el sol\u00b7licitant, tal i com pots veure en aquest exemple amb indicacions en color blau.Excel amb indicacions de com omplirFactures i justificants de pagament de l'actuaci\u00f3. Cal adjuntar les factures de la instal\u00b7laci\u00f3 i el comprovant de pagament del banc. Cal que les factures vagin a nom del sol\u00b7licitant i que els comprovants de pagament concordin amb l\u2019import de les factures.&nbsp;&nbsp;&nbsp;Certificat de titularitat banc\u00e0ria del sol\u00b7licitant. Podeu descarregar aquest certificat online o demanar-ho presencialment a la vostra entitat banc\u00e0ria. Cal que el titular del certificat sigui el nom del beneficiari de la subvenci\u00f3.Reportatge fotogr\u00e0fic. Cal adjuntar diferents fotografies dels elements que conformen la instal\u00b7laci\u00f3.Foto de la instal\u00b7laci\u00f3 i\/o bateriaFoto de l\u2019inversor amb un cartell enganxat i completat amb la informaci\u00f3 que es demana.Cartell amb indicacions en blau de com omplir3. Foto de la bateria si \u00e9s el cas amb un cartell enganxat i completat amb la informaci\u00f3 que es demana.Cartell d'exemple amb dades fict\u00edcies d'exemple4. Captura de pantalla de l'aplicaci\u00f3 de monitoratge. Ves a la teva aplicaci\u00f3 on pots veure la producci\u00f3 solar i fes una captura de pantalla de la instal\u00b7laci\u00f3 en funcionament, un dia qualsevol.\"\n            }\n        },\n        {\n            \"@type\": \"Question\",\n            \"name\": \"Models per justificar\",\n            \"acceptedAnswer\": {\n                \"@type\": \"Answer\",\n                \"text\": \"L\u2019informe justificatiu, el Q\u00fcestionari, l'Excel i els cartells per la foto del inversor i\/o bateria el pots trobar a Models per justificar.\"\n            }\n        },\n        {\n            \"@type\": \"Question\",\n            \"name\": \"Tramitaci\u00f3 de la justificaci\u00f3\",\n            \"acceptedAnswer\": {\n                \"@type\": \"Answer\",\n                \"text\": \"Un cop tinguis tota la documentaci\u00f3 cal tramitar la justificaci\u00f3 a:https:\/\/web.gencat.cat\/ca\/tramits\/tramits-temes\/22715_P4_P5_P6_ajuts_renovables_ICAEN?category=75236c7c-a82c-11e3-a972-000c29052e2c&amp;moda=3Segueix aquestes 10 indicacions un cop estiguis a la p\u00e0gina de justificaci\u00f3Clica el bot\u00f3 vermell Inicia (a dalt a la dreta de la p\u00e0gina)Clica a Recuperar dades (abaix a la dreta)Omple els camps amb el teu DNI i n\u00famero d\u2019expedient (ICA25\/21\/******)\u00a0Clica Cercar accionsA Justificaci\u00f3 de despeses selecciona l\u2019opci\u00f3 &ldquo;Sense aportaci\u00f3 de justificants&rdquo;&nbsp; i &ldquo;Cap de les anteriors&rdquo;Marca si has rebut o no, altres ajuts per la mateixa finalitat (abaix de tot) i clica a Seg\u00fcentOmple les dades a justificar del requadre (compte, necessites la mem\u00f2ria t\u00e9cnica) com en l'exemple de m\u00e9s avall. Clica Seg\u00fcentAdjunta l\u2019informe justificatiu, el Q\u00fcestionari i el reportatge fotogr\u00e0fic. Clica Seg\u00fcentAdjunta l\u2019Excel omplert pr\u00e8viament. Clica Signar i presentarIdentifica\u2019t amb el teu certificat digital o idcat m\u00f2bilDescarrega i desa l\u2019acusament de rebuda del tr\u00e0mitDades a justificar amb indicacions en blau de com omplirTingues en compte que podr\u00e0s consultar tots els documents del tr\u00e0mit i el registre d\u2019entrada a la teva Carpeta de la GeneralitatEt desitgem que aquesta guia et sigui d\u2019utilitat i puguis justificar i cobrar la subvenci\u00f3 de la teva instal\u00b7laci\u00f3 solar. Si tens dubtes et llegirem a comentaris o ens pots trucar al 931 69 65 97 i demanar pel departament de tr\u00e0mits.\"\n            }\n        }\n    ]\n}<\/script>\n\n<div class=\"kk-star-ratings kksr-auto kksr-align-left kksr-valign-bottom\"\n    data-payload='{&quot;align&quot;:&quot;left&quot;,&quot;id&quot;:&quot;10305&quot;,&quot;slug&quot;:&quot;default&quot;,&quot;valign&quot;:&quot;bottom&quot;,&quot;ignore&quot;:&quot;&quot;,&quot;reference&quot;:&quot;auto&quot;,&quot;class&quot;:&quot;&quot;,&quot;count&quot;:&quot;2&quot;,&quot;legendonly&quot;:&quot;&quot;,&quot;readonly&quot;:&quot;&quot;,&quot;score&quot;:&quot;5&quot;,&quot;starsonly&quot;:&quot;&quot;,&quot;best&quot;:&quot;5&quot;,&quot;gap&quot;:&quot;5&quot;,&quot;greet&quot;:&quot;Valora este post&quot;,&quot;legend&quot;:&quot;5\\\/5 - (2 votes)&quot;,&quot;size&quot;:&quot;24&quot;,&quot;title&quot;:&quot;Com cobrar la subvenci\u00f3 de la teva instal\u00b7laci\u00f3 solar si la teva empresa instal\u00b7ladora ja no existeix o no contesta. Guia completa.&quot;,&quot;width&quot;:&quot;142.5&quot;,&quot;_legend&quot;:&quot;{score}\\\/{best} - ({count} {votes})&quot;,&quot;font_factor&quot;:&quot;1.25&quot;}'>\n            \n<div class=\"kksr-stars\">\n    \n<div class=\"kksr-stars-inactive\">\n            <div class=\"kksr-star\" data-star=\"1\" style=\"padding-right: 5px\">\n            \n\n<div class=\"kksr-icon\" style=\"width: 24px; height: 24px;\"><\/div>\n        <\/div>\n            <div class=\"kksr-star\" data-star=\"2\" style=\"padding-right: 5px\">\n            \n\n<div class=\"kksr-icon\" style=\"width: 24px; height: 24px;\"><\/div>\n        <\/div>\n            <div class=\"kksr-star\" data-star=\"3\" style=\"padding-right: 5px\">\n            \n\n<div class=\"kksr-icon\" style=\"width: 24px; height: 24px;\"><\/div>\n        <\/div>\n            <div class=\"kksr-star\" data-star=\"4\" style=\"padding-right: 5px\">\n            \n\n<div class=\"kksr-icon\" style=\"width: 24px; height: 24px;\"><\/div>\n        <\/div>\n            <div class=\"kksr-star\" data-star=\"5\" style=\"padding-right: 5px\">\n            \n\n<div class=\"kksr-icon\" style=\"width: 24px; height: 24px;\"><\/div>\n        <\/div>\n    <\/div>\n    \n<div class=\"kksr-stars-active\" style=\"width: 142.5px;\">\n            <div class=\"kksr-star\" style=\"padding-right: 5px\">\n            \n\n<div class=\"kksr-icon\" style=\"width: 24px; height: 24px;\"><\/div>\n        <\/div>\n            <div class=\"kksr-star\" style=\"padding-right: 5px\">\n            \n\n<div class=\"kksr-icon\" style=\"width: 24px; height: 24px;\"><\/div>\n        <\/div>\n            <div class=\"kksr-star\" style=\"padding-right: 5px\">\n            \n\n<div class=\"kksr-icon\" style=\"width: 24px; height: 24px;\"><\/div>\n        <\/div>\n            <div class=\"kksr-star\" style=\"padding-right: 5px\">\n            \n\n<div class=\"kksr-icon\" style=\"width: 24px; height: 24px;\"><\/div>\n        <\/div>\n            <div class=\"kksr-star\" style=\"padding-right: 5px\">\n            \n\n<div class=\"kksr-icon\" style=\"width: 24px; height: 24px;\"><\/div>\n        <\/div>\n    <\/div>\n<\/div>\n                \n\n<div class=\"kksr-legend\" style=\"font-size: 19.2px;\">\n            5\/5 - (2 votes)    <\/div>\n    <\/div>\n","protected":false},"excerpt":{"rendered":"<p>Les subvencions Next Generation per a l&#8217;autoconsum a Catalunya s&#8217;han convertit en un malson per a tots els implicats. <\/p>\n","protected":false},"author":2,"featured_media":10347,"comment_status":"open","ping_status":"closed","sticky":false,"template":"","format":"standard","meta":{"inline_featured_image":false,"_mbp_gutenberg_autopost":false,"footnotes":""},"categories":[142,224,119],"tags":[229,233,147,148,230],"class_list":["post-10305","post","type-post","status-publish","format-standard","has-post-thumbnail","hentry","category-autoconsum","category-ajuts-i-subvencions","category-estalvi-energetic","tag-ajuts-next-generation","tag-subvenciones-next-generation","tag-subvencions-autoconsum","tag-subvencions-fotovoltaica-gencat","tag-subvencions-next-generation"],"fimg_url":"https:\/\/solartradex.com\/blog\/wp-content\/uploads\/2024\/06\/cobrar-subvencio-de-la-instalacio.jpg","post_mailing_queue_ids":[],"_links":{"self":[{"href":"https:\/\/solartradex.com\/blog\/ca\/wp-json\/wp\/v2\/posts\/10305","targetHints":{"allow":["GET"]}}],"collection":[{"href":"https:\/\/solartradex.com\/blog\/ca\/wp-json\/wp\/v2\/posts"}],"about":[{"href":"https:\/\/solartradex.com\/blog\/ca\/wp-json\/wp\/v2\/types\/post"}],"author":[{"embeddable":true,"href":"https:\/\/solartradex.com\/blog\/ca\/wp-json\/wp\/v2\/users\/2"}],"replies":[{"embeddable":true,"href":"https:\/\/solartradex.com\/blog\/ca\/wp-json\/wp\/v2\/comments?post=10305"}],"version-history":[{"count":3,"href":"https:\/\/solartradex.com\/blog\/ca\/wp-json\/wp\/v2\/posts\/10305\/revisions"}],"predecessor-version":[{"id":11259,"href":"https:\/\/solartradex.com\/blog\/ca\/wp-json\/wp\/v2\/posts\/10305\/revisions\/11259"}],"wp:featuredmedia":[{"embeddable":true,"href":"https:\/\/solartradex.com\/blog\/ca\/wp-json\/wp\/v2\/media\/10347"}],"wp:attachment":[{"href":"https:\/\/solartradex.com\/blog\/ca\/wp-json\/wp\/v2\/media?parent=10305"}],"wp:term":[{"taxonomy":"category","embeddable":true,"href":"https:\/\/solartradex.com\/blog\/ca\/wp-json\/wp\/v2\/categories?post=10305"},{"taxonomy":"post_tag","embeddable":true,"href":"https:\/\/solartradex.com\/blog\/ca\/wp-json\/wp\/v2\/tags?post=10305"}],"curies":[{"name":"wp","href":"https:\/\/api.w.org\/{rel}","templated":true}]}}