{"id":11271,"date":"2026-04-19T05:44:29","date_gmt":"2026-04-19T03:44:29","guid":{"rendered":"https:\/\/solartradex.com\/blog\/?p=11271"},"modified":"2026-07-28T05:22:44","modified_gmt":"2026-07-28T03:22:44","slug":"huawei-presenta-la-bateria-luna-s1-luna-s0","status":"publish","type":"post","link":"https:\/\/solartradex.com\/blog\/ca\/huawei-presenta-la-bateria-luna-s1-luna-s0\/","title":{"rendered":"Huawei presenta la bateria LUNA \u2013 S1 i finalitza la producci\u00f3 del model LUNA-S0"},"content":{"rendered":"\n<div id=\"ez-toc-container\" class=\"ez-toc-v2_0_87 counter-hierarchy ez-toc-counter ez-toc-grey ez-toc-container-direction\">\n<div class=\"ez-toc-title-container\">\n<p class=\"ez-toc-title\" style=\"cursor:inherit\">Contenidos<\/p>\n<span class=\"ez-toc-title-toggle\"><a href=\"#\" class=\"ez-toc-pull-right ez-toc-btn ez-toc-btn-xs ez-toc-btn-default ez-toc-toggle\" aria-label=\"Toggle Table of Content\"><span class=\"ez-toc-js-icon-con\"><span class=\"\"><span class=\"eztoc-hide\" style=\"display:none;\">Toggle<\/span><span class=\"ez-toc-icon-toggle-span\"><svg style=\"fill: #999;color:#999\" xmlns=\"http:\/\/www.w3.org\/2000\/svg\" class=\"list-377408\" width=\"20px\" height=\"20px\" viewBox=\"0 0 24 24\" fill=\"none\"><path d=\"M6 6H4v2h2V6zm14 0H8v2h12V6zM4 11h2v2H4v-2zm16 0H8v2h12v-2zM4 16h2v2H4v-2zm16 0H8v2h12v-2z\" fill=\"currentColor\"><\/path><\/svg><svg style=\"fill: #999;color:#999\" class=\"arrow-unsorted-368013\" xmlns=\"http:\/\/www.w3.org\/2000\/svg\" width=\"10px\" height=\"10px\" viewBox=\"0 0 24 24\" version=\"1.2\" baseProfile=\"tiny\"><path d=\"M18.2 9.3l-6.2-6.3-6.2 6.3c-.2.2-.3.4-.3.7s.1.5.3.7c.2.2.4.3.7.3h11c.3 0 .5-.1.7-.3.2-.2.3-.5.3-.7s-.1-.5-.3-.7zM5.8 14.7l6.2 6.3 6.2-6.3c.2-.2.3-.5.3-.7s-.1-.5-.3-.7c-.2-.2-.4-.3-.7-.3h-11c-.3 0-.5.1-.7.3-.2.2-.3.5-.3.7s.1.5.3.7z\"\/><\/svg><\/span><\/span><\/span><\/a><\/span><\/div>\n<nav><ul class='ez-toc-list ez-toc-list-level-1 eztoc-toggle-hide-by-default' ><li class='ez-toc-page-1 ez-toc-heading-level-2'><a class=\"ez-toc-link ez-toc-heading-1\" href=\"https:\/\/solartradex.com\/blog\/ca\/huawei-presenta-la-bateria-luna-s1-luna-s0\/#La_companyia_anuncia_larribada_de_la_seva_nova_bateria_LUNA-S1_una_evolucio_tecnologica_que_millora_el_rendiment_la_seguretat_i_leficiencia_dels_sistemes_dautoconsum\" >La companyia anuncia l&#8217;arribada de la seva nova bateria LUNA-S1, una evoluci\u00f3 tecnol\u00f2gica que millora el rendiment, la seguretat i l&#8217;efici\u00e8ncia dels sistemes d&#8217;autoconsum.<\/a><ul class='ez-toc-list-level-3' ><li class='ez-toc-heading-level-3'><a class=\"ez-toc-link ez-toc-heading-2\" href=\"https:\/\/solartradex.com\/blog\/ca\/huawei-presenta-la-bateria-luna-s1-luna-s0\/#Que_implica_aquesta_evolucio_per_a_installacions_existents\" >Qu\u00e8 implica aquesta evoluci\u00f3 per a instal\u00b7lacions existents<\/a><\/li><li class='ez-toc-page-1 ez-toc-heading-level-3'><a class=\"ez-toc-link ez-toc-heading-3\" href=\"https:\/\/solartradex.com\/blog\/ca\/huawei-presenta-la-bateria-luna-s1-luna-s0\/#I_per_a_noves_installacions_amb_bateria\" >I per a noves instal\u00b7lacions amb bateria?<\/a><\/li><li class='ez-toc-page-1 ez-toc-heading-level-3'><a class=\"ez-toc-link ez-toc-heading-4\" href=\"https:\/\/solartradex.com\/blog\/ca\/huawei-presenta-la-bateria-luna-s1-luna-s0\/#Ajuts_vigents_que_potencien_la_incorporacio_de_bateries\" >Ajuts vigents que potencien la incorporaci\u00f3 de bateries<\/a><\/li><\/ul><\/li><\/ul><\/nav><\/div>\n<h2 class=\"wp-block-heading\"><span class=\"ez-toc-section\" id=\"La_companyia_anuncia_larribada_de_la_seva_nova_bateria_LUNA-S1_una_evolucio_tecnologica_que_millora_el_rendiment_la_seguretat_i_leficiencia_dels_sistemes_dautoconsum\"><\/span>La companyia anuncia l&#8217;arribada de la seva nova bateria <strong>LUNA-S1<\/strong>, una evoluci\u00f3 tecnol\u00f2gica que millora el rendiment, la seguretat i l&#8217;efici\u00e8ncia dels sistemes d&#8217;autoconsum. <span class=\"ez-toc-section-end\"><\/span><\/h2>\n\n\n\n<p class=\"wp-block-paragraph\">Huawei continua apostant per la innovaci\u00f3 en solucions d&#8217;emmagatzematge energ\u00e8tic i anuncia l&#8217;arribada de la seva nova bateria <strong>LUNA-S1<\/strong>, una evoluci\u00f3 tecnol\u00f2gica que millora el rendiment, la seguretat i l&#8217;efici\u00e8ncia dels sistemes d&#8217;autoconsum.<\/p>\n\n\n\n<p class=\"wp-block-paragraph\">En aquest context, la companyia ha comunicat que la producci\u00f3 de la bateria <strong>LUNA-S0<\/strong> ha finalitzat el passat 31 de mar\u00e7 de 2026, donant pas a aquesta nova generaci\u00f3.<\/p>\n\n\n\n<p class=\"wp-block-paragraph\">La nova LUNA-S1 incorpora millores destacades en capacitat, optimitzaci\u00f3 energ\u00e8tica i integraci\u00f3 amb sistemes actuals, consolidant-se com la nova refer\u00e8ncia per a instal\u00b7lacions futures.<\/p>\n\n\n\n<p class=\"wp-block-paragraph\">Les instal\u00b7lacions amb LUNA-S0 continuaran funcionant amb total normalitat i amb totes les garanties habituals. No obstant aix\u00f2, en cas de voler ampliar la capacitat de la bateria en el futur, cal tenir en compte que els nous m\u00f2duls <strong>LUNA-S1 no s\u00f3n compatibles amb els sistemes LUNA-S0 existents<\/strong>.<\/p>\n\n\n\n<figure class=\"wp-block-image size-large\"><img fetchpriority=\"high\" decoding=\"async\" width=\"1024\" height=\"512\" src=\"https:\/\/solartradex.com\/blog\/wp-content\/uploads\/2026\/04\/INFOGRAFIA-LUNA-S0-1024x512.png\" alt=\"Bateria luna S0 versus lunas1 de huawei\" class=\"wp-image-11263\" title=\"\" srcset=\"https:\/\/solartradex.com\/blog\/wp-content\/uploads\/2026\/04\/INFOGRAFIA-LUNA-S0-1024x512.png 1024w, https:\/\/solartradex.com\/blog\/wp-content\/uploads\/2026\/04\/INFOGRAFIA-LUNA-S0-768x384.png 768w, https:\/\/solartradex.com\/blog\/wp-content\/uploads\/2026\/04\/INFOGRAFIA-LUNA-S0-300x150.png 300w, https:\/\/solartradex.com\/blog\/wp-content\/uploads\/2026\/04\/INFOGRAFIA-LUNA-S0.png 1125w\" sizes=\"(max-width: 1024px) 100vw, 1024px\" \/><figcaption class=\"wp-element-caption\">Bateria LUNA-S0 versus LUNA-S1 de HUAWEI<\/figcaption><\/figure>\n\n\n\n<p class=\"wp-block-paragraph\">Aquest canvi forma part de l&#8217;evoluci\u00f3 natural del producte dins el cat\u00e0leg de Huawei, amb l&#8217;objectiu de continuar oferint solucions cada cop m\u00e9s avan\u00e7ades i adaptades a les necessitats del mercat.<\/p>\n\n\n\n<h3 class=\"wp-block-heading\"><span class=\"ez-toc-section\" id=\"Que_implica_aquesta_evolucio_per_a_installacions_existents\"><\/span>Qu\u00e8 implica aquesta evoluci\u00f3 per a instal\u00b7lacions existents<span class=\"ez-toc-section-end\"><\/span><\/h3>\n\n\n\n<p class=\"wp-block-paragraph\">El punt clau per als propietaris d&#8217;instal\u00b7lacions amb LUNA-S0 \u00e9s la <strong>incompatibilitat modular entre generacions<\/strong>. Els sistemes S0 continuaran funcionant amb normalitat i amb les garanties completes del fabricant, per\u00f2 qualsevol ampliaci\u00f3 futura de capacitat requerir\u00e0 planificar la soluci\u00f3 t\u00e8cnica des de l&#8217;inici: mantenir una configuraci\u00f3 tancada amb S0 (mentre hi hagi estoc de recanvis) o migrar a la nova plataforma S1.<\/p>\n\n\n\n<p class=\"wp-block-paragraph\">Aquesta q\u00fcesti\u00f3 \u2014l&#8217;<strong>escalabilitat modular al llarg del temps<\/strong>\u2014 \u00e9s cada cop m\u00e9s rellevant en un mercat on el consum dom\u00e8stic creix de forma sostinguda (aerot\u00e8rmia, cotxe el\u00e8ctric, cuines d&#8217;inducci\u00f3) i on una bateria que comprem avui ha de poder ampliar-se d&#8217;aqu\u00ed a 5-10 anys.<\/p>\n\n\n\n<h3 class=\"wp-block-heading\"><span class=\"ez-toc-section\" id=\"I_per_a_noves_installacions_amb_bateria\"><\/span>I per a noves instal\u00b7lacions amb bateria?<span class=\"ez-toc-section-end\"><\/span><\/h3>\n\n\n\n<p class=\"wp-block-paragraph\">Si est\u00e0s valorant incorporar per primera vegada un <a href=\"https:\/\/solartradex.com\/ca\/servei\/plaques-solars-fotovoltaiques\/autoconsum-residencial\">sistema d&#8217;autoconsum residencial<\/a> amb bateria, aquest \u00e9s un bon moment: les millores de la nova generaci\u00f3 S1 se sumen a un context d&#8217;ajudes fiscals molt favorable.<\/p>\n\n\n\n<p class=\"wp-block-paragraph\">Si vols entendre <strong>per qu\u00e8 instal\u00b7lar una bateria \u00e9s una decisi\u00f3 rendible<\/strong> m\u00e9s enll\u00e0 de l&#8217;estalvi directe a la factura (autonomia energ\u00e8tica, valoritzaci\u00f3 d&#8217;excedents, funcions intel\u00b7ligents, paper de les bateries f\u00edsiques vs virtuals), et recomanem llegir la nostra guia completa: <a href=\"https:\/\/solartradex.com\/blog\/ca\/instal%c2%b7lem-bateries-a-casa\/\">Instal\u00b7lem bateries a casa?<\/a><\/p>\n\n\n\n<h3 class=\"wp-block-heading\"><span class=\"ez-toc-section\" id=\"Ajuts_vigents_que_potencien_la_incorporacio_de_bateries\"><\/span>Ajuts vigents que potencien la incorporaci\u00f3 de bateries<span class=\"ez-toc-section-end\"><\/span><\/h3>\n\n\n\n<p class=\"wp-block-paragraph\">El marc d&#8217;<a href=\"https:\/\/solartradex.com\/ca\/ajuts-subvencions\">ajuts i subvencions vigents<\/a> s&#8217;est\u00e0 enfocant especialment en els sistemes d&#8217;emmagatzematge. La combinaci\u00f3 de la deducci\u00f3 de l&#8217;IRPF (RDL 7\/2026), el sistema CAE i \u2014si est\u00e0s a Balears\u2014 la convocat\u00f2ria FACTOR 2026, pot reduir significativament la inversi\u00f3 inicial.<\/p>\n\n\n\n<p class=\"wp-block-paragraph\"><a href=\"https:\/\/solartradex.com\/ca\/sollicitar-pressupost\/plaques-solars\">Demana pressupost sense comprom\u00eds<\/a> i t&#8217;assessorem sobre la configuraci\u00f3 t\u00e8cnica adequada segons la teva instal\u00b7laci\u00f3 actual i consum previst.<\/p>\n\n\n<\/p>\n<p><\/p><script type=\"application\/ld+json\">{\n    \"@context\": \"https:\/\/schema.org\",\n    \"@type\": \"FAQPage\",\n    \"mainEntity\": [\n        {\n            \"@type\": \"Question\",\n            \"name\": \"La companyia anuncia l'arribada de la seva nova bateria LUNA-S1, una evoluci\u00f3 tecnol\u00f2gica que millora el rendiment, la seguretat i l'efici\u00e8ncia dels sistemes d'autoconsum. \",\n            \"acceptedAnswer\": {\n                \"@type\": \"Answer\",\n                \"text\": \"Huawei continua apostant per la innovaci\u00f3 en solucions d'emmagatzematge energ\u00e8tic i anuncia l'arribada de la seva nova bateria LUNA-S1, una evoluci\u00f3 tecnol\u00f2gica que millora el rendiment, la seguretat i l'efici\u00e8ncia dels sistemes d'autoconsum.En aquest context, la companyia ha comunicat que la producci\u00f3 de la bateria LUNA-S0 ha finalitzat el passat 31 de mar\u00e7 de 2026, donant pas a aquesta nova generaci\u00f3.La nova LUNA-S1 incorpora millores destacades en capacitat, optimitzaci\u00f3 energ\u00e8tica i integraci\u00f3 amb sistemes actuals, consolidant-se com la nova refer\u00e8ncia per a instal\u00b7lacions futures.Les instal\u00b7lacions amb LUNA-S0 continuaran funcionant amb total normalitat i amb totes les garanties habituals. No obstant aix\u00f2, en cas de voler ampliar la capacitat de la bateria en el futur, cal tenir en compte que els nous m\u00f2duls LUNA-S1 no s\u00f3n compatibles amb els sistemes LUNA-S0 existents.Bateria LUNA-S0 versus LUNA-S1 de HUAWEIAquest canvi forma part de l'evoluci\u00f3 natural del producte dins el cat\u00e0leg de Huawei, amb l'objectiu de continuar oferint solucions cada cop m\u00e9s avan\u00e7ades i adaptades a les necessitats del mercat.\"\n            }\n        },\n        {\n            \"@type\": \"Question\",\n            \"name\": \"Qu\u00e8 implica aquesta evoluci\u00f3 per a instal\u00b7lacions existents\",\n            \"acceptedAnswer\": {\n                \"@type\": \"Answer\",\n                \"text\": \"El punt clau per als propietaris d'instal\u00b7lacions amb LUNA-S0 \u00e9s la incompatibilitat modular entre generacions. Els sistemes S0 continuaran funcionant amb normalitat i amb les garanties completes del fabricant, per\u00f2 qualsevol ampliaci\u00f3 futura de capacitat requerir\u00e0 planificar la soluci\u00f3 t\u00e8cnica des de l'inici: mantenir una configuraci\u00f3 tancada amb S0 (mentre hi hagi estoc de recanvis) o migrar a la nova plataforma S1.Aquesta q\u00fcesti\u00f3 \u2014l'escalabilitat modular al llarg del temps\u2014 \u00e9s cada cop m\u00e9s rellevant en un mercat on el consum dom\u00e8stic creix de forma sostinguda (aerot\u00e8rmia, cotxe el\u00e8ctric, cuines d'inducci\u00f3) i on una bateria que comprem avui ha de poder ampliar-se d'aqu\u00ed a 5-10 anys.\"\n            }\n        },\n        {\n            \"@type\": \"Question\",\n            \"name\": \"I per a noves instal\u00b7lacions amb bateria?\",\n            \"acceptedAnswer\": {\n                \"@type\": \"Answer\",\n                \"text\": \"Si est\u00e0s valorant incorporar per primera vegada un sistema d'autoconsum residencial amb bateria, aquest \u00e9s un bon moment: les millores de la nova generaci\u00f3 S1 se sumen a un context d'ajudes fiscals molt favorable.Si vols entendre per qu\u00e8 instal\u00b7lar una bateria \u00e9s una decisi\u00f3 rendible m\u00e9s enll\u00e0 de l'estalvi directe a la factura (autonomia energ\u00e8tica, valoritzaci\u00f3 d'excedents, funcions intel\u00b7ligents, paper de les bateries f\u00edsiques vs virtuals), et recomanem llegir la nostra guia completa: Instal\u00b7lem bateries a casa?\"\n            }\n        },\n        {\n            \"@type\": \"Question\",\n            \"name\": \"Ajuts vigents que potencien la incorporaci\u00f3 de bateries\",\n            \"acceptedAnswer\": {\n                \"@type\": \"Answer\",\n                \"text\": \"El marc d'ajuts i subvencions vigents s'est\u00e0 enfocant especialment en els sistemes d'emmagatzematge. La combinaci\u00f3 de la deducci\u00f3 de l'IRPF (RDL 7\/2026), el sistema CAE i \u2014si est\u00e0s a Balears\u2014 la convocat\u00f2ria FACTOR 2026, pot reduir significativament la inversi\u00f3 inicial.Demana pressupost sense comprom\u00eds i t'assessorem sobre la configuraci\u00f3 t\u00e8cnica adequada segons la teva instal\u00b7laci\u00f3 actual i consum previst.\"\n            }\n        }\n    ]\n}<\/script>","protected":false},"excerpt":{"rendered":"<p>La LUNA-S1 \u00e9s una soluci\u00f3 d&#8217;emmagatzematge energ\u00e8tic amb una tecnologia que millora el rendiment, la seguretat i l&#8217;efici\u00e8ncia dels sistemes d&#8217;autoconsum.<\/p>\n","protected":false},"author":412,"featured_media":11281,"comment_status":"closed","ping_status":"closed","sticky":false,"template":"","format":"standard","meta":{"inline_featured_image":false,"_mbp_gutenberg_autopost":false,"footnotes":""},"categories":[142],"tags":[242,243],"class_list":["post-11271","post","type-post","status-publish","format-standard","has-post-thumbnail","hentry","category-autoconsum","tag-bateria-luna-20","tag-bateria-luna-s1"],"fimg_url":"https:\/\/solartradex.com\/blog\/wp-content\/uploads\/2026\/04\/Luna-S0-768-x-506-px.jpg","post_mailing_queue_ids":[],"_links":{"self":[{"href":"https:\/\/solartradex.com\/blog\/ca\/wp-json\/wp\/v2\/posts\/11271","targetHints":{"allow":["GET"]}}],"collection":[{"href":"https:\/\/solartradex.com\/blog\/ca\/wp-json\/wp\/v2\/posts"}],"about":[{"href":"https:\/\/solartradex.com\/blog\/ca\/wp-json\/wp\/v2\/types\/post"}],"author":[{"embeddable":true,"href":"https:\/\/solartradex.com\/blog\/ca\/wp-json\/wp\/v2\/users\/412"}],"replies":[{"embeddable":true,"href":"https:\/\/solartradex.com\/blog\/ca\/wp-json\/wp\/v2\/comments?post=11271"}],"version-history":[{"count":2,"href":"https:\/\/solartradex.com\/blog\/ca\/wp-json\/wp\/v2\/posts\/11271\/revisions"}],"predecessor-version":[{"id":11950,"href":"https:\/\/solartradex.com\/blog\/ca\/wp-json\/wp\/v2\/posts\/11271\/revisions\/11950"}],"wp:featuredmedia":[{"embeddable":true,"href":"https:\/\/solartradex.com\/blog\/ca\/wp-json\/wp\/v2\/media\/11281"}],"wp:attachment":[{"href":"https:\/\/solartradex.com\/blog\/ca\/wp-json\/wp\/v2\/media?parent=11271"}],"wp:term":[{"taxonomy":"category","embeddable":true,"href":"https:\/\/solartradex.com\/blog\/ca\/wp-json\/wp\/v2\/categories?post=11271"},{"taxonomy":"post_tag","embeddable":true,"href":"https:\/\/solartradex.com\/blog\/ca\/wp-json\/wp\/v2\/tags?post=11271"}],"curies":[{"name":"wp","href":"https:\/\/api.w.org\/{rel}","templated":true}]}}