{"id":9055,"date":"2018-02-26T18:51:00","date_gmt":"2018-02-26T17:51:00","guid":{"rendered":"https:\/\/solartradex.com\/blog\/ppa-la-llave-la-transicion-energetica\/"},"modified":"2023-06-19T22:09:30","modified_gmt":"2023-06-19T20:09:30","slug":"ppa-la-clau-la-transicion-energetica","status":"publish","type":"post","link":"https:\/\/solartradex.com\/blog\/ca\/ppa-la-clau-la-transicion-energetica\/","title":{"rendered":"\u00c9s el PPA la clau de la transici\u00f3 energ\u00e8tica?"},"content":{"rendered":"\n\nAquest passat dijous vaig assistir amb gran expectaci\u00f3 a la jornada que\u00a0<a href=\"https:\/\/solartradex.com\/blog\/ppa-la-llave-la-transicion-energetica\/#\">APPA<\/a>\u00a0\u00a0va organitzar a Barcelona sota el nom de CONTRACTES PPA: CONNECTANT PRODUCTORS I CONSUMIDORS.\n\n \n\n\u00c9s just recon\u00e8ixer\u00a0que la jornada va ser un \u00e8xit rotund d&#8217;assist\u00e8ncia, no en va els PPA\u2019s s&#8217;han erigit des de ja fa anys,\u00a0com un fenomen d&#8217;\u00e8xit mundial que ara arriba a Espanya\u00a0com la pedra filosofal\u00a0de les energies renovables que ha de permetre al nostre pa\u00eds reverdir antigues \u00e8poques de vi i roses en les quals lider\u00e0vem\u00a0amb universal\u00a0admiraci\u00f3 el desenvolupament i expansi\u00f3 de les energies renovables.\n\n <div class=\"wp-block-image\">\n<figure class=\"aligncenter\"><img fetchpriority=\"high\" decoding=\"async\" width=\"849\" height=\"566\" class=\"wp-image-6173\" src=\"https:\/\/solartradex.com\/blog\/wp-content\/uploads\/2018\/02\/Fotolia_116270613_S.jpg\" alt=\"\" title=\"\" srcset=\"https:\/\/solartradex.com\/blog\/wp-content\/uploads\/2018\/02\/Fotolia_116270613_S.jpg 849w, https:\/\/solartradex.com\/blog\/wp-content\/uploads\/2018\/02\/Fotolia_116270613_S-300x200.jpg 300w, https:\/\/solartradex.com\/blog\/wp-content\/uploads\/2018\/02\/Fotolia_116270613_S-768x512.jpg 768w\" sizes=\"(max-width: 849px) 100vw, 849px\" \/><\/figure>\n<\/div> \n\nNo obstant aix\u00f2, jo em pregunto\u2026\u00a0<strong>Per\u00f2 de deb\u00f2 la transici\u00f3 energ\u00e8tica a la qual aspirem passa inequ\u00edvocament pels PPA<\/strong>\u2019<strong>s?<\/strong>\n\n \n\nNo, no i mil vegades no; el PPA encara sent enaltit\u00a0per molts actors del sector i reconeixent-li alguns aspectes positius, no ens acosta a la democratitzaci\u00f3 de l&#8217;energia que perseguim, i \u00e9s que el PPA que persegueixen la majoria de desenvolupadors i bancs, per despectiu que sembli, no deixa de ser viure del pelotazo per a cobrir l&#8217;esquena a l&#8217;oligopoli el\u00e8ctric i seguir amb un model energ\u00e8tic centralitzat de grans parcs de generaci\u00f3, que encara que renovables i no contaminants, continuaran sent aliens al canvi de model energ\u00e8tic que demanda una gran majoria de la societat.\n\n \n\nPermeteu-me doncs que comparteixi amb vosaltres la meva \u00abvisi\u00f3\u00bb referent al fenomen PPA, no sense risc, aix\u00f2 s\u00ed, de ser repr\u00e8s per part d&#8217;algun dels principals stakeholders del sector de les energies renovables a Espanya\u2026 Inconvenients de l&#8217;ofici.\n\n  <!--more-->  \n<div id=\"ez-toc-container\" class=\"ez-toc-v2_0_82_2 counter-hierarchy ez-toc-counter ez-toc-grey ez-toc-container-direction\">\n<div class=\"ez-toc-title-container\">\n<p class=\"ez-toc-title\" style=\"cursor:inherit\">Contenidos<\/p>\n<span class=\"ez-toc-title-toggle\"><a href=\"#\" class=\"ez-toc-pull-right ez-toc-btn ez-toc-btn-xs ez-toc-btn-default ez-toc-toggle\" aria-label=\"Toggle Table of Content\"><span class=\"ez-toc-js-icon-con\"><span class=\"\"><span class=\"eztoc-hide\" style=\"display:none;\">Toggle<\/span><span class=\"ez-toc-icon-toggle-span\"><svg style=\"fill: #999;color:#999\" xmlns=\"http:\/\/www.w3.org\/2000\/svg\" class=\"list-377408\" width=\"20px\" height=\"20px\" viewBox=\"0 0 24 24\" fill=\"none\"><path d=\"M6 6H4v2h2V6zm14 0H8v2h12V6zM4 11h2v2H4v-2zm16 0H8v2h12v-2zM4 16h2v2H4v-2zm16 0H8v2h12v-2z\" fill=\"currentColor\"><\/path><\/svg><svg style=\"fill: #999;color:#999\" class=\"arrow-unsorted-368013\" xmlns=\"http:\/\/www.w3.org\/2000\/svg\" width=\"10px\" height=\"10px\" viewBox=\"0 0 24 24\" version=\"1.2\" baseProfile=\"tiny\"><path d=\"M18.2 9.3l-6.2-6.3-6.2 6.3c-.2.2-.3.4-.3.7s.1.5.3.7c.2.2.4.3.7.3h11c.3 0 .5-.1.7-.3.2-.2.3-.5.3-.7s-.1-.5-.3-.7zM5.8 14.7l6.2 6.3 6.2-6.3c.2-.2.3-.5.3-.7s-.1-.5-.3-.7c-.2-.2-.4-.3-.7-.3h-11c-.3 0-.5.1-.7.3-.2.2-.3.5-.3.7s.1.5.3.7z\"\/><\/svg><\/span><\/span><\/span><\/a><\/span><\/div>\n<nav><ul class='ez-toc-list ez-toc-list-level-1 eztoc-toggle-hide-by-default' ><li class='ez-toc-page-1 ez-toc-heading-level-2'><a class=\"ez-toc-link ez-toc-heading-1\" href=\"https:\/\/solartradex.com\/blog\/ca\/ppa-la-clau-la-transicion-energetica\/#Que_es_el_PPA_denergia\" >Qu\u00e8 \u00e9s el PPA d&#8217;energia?<\/a><\/li><li class='ez-toc-page-1 ez-toc-heading-level-2'><a class=\"ez-toc-link ez-toc-heading-2\" href=\"https:\/\/solartradex.com\/blog\/ca\/ppa-la-clau-la-transicion-energetica\/#A_qui_li_interessa_el_PPA\" >A qui li interessa el PPA?<\/a><\/li><li class='ez-toc-page-1 ez-toc-heading-level-2'><a class=\"ez-toc-link ez-toc-heading-3\" href=\"https:\/\/solartradex.com\/blog\/ca\/ppa-la-clau-la-transicion-energetica\/#Tipologies_de_PPA\" >Tipologies de PPA<\/a><ul class='ez-toc-list-level-3' ><li class='ez-toc-heading-level-3'><a class=\"ez-toc-link ez-toc-heading-4\" href=\"https:\/\/solartradex.com\/blog\/ca\/ppa-la-clau-la-transicion-energetica\/#PPA_OFF-SITE\" >PPA OFF-SITE<\/a><\/li><li class='ez-toc-page-1 ez-toc-heading-level-3'><a class=\"ez-toc-link ez-toc-heading-5\" href=\"https:\/\/solartradex.com\/blog\/ca\/ppa-la-clau-la-transicion-energetica\/#PPA_ON-SITE\" >PPA ON-SITE<\/a><\/li><\/ul><\/li><li class='ez-toc-page-1 ez-toc-heading-level-2'><a class=\"ez-toc-link ez-toc-heading-6\" href=\"https:\/\/solartradex.com\/blog\/ca\/ppa-la-clau-la-transicion-energetica\/#Qui_es_el_principal_client_objectiu_per_a_comprar_tots_aquests_PPA_a_Espanya\" >Qui \u00e9s el principal client objectiu per a comprar tots aquests PPA a Espanya?<\/a><\/li><li class='ez-toc-page-1 ez-toc-heading-level-2'><a class=\"ez-toc-link ez-toc-heading-7\" href=\"https:\/\/solartradex.com\/blog\/ca\/ppa-la-clau-la-transicion-energetica\/#I_la_transicio_energetica_la_generacio_distribuida_i_la_democratitzacio_de_lenergia_Les_hem_oblidat\" >I la transici\u00f3 energ\u00e8tica, la generaci\u00f3 distribu\u00efda\u00a0i la democratitzaci\u00f3 de l&#8217;energia? Les hem oblidat?<\/a><\/li><li class='ez-toc-page-1 ez-toc-heading-level-2'><a class=\"ez-toc-link ez-toc-heading-8\" href=\"https:\/\/solartradex.com\/blog\/ca\/ppa-la-clau-la-transicion-energetica\/#Tipologies_de_PPA-2\" >Tipologies de PPA<\/a><ul class='ez-toc-list-level-3' ><li class='ez-toc-heading-level-3'><a class=\"ez-toc-link ez-toc-heading-9\" href=\"https:\/\/solartradex.com\/blog\/ca\/ppa-la-clau-la-transicion-energetica\/#PPA_OFF-SITE-2\" >PPA OFF-SITE<\/a><\/li><li class='ez-toc-page-1 ez-toc-heading-level-3'><a class=\"ez-toc-link ez-toc-heading-10\" href=\"https:\/\/solartradex.com\/blog\/ca\/ppa-la-clau-la-transicion-energetica\/#PPA_ON-SITE-2\" >PPA ON-SITE<\/a><\/li><\/ul><\/li><li class='ez-toc-page-1 ez-toc-heading-level-2'><a class=\"ez-toc-link ez-toc-heading-11\" href=\"https:\/\/solartradex.com\/blog\/ca\/ppa-la-clau-la-transicion-energetica\/#Qui_es_el_principal_client_objectiu_per_a_comprar_tots_aquests_PPA_a_Espanya-2\" >Qui \u00e9s el principal client objectiu per a comprar tots aquests PPA a Espanya?<\/a><\/li><li class='ez-toc-page-1 ez-toc-heading-level-2'><a class=\"ez-toc-link ez-toc-heading-12\" href=\"https:\/\/solartradex.com\/blog\/ca\/ppa-la-clau-la-transicion-energetica\/#I_la_transicio_energetica_la_generacio_distribuida_i_la_democratitzacio_de_lenergia_Les_hem_oblidat-2\" >I la transici\u00f3 energ\u00e8tica, la generaci\u00f3 distribu\u00efda\u00a0i la democratitzaci\u00f3 de l&#8217;energia? Les hem oblidat?<\/a><\/li><\/ul><\/nav><\/div>\n<h2 class=\"wp-block-heading\"><span class=\"ez-toc-section\" id=\"Que_es_el_PPA_denergia\"><\/span><strong>Qu\u00e8 \u00e9s el PPA d&#8217;energia?<\/strong><span class=\"ez-toc-section-end\"><\/span><\/h2>\n \n\nLes sigles PPA es corresponen a l&#8217;acr\u00f2nim angl\u00e8s\u00a0<a href=\"https:\/\/solartradex.com\/blog\/ppa-la-llave-la-transicion-energetica\/#\">Power Purchase Agreement<\/a>, o cosa que \u00e9s el mateix un\u00a0<strong>Acord\u00a0de Compra d&#8217;Energia<\/strong>\u00a0entre un productor independent i una contrapart compradora d&#8217;electricitat. Aquests signen un contracte a mitj\u00e0-llarg termini, t\u00edpicament de 10-12 anys de durada, pel qual tots dos acorden el lliurament d&#8217;una quantitat determinada d&#8217;energia a un preu fixat ex-ante (que no t\u00e9 per qu\u00e8 ser un preu fix).\n\n \n\nA Espanya, aquest contracte, encara havent de ser comunicat a l&#8217;Operador del Mercat El\u00e8ctric, funciona de manera independent a ell, per la qual cosa la quantitat d&#8217;energia objecte del contracte en q\u00fcesti\u00f3 quedar\u00e0 fora de la cassaci\u00f3 del mercat diari o \u00abpool\u00bb.\n\n \n\nAquest fenomen \u00e0mpliament est\u00e8s en diversos pa\u00efsos del continent americ\u00e0 i Austr\u00e0lia, es mostra a Espanya com El Daurat per a tots aquells desenvolupadors de grans projectes d&#8217;energia solar fotovoltaica i energia e\u00f2lica, que \u00e0vids de finan\u00e7ament per als seus projectes, busquen en el PPA un mecanisme\u00a0que\u00a0els garanteixi els ingressos necessaris en el mitj\u00e0-llarg termini per a\u00a0conv\u00e8ncer\u00a0a la banca tradicional o a fons d&#8217;inversi\u00f3 a prestar\u00a0els diners necessaris per al desenvolupament\u00a0dels\u00a0seus mega-projectes de generaci\u00f3 renovable.\n\n \n\nI \u00e9s que d&#8217;una altra manera i a causa de la volatilitat del mercat espot de l&#8217;electricitat a Espanya que impossibilita un horitz\u00f3 estable de preus de l&#8217;electricitat en el mitj\u00e0-llarg termini, es\u00a0fa pr\u00e0cticament impossible trobar finan\u00e7ament per a aquests grans projectes\u00a0necessitats d&#8217;un gran esfor\u00e7 inversor.\n\n \n\nAix\u00ed doncs,\u00a0que la jornada organitzada per APPA fos un \u00e8xit de convocat\u00f2ria no hagu\u00e9s de sorprendre&#8217;ns; Espanya, com a resultat de les 3 subhastes de capacitat renovable organitzades pel\u00a0Ministeri d&#8217;Energia, Turisme i Agenda Digital al llarg d&#8217;aquest \u00faltim any i mig, t\u00e9 m\u00e9s de 8 GW de projectes e\u00f2lics i solars pendents d&#8217;execuci\u00f3, projectes que \u00f2bviament tenen una gran necessitat de finan\u00e7ament, per\u00f2 que no destaquen precisament per ser el que comunament entenem com a generaci\u00f3 distribu\u00efda; per tant, i com \u00e9s f\u00e0cil d&#8217;endevinar, a l&#8217;esdeveniment van assistir\u00a0tot l&#8217;elenc d&#8217;actors interessats en el finan\u00e7ament de grans projectes solars i\/o e\u00f2lics; promotors, desenvolupadors, instal\u00b7ladors i finan\u00e7adors \u2026 En definitiva que la jornada es va assemblar m\u00e9s aviat a un conclau de solters a la recerca de parella on elles, per desgr\u00e0cia dels primers, no van fer acte de pres\u00e8ncia; i \u00e9s que si alguna cosa em va quedar clar al llarg de la jornada \u00e9s que l&#8217;inter\u00e8s pels PPA\u2019s est\u00e0 majorit\u00e0riament en el costat venedor, i ja se sap\u2026 l&#8217;amor no \u00e9s amor si no existeix\u00a0contrapart que correspongui a l&#8217;inter\u00e8s d&#8217;un (fins i tot encara que un pugui presumir de grand\u00e0ria\u2026).\n\n \n<h2 class=\"wp-block-heading\"><span class=\"ez-toc-section\" id=\"A_qui_li_interessa_el_PPA\"><\/span><strong>A qui li interessa el PPA?<\/strong><span class=\"ez-toc-section-end\"><\/span><\/h2>\n \n\nTal com ja hem comentat, el PPA \u00e9s un mecanisme que pot ser molt \u00fatil per a finan\u00e7ar grans projectes d&#8217;energies renovables, i la clau ser\u00e0\u00a0entendre qui pot ser la contrapart interessada o els quals s\u00f3n les motivacions que pot tenir una empresa per a comprar l&#8217;electricitat generada pel productor independent.\n\n \n\nCertament, als Estats Units i en diferents pa\u00efsos de Sud-am\u00e8rica i Centream\u00e8rica, el fenomen PPA ha estat un model d&#8217;\u00e8xit, d&#8217;un costat les \u00abutilities\u00bb en molts casos s&#8217;han vist obligades a tancar contractes de compra d&#8217;electricitat renovable per a donar compliment a la Renewable Energy Standard, normativa que les obliga en funci\u00f3 de l&#8217;estat, a tenir un percentatge entre el 10% i el 30% de generaci\u00f3 renovable, i, d&#8217;altra banda, \u00abcorporates\u00bb, liderades principalment per les\u00a0grans empreses tecnol\u00f2giques de Silicon Valley que han d&#8217;alimentar els seus\u00a0milers\u00a0de servidors que alberguen els seus\u00a0centres de dades, han tancat grans contractes PPA per a donar compliment a les seves pol\u00edtiques mediambientals i de RSC.\n\n <div class=\"wp-block-image\">\n<figure class=\"aligncenter\"><img decoding=\"async\" width=\"1109\" height=\"715\" class=\"wp-image-6179\" src=\"https:\/\/solartradex.com\/blog\/wp-content\/uploads\/2018\/02\/Captura-de-pantalla-2018-02-26-a-les-15.59.48.png\" alt=\"\" title=\"\" srcset=\"https:\/\/solartradex.com\/blog\/wp-content\/uploads\/2018\/02\/Captura-de-pantalla-2018-02-26-a-les-15.59.48.png 1109w, https:\/\/solartradex.com\/blog\/wp-content\/uploads\/2018\/02\/Captura-de-pantalla-2018-02-26-a-les-15.59.48-300x193.png 300w, https:\/\/solartradex.com\/blog\/wp-content\/uploads\/2018\/02\/Captura-de-pantalla-2018-02-26-a-les-15.59.48-768x495.png 768w, https:\/\/solartradex.com\/blog\/wp-content\/uploads\/2018\/02\/Captura-de-pantalla-2018-02-26-a-les-15.59.48-1024x660.png 1024w\" sizes=\"(max-width: 1109px) 100vw, 1109px\" \/><\/figure>\n<\/div> \n\nI per si no fos suficient, un altre argument de maj\u00fascul pes est\u00e0 actuant d&#8217;aut\u00e8ntic catalitzador del fenomen PPA, i \u00e9s que en paraules de Fatih Birol, director de l&#8217;Ag\u00e8ncia Internacional de l&#8217;Energia, durant la presentaci\u00f3 de l&#8217;informe Renewables 2017: \u00ab<em>The era of expensive renewables is over<\/em>\u00bb<em>,<\/em>\u00a0\u00a0sobren traduccions\u2026\n\n \n\nNo obstant aix\u00f2, i a pesar que sembla que el vent ens bufa a favor, cal preguntar-se,\u00a0<strong>\u00e9s extrapolable el fenomen PPA a Espanya?<\/strong>\n<h2 class=\"wp-block-heading\"><span class=\"ez-toc-section\" id=\"Tipologies_de_PPA\"><\/span>Tipologies de PPA<span class=\"ez-toc-section-end\"><\/span><\/h2>\n<strong> <\/strong>\n\nEl primer que haurem d&#8217;entendre quan parlem de PPA \u00e9s que existeixen dues tipologies de projectes en funci\u00f3 d&#8217;on aboquen l&#8217;energia generada:\n\n<strong> <\/strong>\n<ol class=\"wp-block-list\">\n \t<li><strong>PPA Off<\/strong>&#8211;<strong>site:<\/strong>\u00a0Projectes que aboquen la totalitat de la seva energia a la xarxa de distribuci\u00f3 el\u00e8ctrica.<\/li>\n \n \t<li><strong>PPA On<\/strong>&#8211;<strong>site:<\/strong>\u00a0Projectes que aboquen la totalitat de la seva energia a la xarxa interior d&#8217;un autoconsumidor, aix\u00f2 \u00e9s Autoconsum.<\/li>\n<\/ol>\n<strong> <\/strong>\n<h3 class=\"wp-block-heading\"><span class=\"ez-toc-section\" id=\"PPA_OFF-SITE\"><\/span>PPA OFF-SITE<span class=\"ez-toc-section-end\"><\/span><\/h3>\n<strong> <\/strong>\n\nEn aquesta tipologia de projectes, l&#8217;energia generada i venuda ser\u00e0 sempre valorada a preu de mercat majorista, la qual cosa significa que si una empresa est\u00e0 interessada a comprar aquesta\u00a0energia, haur\u00e0 de pagar els peatges de transport i distribuci\u00f3 per a transportar l&#8217;electricitat generada al seu punt de consum. I a tot aix\u00f2, el productor tamb\u00e9 haur\u00e0 de sumar als seus costos el 7% d&#8217;impost de generaci\u00f3 per l&#8217;energia abocada a la xarxa.\n\n<strong> <\/strong>\n<h3 class=\"wp-block-heading\"><span class=\"ez-toc-section\" id=\"PPA_ON-SITE\"><\/span>PPA ON-SITE<span class=\"ez-toc-section-end\"><\/span><\/h3>\n<strong> <\/strong>\n\nEn aquesta tipologia de projectes, el tema millora substancialment, ja que l&#8217;energia generada en ser injectada en la xarxa interior del consumidor, ser\u00e0 valorada a preu de mercat minorista, i per tant el comprador s&#8217;estalviar\u00e0 els peatges de transport i distribuci\u00f3, el generador s&#8217;estalviar\u00e0 l&#8217;impost de generaci\u00f3 i tan sols s&#8217;haur\u00e0 d&#8217;aplicar l&#8217;\u00abimpost al sol\u00bb per l&#8217;energia generada i consumida pel comprador; c\u00e0rrec que, d&#8217;altra banda, avui dia no s&#8217;est\u00e0 aplicant i que en cas d&#8217;aplicar algun dia t\u00e9 un impacte financer poc significatiu.\n\n<strong> <\/strong>\n\nD&#8217;aquesta manera, tots convergir\u00edem en qu\u00e8 de tancar un PPA amb algun client, el l\u00f2gic \u00e9s apostar per la modalitat d&#8217;autoconsum tipus 2 (on generador\u00a0i\u00a0consumidor no tenen per qu\u00e8 ser el mateix titular), ja que d&#8217;aquesta manera l&#8217;estalvi final per al consumidor \u00e9s pr\u00e0cticament el doble.\n\n<strong> <\/strong>\n\nPer\u00f2 resulta que aquesta modalitat de PPA t\u00e9 un problema i \u00e9s que els projectes que es poden realitzar sota aquest esquema\u00a0on-site, a priori no tenen la grand\u00e0ria suficient per a ser atractius per a la gran banca i fons d&#8217;inversi\u00f3 per als quals el seu inter\u00e9s en les energies renovables \u00e9s \u00fanicament cremat\u00edstic.\n\n<strong> <\/strong>\n<h2 class=\"wp-block-heading\"><span class=\"ez-toc-section\" id=\"Qui_es_el_principal_client_objectiu_per_a_comprar_tots_aquests_PPA_a_Espanya\"><\/span><strong>Qui \u00e9s el principal client objectiu per a comprar tots aquests PPA a Espanya?<\/strong><span class=\"ez-toc-section-end\"><\/span><\/h2>\n<strong> <\/strong>\n\nD&#8217;un costat podr\u00edem pensar en\u00a0les empreses espanyoles, a manera i semblan\u00e7a de les corporates americanes, encara que\u00a0sembla que aqu\u00ed els plantejaments s\u00f3n clar\u00edssimament\u00a0diferents que a l&#8217;altre costat de l&#8217;Atl\u00e0ntic.\n\n<strong> <\/strong>\n\nAls Estats Units uns dels drivers principals per a aquest tipus d&#8217;empreses s\u00f3n les seves pol\u00edtiques mediambientals i de responsabilitat social corporativa; a Espanya i malgrat el que ens agrada creure, la realitat \u00e9s molt diferent; per desgr\u00e0cia\u00a0manquem d&#8217;empreses\u00a0amb la mentalitat de Google, Facebook, Apple, Microsoft, etc. compromeses a cobrir\u00a0un 100% del seu consum amb electricitat provinent de fonts renovable; a Espanya a penes Bankia, CaixaBank i algunes empreses estrangeres amb seu productiva a Espanya apareixen en\u00a0<a href=\"https:\/\/solartradex.com\/blog\/ppa-la-llave-la-transicion-energetica\/#\">el llistat de les 100 empreses compromeses amb el 100% renovable.<\/a>\n\n<strong> <\/strong>\n\nPort el tant, vist que el factor RSC no pes prou,\u00a0la principal motivaci\u00f3 que pot portar a les empreses espanyoles intensives en consum el\u00e8ctric a signar un PPA ser\u00e0 el preu.\n\n<strong> <\/strong>\n\nI aqu\u00ed tenim un greu problema, i \u00e9s que\u00a0l&#8217;incentiu que aquestes tenen per a comprometre un preu de compra de l&#8217;electricitat en el mitj\u00e0-llarg termini \u00e9s molt baix, per qu\u00e8?\n\n<strong> <\/strong>\n\nDoncs perqu\u00e8 encara que sembla sorprenent, per a una empresa el seu principal incentiu no \u00e9s comprar l&#8217;energia tan barata com sigui possible, sin\u00f3 comprar-la m\u00e9s barata que la compet\u00e8ncia, i heus aqu\u00ed el quid de la q\u00fcesti\u00f3.\n\n<strong> <\/strong>\n\n\u00c9s molt complicat trobar a cap empresa que et signi un contracte d&#8217;electricitat a 10-12 anys per molt competitiu que sigui el preu avui dia, ja que si dins de 7 anys la meva compet\u00e8ncia aconsegueix aprovisionar m\u00e9s barata que jo, m&#8217;haur\u00e9 quedat fora de mercat.\n\n<strong> <\/strong>\n\nI com a m\u00e9s el preu \u00e9s factor determinant, per a aquestes empreses, excepte casos excepcionals, no trobaran atractiu per a signar un gran PPA off-site a trav\u00e9s del qual es podran aprovisionar d&#8217;una gran quantitat d&#8217;energia, per\u00f2 per la qual continuaran pagant els peatges de transport i distribuci\u00f3; que no oblidem suposen al voltant del 40% de la factura el\u00e8ctrica.\n\n<strong> <\/strong>\n\nI, per tant, l&#8217;\u00fanic\u00a0cam\u00ed ser\u00e0 apostar per PPA\u2019s on-site vinculats a projectes de menor grand\u00e0ria, t\u00edpicament projectes d&#8217;autoconsum tipus 2 d&#8217;entre 100 kW i 1 MW instal\u00b7lats en la mateixa coberta del consumidor, connectats a la seva xarxa interior i que permetran al comprador estalviar en el cost total de compra de l&#8217;electricitat, incloent-hi els peatges de transport i distribuci\u00f3 i\u00a0fins i tot una part significativa del terme de pot\u00e8ncia.\n\n<strong> <\/strong>\n\nPer\u00f2 desgraciadament aquests projectes tan atractius des del punt de vista del comprador deixen de ser-ho per als bancs i grans fons d&#8217;inversi\u00f3 que avui dia semblen poc conven\u00e7uts a tornar a esquemes de finan\u00e7ament tipus Project Finance per a grand\u00e0ries de projectes poc rellevants (per a ells\u2026 jo em dono amb un cant en les dents amb un projecte d&#8217;aquesta grand\u00e0ria).\n\n<strong> <\/strong>\n\nPer tant, vist que les opcions de signar un PPA amb una empresa avui dia s\u00f3n molt baixes (em consta que algun PPA s&#8217;ha tancat o est\u00e0 en vies de tancament), l&#8217;\u00fanica opci\u00f3 viable per als desenvolupadors de grans projectes \u00e9s posar el punt de mira en la utilities tradicionals; i\u00a0\u00e9s que\u00a0sense cap dubte aquestes\u00a0grans el\u00e8ctriques veuen en el PPA off-site un producte perfecte per a cobrir el risc de la part de comercialitzaci\u00f3 d&#8217;electricitat que no tenen coberta per les seves pr\u00f2pies plantes de generaci\u00f3.\n\n<strong> <\/strong>\n\nAix\u00ed Javier Alonso, director de Trading d&#8217;Endesa, es\u00a0va deixar seduir durant la seva pon\u00e8ncia en la Jornada d&#8217;APPA, explicant que\u00a0anualment comercialitzen al voltant de 100 TWh d&#8217;electricitat dels quals \u00abtan sols\u00bb tenen coberts el 50% per les seves pr\u00f2pies centrals de generaci\u00f3,\u00a0per la qual cosa\u00a0per a Endesa\u00a0signar un PPA a un preu competitiu \u00e9s la millor manera de deixar d&#8217;estar exposada a la volatilitat del pool pels\u00a0 50 TWh no coberts per generaci\u00f3 pr\u00f2pia.\n\n<strong> <\/strong>\n\nI aix\u00ed doncs,\u00a0sota aquest esquema,\u00a0els\u00a0PPA\u2019s, les subhastes de capacitat renovable del Govern, i tot el sector renovable s&#8217;alineen al servei de l&#8217;oligopoli\u00a0el\u00e8ctric\u00a0i mant\u00e9 inamovible el caduc model energ\u00e8tic centralitzat de tota la vida, que encara que renovable seguir\u00e0\u00a0al servei de\u00a0les empreses de sempre.\n\n<strong> <\/strong>\n<h2 class=\"wp-block-heading\"><span class=\"ez-toc-section\" id=\"I_la_transicio_energetica_la_generacio_distribuida_i_la_democratitzacio_de_lenergia_Les_hem_oblidat\"><\/span>I la transici\u00f3 energ\u00e8tica, la generaci\u00f3 distribu\u00efda\u00a0i la democratitzaci\u00f3 de l&#8217;energia? Les hem oblidat?<span class=\"ez-toc-section-end\"><\/span><\/h2>\n<strong> <\/strong>\n\nPerqu\u00e8\u00a0precisament \u00e9s aquest el motiu pel qual no crec en els PPA\u2019s de gran grand\u00e0ria, ni en les grans subhastes de capacitat renovable promogudes pel Govern d&#8217;Espanya, com a palanca de canvi cap a la transici\u00f3 energ\u00e8tica de la qual sempre estem parlant.\n\n<strong> <\/strong>\n\nLa meva personal visi\u00f3 \u00e9s que aquesta transici\u00f3 energ\u00e8tica passa per centrar\u00a0tots els nostres esfor\u00e7os a compatibilitzar el compliment dels objectius de generaci\u00f3 renovable a nivell de pa\u00eds, amb un canvi efectiu de model que permeti l&#8217;apoderament energ\u00e8tic de\u00a0la ciutadania i les empreses espanyoles, i aix\u00f2 crec sincerament que no \u00e9s compatible\u00a0amb fomentar aquest tipus de PPA\u2019s vinculats a projectes de 20 MW, 50 MW o 250 MW que al final nom\u00e9s serveixen\u00a0per a lucrar a uns pocs, mantenir l&#8217;statu quo de l&#8217;oligopoli el\u00e8ctric, \u00a0i que una vegada aconseguit l&#8217;objectiu de renovables, restaran inter\u00e8s per continuar apostant per la generaci\u00f3 distribu\u00efda i l&#8217;autoconsum\u00a0\u00a0en particular.\n\n<strong> <\/strong>\n\nCom ho veus? M&#8217;encantar\u00e0 con\u00e9ixer la vostra opini\u00f3 i debatre sobre un tema tan controvertit com aquest.\n\n<strong> <\/strong>\n\nSalutacions a tots.\n\n<strong><\/strong>\n<h2><span class=\"ez-toc-section\" id=\"Tipologies_de_PPA-2\"><\/span><span id=\"Tipologias_de_PPA\" class=\"ez-toc-section\"><\/span>Tipologies de PPA<span class=\"ez-toc-section-end\"><\/span><\/h2>\nEl primer que haurem d&#8217;entendre quan parlem de PPA \u00e9s que existeixen dues tipologies de projectes en funci\u00f3 d&#8217;on aboquen l&#8217;energia generada:\n<ol>\n \t<li><strong>PPA Off<\/strong>&#8211;<strong>site:<\/strong>\u00a0Projectes que aboquen la totalitat de la seva energia a la xarxa de distribuci\u00f3 el\u00e8ctrica.<\/li>\n \t<li><strong>PPA On<\/strong>&#8211;<strong>site:<\/strong>\u00a0Projectes que aboquen la totalitat de la seva energia a la xarxa interior d&#8217;un autoconsumidor, aix\u00f2 \u00e9s Autoconsum.<\/li>\n<\/ol>\n<h3><span class=\"ez-toc-section\" id=\"PPA_OFF-SITE-2\"><\/span><span id=\"PPA_OFF-SITE\" class=\"ez-toc-section\"><\/span>PPA OFF-SITE<span class=\"ez-toc-section-end\"><\/span><\/h3>\nEn aquesta tipologia de projectes, l&#8217;energia generada i venuda ser\u00e0 sempre valorada a preu de mercat majorista, la qual cosa significa que si una empresa est\u00e0 interessada a comprar aquesta \u00a0energia, haur\u00e0 de pagar els peatges de transport i distribuci\u00f3 per a transportar l&#8217;electricitat generada al seu punt de consum. I a tot aix\u00f2, el productor tamb\u00e9 haur\u00e0 de sumar als seus costos el 7% d&#8217;impost de generaci\u00f3 per l&#8217;energia abocada a la xarxa.\n<h3><span class=\"ez-toc-section\" id=\"PPA_ON-SITE-2\"><\/span><span id=\"PPA_ON-SITE\" class=\"ez-toc-section\"><\/span>PPA ON-SITE<span class=\"ez-toc-section-end\"><\/span><\/h3>\nEn aquesta tipologia de projectes, el tema millora substancialment, ja que l&#8217;energia generada en ser injectada en la xarxa interior del consumidor, ser\u00e0 valorada a preu de mercat minorista, i per tant \u00a0el comprador s&#8217;estalviar\u00e0 els peatges de transport i distribuci\u00f3, el generador s&#8217;estalviar\u00e0 l&#8217;impost de generaci\u00f3 i tan sols s&#8217;haur\u00e0 d&#8217;aplicar l&#8217;\u00abimpost al sol\u00bb per l&#8217;energia generada i consumida pel comprador; c\u00e0rrec que d&#8217;altra banda avui dia no s&#8217;est\u00e0 aplicant i que en cas d&#8217;aplicar algun dia t\u00e9 un impacte financer poc significatiu.\n\nD&#8217;aquesta manera, tots convergir\u00edem en qu\u00e8 de tancar un PPA amb algun client, el l\u00f2gic \u00e9s apostar per la modalitat d&#8217;autoconsum \u00a0tipus 2 ( on generador\u00a0i\u00a0consumidor no tenen perqu\u00e8 ser el mateix titular), ja que d&#8217;aquesta manera l&#8217;estalvi final per al consumidor \u00e9s pr\u00e0cticament el doble.\n\nPer\u00f2 resulta que aquesta modalitat de PPA t\u00e9 un problema i \u00e9s que els projectes que es poden realitzar sota aquest esquema\u00a0on-site, a priori no tenen la grand\u00e0ria suficient per a ser atractius per a la gran banca i fons d&#8217;inversi\u00f3 per als quals el seu inter\u00e8s en les energies renovables \u00e9s \u00fanicament cremat\u00edstic.\n<h2><span class=\"ez-toc-section\" id=\"Qui_es_el_principal_client_objectiu_per_a_comprar_tots_aquests_PPA_a_Espanya-2\"><\/span><span id=\"%C2%BFQuien_es_el_principal_cliente_objetivo_para_comprar_todos_estos_PPA_en_Espana\" class=\"ez-toc-section\"><\/span><strong>Qui \u00e9s el principal client objectiu per a comprar tots aquests PPA a Espanya?<\/strong><span class=\"ez-toc-section-end\"><\/span><\/h2>\nD&#8217;un costat podr\u00edem pensar en\u00a0les empreses espanyoles, a manera i semblan\u00e7a de les corporates americanes, encara que\u00a0sembla que aqu\u00ed els plantejaments s\u00f3n clar\u00edssimament\u00a0diferents que a l&#8217;altre costat de l&#8217;Atl\u00e0ntic.\n\nAls Estats Units uns dels drivers principals per a aquest tipus d&#8217;empreses s\u00f3n les seves pol\u00edtiques mediambientals i de responsabilitat social corporativa; a Espanya i malgrat el que ens agrada creure, la realitat \u00e9s molt diferent; per desgr\u00e0cia\u00a0manquem d&#8217;empreses\u00a0amb la mentalitat de Google, Facebook, Apple, Microsoft, etc\u2026compromeses a cobrir\u00a0un 100% del seu consum amb electricitat provinent de fonts renovable; a Espanya a penes Bankia, CaixaBank i algunes empreses estrangeres amb seu productiva a Espanya apareixen en\u00a0<a href=\"https:\/\/solartradex.com\/blog\/ppa-la-llave-la-transicion-energetica\/#\" target=\"\" rel=\"noopener noreferrer\">el llistat de les 100 empreses compromeses amb el 100% renovable.<\/a>\n\nPort el tant, vist que el factor RSC no pes prou, \u00a0la principal motivaci\u00f3 que pot portar a les empreses espanyoles intensives en consum el\u00e8ctric a signar un PPA ser\u00e0 el preu.\n\nI aqu\u00ed tenim un greu problema, i \u00e9s que\u00a0l&#8217;incentiu que aquestes tenen per a comprometre un preu de compra de l&#8217;electricitat en el mitj\u00e0-llarg termini \u00e9s molt baix, per qu\u00e8?\n\nDoncs perqu\u00e8 encara que sembla sorprenent, \u00a0per a una empresa el seu principal incentiu no \u00e9s comprar l&#8217;energia el m\u00e9s barata possible, sin\u00f3 comprar-la m\u00e9s barata que la compet\u00e8ncia, i heus aqu\u00ed el quid de la q\u00fcesti\u00f3.\n\n\u00c9s molt complicat trobar a cap empresa que et signi un contracte d&#8217;electricitat a 10-12 anys per molt competitiu que sigui el preu avui dia, ja que si dins de 7 anys la meva compet\u00e8ncia aconsegueix aprovisionar m\u00e9s barata que jo, m&#8217;haur\u00e9 quedat fora de mercat.\n\nI com a m\u00e9s el preu \u00e9s factor determinant, per a aquestes empreses, excepte casos excepcionals, no trobaran atractiu per a signar un gran PPA off-site a trav\u00e9s del qual es podran aprovisionar d&#8217;una gran quantitat d&#8217;energia, per\u00f2 per la qual continuaran pagant els peatges de transport i distribuci\u00f3; que no oblidem suposen al voltant del 40% de la factura el\u00e8ctrica.\n\nI per tant l&#8217;\u00fanic\u00a0 cam\u00ed ser\u00e0 apostar per PPA\u2019s on-site vinculats a projectes de menor grand\u00e0ria, t\u00edpicament projectes d&#8217;autoconsum tipus 2 d&#8217;entre 100 kW i 1 MW instal\u00b7lats en la pr\u00f2pia coberta del consumidor, connectats a la seva xarxa interior i que permetran al comprador estalviar en el cost total de compra de l&#8217;electricitat, incloent els peatges de transport i distribuci\u00f3 i\u00a0fins i tot una part significativa del terme de pot\u00e8ncia.\n\nPer\u00f2 desgraciadament aquests projectes tan atractius des del punt de vista del comprador\u00a0 deixen de ser-ho per als bancs i grans fons d&#8217;inversi\u00f3 que avui dia semblen poc conven\u00e7uts a tornar a esquemes de finan\u00e7ament tipus Project Finance \u00a0per a grand\u00e0ries de projectes poc rellevants ( per a ells\u2026 jo em dono amb un cant en les dents amb un projecte d&#8217;aquesta grand\u00e0ria).\n\nPer tant, vist que les opcions de signar un PPA amb una empresa avui dia s\u00f3n molt baixes ( em consta que algun PPA s&#8217;ha tancat o est\u00e0 en vies de tancament), l&#8217;\u00fanica opci\u00f3 viable per als desenvolupadors de grans projectes \u00e9s posar el punt de mira en la utilities tradicionals; i\u00a0\u00e9s que\u00a0sense cap dubte aquestes\u00a0grans el\u00e8ctriques veuen en el PPA off-site un producte perfecte per a cobrir el risc de la part de comercialitzaci\u00f3 d&#8217;electricitat que no tenen coberta per les seves pr\u00f2pies plantes de generaci\u00f3.\n\nAix\u00ed Javier Alonso, Director de Trading d&#8217;Endesa, es\u00a0va deixar seduir durant la seva pon\u00e8ncia en la Jornada d&#8217;APPA, explicant que \u00a0anualment comercialitzen al voltant de 100 TWh d&#8217;electricitat dels quals \u00abtan sols\u00bb tenen coberts el 50% per la seva pr\u00f2pies centrals de generaci\u00f3, \u00a0per la qual cosa\u00a0per a Endesa\u00a0signar un PPA a un preu competitiu \u00e9s la millor manera de deixar d&#8217;estar exposada a la volatilitat del pool pels\u00a0 50 TWh no coberts per generaci\u00f3 pr\u00f2pia.\n\nI aix\u00ed doncs,\u00a0sota aquest esquema,\u00a0els\u00a0PPA\u2019s, les subhastes de capacitat renovable del Govern, i tot el sector renovable s&#8217;alineen al servei de l&#8217;oligopoli\u00a0 el\u00e8ctric\u00a0i mant\u00e9 inamovible el caduc model energ\u00e8tic centralitzat de tota la vida, que encara que renovable seguir\u00e0\u00a0al servei de\u00a0les empreses de sempre.\n<h2><span class=\"ez-toc-section\" id=\"I_la_transicio_energetica_la_generacio_distribuida_i_la_democratitzacio_de_lenergia_Les_hem_oblidat-2\"><\/span><span id=\"%C2%BFY_la_transicion_energetica_la_generacion_distribuida_y_la_democratizacion_de_la_energia_%C2%BF_Las_hemos_olvidado\" class=\"ez-toc-section\"><\/span>I la transici\u00f3 energ\u00e8tica, la generaci\u00f3 distribu\u00efda\u00a0i la democratitzaci\u00f3 de l&#8217;energia? Les hem oblidat?<span class=\"ez-toc-section-end\"><\/span><\/h2>\nPerqu\u00e8\u00a0precisament \u00e9s aquest el motiu pel qual no crec en els PPA\u2019s de gran grand\u00e0ria, ni en les grans subhastes de capacitat renovable promogudes pel Govern d&#8217;Espanya, com a palanca de canvi cap a la transici\u00f3 energ\u00e8tica de la qual sempre estem parlant.\n\nLa meva personal visi\u00f3 \u00e9s que aquesta transici\u00f3 energ\u00e8tica passa per centrar\u00a0tots els nostres esfor\u00e7os a compatibilitzar el compliment dels objectius de generaci\u00f3 renovable a nivell de pa\u00eds, amb un canvi efectiu de model que permeti l&#8217;apoderament energ\u00e8tic de\u00a0la ciutadania i les empreses espanyoles, i aix\u00f2 crec sincerament que no \u00e9s compatible\u00a0amb fomentar aquest tipus de PPA\u2019s vinculats a projectes de 20 MW, 50 MW o 250 MW que al final nom\u00e9s serveixen\u00a0per a lucrar a uns pocs, mantenir l&#8217;statu quo de l&#8217;oligopoli el\u00e8ctric, \u00a0i que una vegada aconseguit l&#8217;objectiu de renovables, restaran inter\u00e8s per continuar apostant per la generaci\u00f3 distribu\u00efda i l&#8217;autoconsum\u00a0\u00a0en particular.\n\nCom el v\u00e9is? M&#8217;encantar\u00e0 con\u00e8ixer la vostra opini\u00f3 i debatre sobre un tema tan controvertit com aquest.\n\nSalutacions a tots.<script type=\"application\/ld+json\">{\n    \"@context\": \"https:\/\/schema.org\",\n    \"@type\": \"FAQPage\",\n    \"mainEntity\": [\n        {\n            \"@type\": \"Question\",\n            \"name\": \"Qu\u00e8 \u00e9s el PPA d'energia?\",\n            \"acceptedAnswer\": {\n                \"@type\": \"Answer\",\n                \"text\": \"Les sigles PPA es corresponen a l'acr\u00f2nim angl\u00e8s\u00a0Power Purchase Agreement, o cosa que \u00e9s el mateix un\u00a0Acord\u00a0de Compra d'Energia\u00a0entre un productor independent i una contrapart compradora d'electricitat. Aquests signen un contracte a mitj\u00e0-llarg termini, t\u00edpicament de 10-12 anys de durada, pel qual tots dos acorden el lliurament d'una quantitat determinada d'energia a un preu fixat ex-ante (que no t\u00e9 per qu\u00e8 ser un preu fix). A Espanya, aquest contracte, encara havent de ser comunicat a l'Operador del Mercat El\u00e8ctric, funciona de manera independent a ell, per la qual cosa la quantitat d'energia objecte del contracte en q\u00fcesti\u00f3 quedar\u00e0 fora de la cassaci\u00f3 del mercat diari o &laquo;pool&raquo;. Aquest fenomen \u00e0mpliament est\u00e8s en diversos pa\u00efsos del continent americ\u00e0 i Austr\u00e0lia, es mostra a Espanya com El Daurat per a tots aquells desenvolupadors de grans projectes d'energia solar fotovoltaica i energia e\u00f2lica, que \u00e0vids de finan\u00e7ament per als seus projectes, busquen en el PPA un mecanisme\u00a0que\u00a0els garanteixi els ingressos necessaris en el mitj\u00e0-llarg termini per a\u00a0conv\u00e8ncer\u00a0a la banca tradicional o a fons d'inversi\u00f3 a prestar\u00a0els diners necessaris per al desenvolupament\u00a0dels\u00a0seus mega-projectes de generaci\u00f3 renovable. I \u00e9s que d'una altra manera i a causa de la volatilitat del mercat espot de l'electricitat a Espanya que impossibilita un horitz\u00f3 estable de preus de l'electricitat en el mitj\u00e0-llarg termini, es\u00a0fa pr\u00e0cticament impossible trobar finan\u00e7ament per a aquests grans projectes\u00a0necessitats d'un gran esfor\u00e7 inversor. Aix\u00ed doncs,\u00a0que la jornada organitzada per APPA fos un \u00e8xit de convocat\u00f2ria no hagu\u00e9s de sorprendre'ns; Espanya, com a resultat de les 3 subhastes de capacitat renovable organitzades pel\u00a0Ministeri d'Energia, Turisme i Agenda Digital al llarg d'aquest \u00faltim any i mig, t\u00e9 m\u00e9s de 8 GW de projectes e\u00f2lics i solars pendents d'execuci\u00f3, projectes que \u00f2bviament tenen una gran necessitat de finan\u00e7ament, per\u00f2 que no destaquen precisament per ser el que comunament entenem com a generaci\u00f3 distribu\u00efda; per tant, i com \u00e9s f\u00e0cil d'endevinar, a l'esdeveniment van assistir\u00a0tot l'elenc d'actors interessats en el finan\u00e7ament de grans projectes solars i\/o e\u00f2lics; promotors, desenvolupadors, instal\u00b7ladors i finan\u00e7adors \u2026 En definitiva que la jornada es va assemblar m\u00e9s aviat a un conclau de solters a la recerca de parella on elles, per desgr\u00e0cia dels primers, no van fer acte de pres\u00e8ncia; i \u00e9s que si alguna cosa em va quedar clar al llarg de la jornada \u00e9s que l'inter\u00e8s pels PPA\u2019s est\u00e0 majorit\u00e0riament en el costat venedor, i ja se sap\u2026 l'amor no \u00e9s amor si no existeix\u00a0contrapart que correspongui a l'inter\u00e8s d'un (fins i tot encara que un pugui presumir de grand\u00e0ria\u2026).\"\n            }\n        },\n        {\n            \"@type\": \"Question\",\n            \"name\": \"A qui li interessa el PPA?\",\n            \"acceptedAnswer\": {\n                \"@type\": \"Answer\",\n                \"text\": \"Tal com ja hem comentat, el PPA \u00e9s un mecanisme que pot ser molt \u00fatil per a finan\u00e7ar grans projectes d'energies renovables, i la clau ser\u00e0\u00a0entendre qui pot ser la contrapart interessada o els quals s\u00f3n les motivacions que pot tenir una empresa per a comprar l'electricitat generada pel productor independent. Certament, als Estats Units i en diferents pa\u00efsos de Sud-am\u00e8rica i Centream\u00e8rica, el fenomen PPA ha estat un model d'\u00e8xit, d'un costat les &laquo;utilities&raquo; en molts casos s'han vist obligades a tancar contractes de compra d'electricitat renovable per a donar compliment a la Renewable Energy Standard, normativa que les obliga en funci\u00f3 de l'estat, a tenir un percentatge entre el 10% i el 30% de generaci\u00f3 renovable, i, d'altra banda, &laquo;corporates&raquo;, liderades principalment per les\u00a0grans empreses tecnol\u00f2giques de Silicon Valley que han d'alimentar els seus\u00a0milers\u00a0de servidors que alberguen els seus\u00a0centres de dades, han tancat grans contractes PPA per a donar compliment a les seves pol\u00edtiques mediambientals i de RSC.  I per si no fos suficient, un altre argument de maj\u00fascul pes est\u00e0 actuant d'aut\u00e8ntic catalitzador del fenomen PPA, i \u00e9s que en paraules de Fatih Birol, director de l'Ag\u00e8ncia Internacional de l'Energia, durant la presentaci\u00f3 de l'informe Renewables 2017: &laquo;The era of expensive renewables is over&raquo;,\u00a0\u00a0sobren traduccions\u2026 No obstant aix\u00f2, i a pesar que sembla que el vent ens bufa a favor, cal preguntar-se,\u00a0\u00e9s extrapolable el fenomen PPA a Espanya?\"\n            }\n        },\n        {\n            \"@type\": \"Question\",\n            \"name\": \"Tipologies de PPA\",\n            \"acceptedAnswer\": {\n                \"@type\": \"Answer\",\n                \"text\": \"El primer que haurem d'entendre quan parlem de PPA \u00e9s que existeixen dues tipologies de projectes en funci\u00f3 d'on aboquen l'energia generada:  PPA Off-site:\u00a0Projectes que aboquen la totalitat de la seva energia a la xarxa de distribuci\u00f3 el\u00e8ctrica.  PPA On-site:\u00a0Projectes que aboquen la totalitat de la seva energia a la xarxa interior d'un autoconsumidor, aix\u00f2 \u00e9s Autoconsum.\"\n            }\n        },\n        {\n            \"@type\": \"Question\",\n            \"name\": \"PPA OFF-SITE\",\n            \"acceptedAnswer\": {\n                \"@type\": \"Answer\",\n                \"text\": \"En aquesta tipologia de projectes, l'energia generada i venuda ser\u00e0 sempre valorada a preu de mercat majorista, la qual cosa significa que si una empresa est\u00e0 interessada a comprar aquesta\u00a0energia, haur\u00e0 de pagar els peatges de transport i distribuci\u00f3 per a transportar l'electricitat generada al seu punt de consum. I a tot aix\u00f2, el productor tamb\u00e9 haur\u00e0 de sumar als seus costos el 7% d'impost de generaci\u00f3 per l'energia abocada a la xarxa.\"\n            }\n        },\n        {\n            \"@type\": \"Question\",\n            \"name\": \"PPA ON-SITE\",\n            \"acceptedAnswer\": {\n                \"@type\": \"Answer\",\n                \"text\": \"En aquesta tipologia de projectes, el tema millora substancialment, ja que l'energia generada en ser injectada en la xarxa interior del consumidor, ser\u00e0 valorada a preu de mercat minorista, i per tant el comprador s'estalviar\u00e0 els peatges de transport i distribuci\u00f3, el generador s'estalviar\u00e0 l'impost de generaci\u00f3 i tan sols s'haur\u00e0 d'aplicar l'&laquo;impost al sol&raquo; per l'energia generada i consumida pel comprador; c\u00e0rrec que, d'altra banda, avui dia no s'est\u00e0 aplicant i que en cas d'aplicar algun dia t\u00e9 un impacte financer poc significatiu. D'aquesta manera, tots convergir\u00edem en qu\u00e8 de tancar un PPA amb algun client, el l\u00f2gic \u00e9s apostar per la modalitat d'autoconsum tipus 2 (on generador\u00a0i\u00a0consumidor no tenen per qu\u00e8 ser el mateix titular), ja que d'aquesta manera l'estalvi final per al consumidor \u00e9s pr\u00e0cticament el doble. Per\u00f2 resulta que aquesta modalitat de PPA t\u00e9 un problema i \u00e9s que els projectes que es poden realitzar sota aquest esquema\u00a0on-site, a priori no tenen la grand\u00e0ria suficient per a ser atractius per a la gran banca i fons d'inversi\u00f3 per als quals el seu inter\u00e9s en les energies renovables \u00e9s \u00fanicament cremat\u00edstic.\"\n            }\n        },\n        {\n            \"@type\": \"Question\",\n            \"name\": \"Qui \u00e9s el principal client objectiu per a comprar tots aquests PPA a Espanya?\",\n            \"acceptedAnswer\": {\n                \"@type\": \"Answer\",\n                \"text\": \"D'un costat podr\u00edem pensar en\u00a0les empreses espanyoles, a manera i semblan\u00e7a de les corporates americanes, encara que\u00a0sembla que aqu\u00ed els plantejaments s\u00f3n clar\u00edssimament\u00a0diferents que a l'altre costat de l'Atl\u00e0ntic. Als Estats Units uns dels drivers principals per a aquest tipus d'empreses s\u00f3n les seves pol\u00edtiques mediambientals i de responsabilitat social corporativa; a Espanya i malgrat el que ens agrada creure, la realitat \u00e9s molt diferent; per desgr\u00e0cia\u00a0manquem d'empreses\u00a0amb la mentalitat de Google, Facebook, Apple, Microsoft, etc. compromeses a cobrir\u00a0un 100% del seu consum amb electricitat provinent de fonts renovable; a Espanya a penes Bankia, CaixaBank i algunes empreses estrangeres amb seu productiva a Espanya apareixen en\u00a0el llistat de les 100 empreses compromeses amb el 100% renovable. Port el tant, vist que el factor RSC no pes prou,\u00a0la principal motivaci\u00f3 que pot portar a les empreses espanyoles intensives en consum el\u00e8ctric a signar un PPA ser\u00e0 el preu. I aqu\u00ed tenim un greu problema, i \u00e9s que\u00a0l'incentiu que aquestes tenen per a comprometre un preu de compra de l'electricitat en el mitj\u00e0-llarg termini \u00e9s molt baix, per qu\u00e8? Doncs perqu\u00e8 encara que sembla sorprenent, per a una empresa el seu principal incentiu no \u00e9s comprar l'energia tan barata com sigui possible, sin\u00f3 comprar-la m\u00e9s barata que la compet\u00e8ncia, i heus aqu\u00ed el quid de la q\u00fcesti\u00f3. \u00c9s molt complicat trobar a cap empresa que et signi un contracte d'electricitat a 10-12 anys per molt competitiu que sigui el preu avui dia, ja que si dins de 7 anys la meva compet\u00e8ncia aconsegueix aprovisionar m\u00e9s barata que jo, m'haur\u00e9 quedat fora de mercat. I com a m\u00e9s el preu \u00e9s factor determinant, per a aquestes empreses, excepte casos excepcionals, no trobaran atractiu per a signar un gran PPA off-site a trav\u00e9s del qual es podran aprovisionar d'una gran quantitat d'energia, per\u00f2 per la qual continuaran pagant els peatges de transport i distribuci\u00f3; que no oblidem suposen al voltant del 40% de la factura el\u00e8ctrica. I, per tant, l'\u00fanic\u00a0cam\u00ed ser\u00e0 apostar per PPA\u2019s on-site vinculats a projectes de menor grand\u00e0ria, t\u00edpicament projectes d'autoconsum tipus 2 d'entre 100 kW i 1 MW instal\u00b7lats en la mateixa coberta del consumidor, connectats a la seva xarxa interior i que permetran al comprador estalviar en el cost total de compra de l'electricitat, incloent-hi els peatges de transport i distribuci\u00f3 i\u00a0fins i tot una part significativa del terme de pot\u00e8ncia. Per\u00f2 desgraciadament aquests projectes tan atractius des del punt de vista del comprador deixen de ser-ho per als bancs i grans fons d'inversi\u00f3 que avui dia semblen poc conven\u00e7uts a tornar a esquemes de finan\u00e7ament tipus Project Finance per a grand\u00e0ries de projectes poc rellevants (per a ells\u2026 jo em dono amb un cant en les dents amb un projecte d'aquesta grand\u00e0ria). Per tant, vist que les opcions de signar un PPA amb una empresa avui dia s\u00f3n molt baixes (em consta que algun PPA s'ha tancat o est\u00e0 en vies de tancament), l'\u00fanica opci\u00f3 viable per als desenvolupadors de grans projectes \u00e9s posar el punt de mira en la utilities tradicionals; i\u00a0\u00e9s que\u00a0sense cap dubte aquestes\u00a0grans el\u00e8ctriques veuen en el PPA off-site un producte perfecte per a cobrir el risc de la part de comercialitzaci\u00f3 d'electricitat que no tenen coberta per les seves pr\u00f2pies plantes de generaci\u00f3. Aix\u00ed Javier Alonso, director de Trading d'Endesa, es\u00a0va deixar seduir durant la seva pon\u00e8ncia en la Jornada d'APPA, explicant que\u00a0anualment comercialitzen al voltant de 100 TWh d'electricitat dels quals &laquo;tan sols&raquo; tenen coberts el 50% per les seves pr\u00f2pies centrals de generaci\u00f3,\u00a0per la qual cosa\u00a0per a Endesa\u00a0signar un PPA a un preu competitiu \u00e9s la millor manera de deixar d'estar exposada a la volatilitat del pool pels\u00a0 50 TWh no coberts per generaci\u00f3 pr\u00f2pia. I aix\u00ed doncs,\u00a0sota aquest esquema,\u00a0els\u00a0PPA\u2019s, les subhastes de capacitat renovable del Govern, i tot el sector renovable s'alineen al servei de l'oligopoli\u00a0el\u00e8ctric\u00a0i mant\u00e9 inamovible el caduc model energ\u00e8tic centralitzat de tota la vida, que encara que renovable seguir\u00e0\u00a0al servei de\u00a0les empreses de sempre.\"\n            }\n        },\n        {\n            \"@type\": \"Question\",\n            \"name\": \"I la transici\u00f3 energ\u00e8tica, la generaci\u00f3 distribu\u00efda\u00a0i la democratitzaci\u00f3 de l'energia? Les hem oblidat?\",\n            \"acceptedAnswer\": {\n                \"@type\": \"Answer\",\n                \"text\": \"Perqu\u00e8\u00a0precisament \u00e9s aquest el motiu pel qual no crec en els PPA\u2019s de gran grand\u00e0ria, ni en les grans subhastes de capacitat renovable promogudes pel Govern d'Espanya, com a palanca de canvi cap a la transici\u00f3 energ\u00e8tica de la qual sempre estem parlant. La meva personal visi\u00f3 \u00e9s que aquesta transici\u00f3 energ\u00e8tica passa per centrar\u00a0tots els nostres esfor\u00e7os a compatibilitzar el compliment dels objectius de generaci\u00f3 renovable a nivell de pa\u00eds, amb un canvi efectiu de model que permeti l'apoderament energ\u00e8tic de\u00a0la ciutadania i les empreses espanyoles, i aix\u00f2 crec sincerament que no \u00e9s compatible\u00a0amb fomentar aquest tipus de PPA\u2019s vinculats a projectes de 20 MW, 50 MW o 250 MW que al final nom\u00e9s serveixen\u00a0per a lucrar a uns pocs, mantenir l'statu quo de l'oligopoli el\u00e8ctric, \u00a0i que una vegada aconseguit l'objectiu de renovables, restaran inter\u00e8s per continuar apostant per la generaci\u00f3 distribu\u00efda i l'autoconsum\u00a0\u00a0en particular. Com ho veus? M'encantar\u00e0 con\u00e9ixer la vostra opini\u00f3 i debatre sobre un tema tan controvertit com aquest. Salutacions a tots.\"\n            }\n        },\n        {\n            \"@type\": \"Question\",\n            \"name\": \"Tipologies de PPA\",\n            \"acceptedAnswer\": {\n                \"@type\": \"Answer\",\n                \"text\": \"El primer que haurem d'entendre quan parlem de PPA \u00e9s que existeixen dues tipologies de projectes en funci\u00f3 d'on aboquen l'energia generada: PPA Off-site:\u00a0Projectes que aboquen la totalitat de la seva energia a la xarxa de distribuci\u00f3 el\u00e8ctrica. PPA On-site:\u00a0Projectes que aboquen la totalitat de la seva energia a la xarxa interior d'un autoconsumidor, aix\u00f2 \u00e9s Autoconsum.\"\n            }\n        },\n        {\n            \"@type\": \"Question\",\n            \"name\": \"PPA OFF-SITE\",\n            \"acceptedAnswer\": {\n                \"@type\": \"Answer\",\n                \"text\": \"En aquesta tipologia de projectes, l'energia generada i venuda ser\u00e0 sempre valorada a preu de mercat majorista, la qual cosa significa que si una empresa est\u00e0 interessada a comprar aquesta \u00a0energia, haur\u00e0 de pagar els peatges de transport i distribuci\u00f3 per a transportar l'electricitat generada al seu punt de consum. I a tot aix\u00f2, el productor tamb\u00e9 haur\u00e0 de sumar als seus costos el 7% d'impost de generaci\u00f3 per l'energia abocada a la xarxa.\"\n            }\n        },\n        {\n            \"@type\": \"Question\",\n            \"name\": \"PPA ON-SITE\",\n            \"acceptedAnswer\": {\n                \"@type\": \"Answer\",\n                \"text\": \"En aquesta tipologia de projectes, el tema millora substancialment, ja que l'energia generada en ser injectada en la xarxa interior del consumidor, ser\u00e0 valorada a preu de mercat minorista, i per tant \u00a0el comprador s'estalviar\u00e0 els peatges de transport i distribuci\u00f3, el generador s'estalviar\u00e0 l'impost de generaci\u00f3 i tan sols s'haur\u00e0 d'aplicar l'&laquo;impost al sol&raquo; per l'energia generada i consumida pel comprador; c\u00e0rrec que d'altra banda avui dia no s'est\u00e0 aplicant i que en cas d'aplicar algun dia t\u00e9 un impacte financer poc significatiu.D'aquesta manera, tots convergir\u00edem en qu\u00e8 de tancar un PPA amb algun client, el l\u00f2gic \u00e9s apostar per la modalitat d'autoconsum \u00a0tipus 2 ( on generador\u00a0i\u00a0consumidor no tenen perqu\u00e8 ser el mateix titular), ja que d'aquesta manera l'estalvi final per al consumidor \u00e9s pr\u00e0cticament el doble.Per\u00f2 resulta que aquesta modalitat de PPA t\u00e9 un problema i \u00e9s que els projectes que es poden realitzar sota aquest esquema\u00a0on-site, a priori no tenen la grand\u00e0ria suficient per a ser atractius per a la gran banca i fons d'inversi\u00f3 per als quals el seu inter\u00e8s en les energies renovables \u00e9s \u00fanicament cremat\u00edstic.\"\n            }\n        },\n        {\n            \"@type\": \"Question\",\n            \"name\": \"Qui \u00e9s el principal client objectiu per a comprar tots aquests PPA a Espanya?\",\n            \"acceptedAnswer\": {\n                \"@type\": \"Answer\",\n                \"text\": \"D'un costat podr\u00edem pensar en\u00a0les empreses espanyoles, a manera i semblan\u00e7a de les corporates americanes, encara que\u00a0sembla que aqu\u00ed els plantejaments s\u00f3n clar\u00edssimament\u00a0diferents que a l'altre costat de l'Atl\u00e0ntic.Als Estats Units uns dels drivers principals per a aquest tipus d'empreses s\u00f3n les seves pol\u00edtiques mediambientals i de responsabilitat social corporativa; a Espanya i malgrat el que ens agrada creure, la realitat \u00e9s molt diferent; per desgr\u00e0cia\u00a0manquem d'empreses\u00a0amb la mentalitat de Google, Facebook, Apple, Microsoft, etc\u2026compromeses a cobrir\u00a0un 100% del seu consum amb electricitat provinent de fonts renovable; a Espanya a penes Bankia, CaixaBank i algunes empreses estrangeres amb seu productiva a Espanya apareixen en\u00a0el llistat de les 100 empreses compromeses amb el 100% renovable.Port el tant, vist que el factor RSC no pes prou, \u00a0la principal motivaci\u00f3 que pot portar a les empreses espanyoles intensives en consum el\u00e8ctric a signar un PPA ser\u00e0 el preu.I aqu\u00ed tenim un greu problema, i \u00e9s que\u00a0l'incentiu que aquestes tenen per a comprometre un preu de compra de l'electricitat en el mitj\u00e0-llarg termini \u00e9s molt baix, per qu\u00e8?Doncs perqu\u00e8 encara que sembla sorprenent, \u00a0per a una empresa el seu principal incentiu no \u00e9s comprar l'energia el m\u00e9s barata possible, sin\u00f3 comprar-la m\u00e9s barata que la compet\u00e8ncia, i heus aqu\u00ed el quid de la q\u00fcesti\u00f3.\u00c9s molt complicat trobar a cap empresa que et signi un contracte d'electricitat a 10-12 anys per molt competitiu que sigui el preu avui dia, ja que si dins de 7 anys la meva compet\u00e8ncia aconsegueix aprovisionar m\u00e9s barata que jo, m'haur\u00e9 quedat fora de mercat.I com a m\u00e9s el preu \u00e9s factor determinant, per a aquestes empreses, excepte casos excepcionals, no trobaran atractiu per a signar un gran PPA off-site a trav\u00e9s del qual es podran aprovisionar d'una gran quantitat d'energia, per\u00f2 per la qual continuaran pagant els peatges de transport i distribuci\u00f3; que no oblidem suposen al voltant del 40% de la factura el\u00e8ctrica.I per tant l'\u00fanic\u00a0 cam\u00ed ser\u00e0 apostar per PPA\u2019s on-site vinculats a projectes de menor grand\u00e0ria, t\u00edpicament projectes d'autoconsum tipus 2 d'entre 100 kW i 1 MW instal\u00b7lats en la pr\u00f2pia coberta del consumidor, connectats a la seva xarxa interior i que permetran al comprador estalviar en el cost total de compra de l'electricitat, incloent els peatges de transport i distribuci\u00f3 i\u00a0fins i tot una part significativa del terme de pot\u00e8ncia.Per\u00f2 desgraciadament aquests projectes tan atractius des del punt de vista del comprador\u00a0 deixen de ser-ho per als bancs i grans fons d'inversi\u00f3 que avui dia semblen poc conven\u00e7uts a tornar a esquemes de finan\u00e7ament tipus Project Finance \u00a0per a grand\u00e0ries de projectes poc rellevants ( per a ells\u2026 jo em dono amb un cant en les dents amb un projecte d'aquesta grand\u00e0ria).Per tant, vist que les opcions de signar un PPA amb una empresa avui dia s\u00f3n molt baixes ( em consta que algun PPA s'ha tancat o est\u00e0 en vies de tancament), l'\u00fanica opci\u00f3 viable per als desenvolupadors de grans projectes \u00e9s posar el punt de mira en la utilities tradicionals; i\u00a0\u00e9s que\u00a0sense cap dubte aquestes\u00a0grans el\u00e8ctriques veuen en el PPA off-site un producte perfecte per a cobrir el risc de la part de comercialitzaci\u00f3 d'electricitat que no tenen coberta per les seves pr\u00f2pies plantes de generaci\u00f3.Aix\u00ed Javier Alonso, Director de Trading d'Endesa, es\u00a0va deixar seduir durant la seva pon\u00e8ncia en la Jornada d'APPA, explicant que \u00a0anualment comercialitzen al voltant de 100 TWh d'electricitat dels quals &laquo;tan sols&raquo; tenen coberts el 50% per la seva pr\u00f2pies centrals de generaci\u00f3, \u00a0per la qual cosa\u00a0per a Endesa\u00a0signar un PPA a un preu competitiu \u00e9s la millor manera de deixar d'estar exposada a la volatilitat del pool pels\u00a0 50 TWh no coberts per generaci\u00f3 pr\u00f2pia.I aix\u00ed doncs,\u00a0sota aquest esquema,\u00a0els\u00a0PPA\u2019s, les subhastes de capacitat renovable del Govern, i tot el sector renovable s'alineen al servei de l'oligopoli\u00a0 el\u00e8ctric\u00a0i mant\u00e9 inamovible el caduc model energ\u00e8tic centralitzat de tota la vida, que encara que renovable seguir\u00e0\u00a0al servei de\u00a0les empreses de sempre.\"\n            }\n        },\n        {\n            \"@type\": \"Question\",\n            \"name\": \"I la transici\u00f3 energ\u00e8tica, la generaci\u00f3 distribu\u00efda\u00a0i la democratitzaci\u00f3 de l'energia? Les hem oblidat?\",\n            \"acceptedAnswer\": {\n                \"@type\": \"Answer\",\n                \"text\": \"Perqu\u00e8\u00a0precisament \u00e9s aquest el motiu pel qual no crec en els PPA\u2019s de gran grand\u00e0ria, ni en les grans subhastes de capacitat renovable promogudes pel Govern d'Espanya, com a palanca de canvi cap a la transici\u00f3 energ\u00e8tica de la qual sempre estem parlant.La meva personal visi\u00f3 \u00e9s que aquesta transici\u00f3 energ\u00e8tica passa per centrar\u00a0tots els nostres esfor\u00e7os a compatibilitzar el compliment dels objectius de generaci\u00f3 renovable a nivell de pa\u00eds, amb un canvi efectiu de model que permeti l'apoderament energ\u00e8tic de\u00a0la ciutadania i les empreses espanyoles, i aix\u00f2 crec sincerament que no \u00e9s compatible\u00a0amb fomentar aquest tipus de PPA\u2019s vinculats a projectes de 20 MW, 50 MW o 250 MW que al final nom\u00e9s serveixen\u00a0per a lucrar a uns pocs, mantenir l'statu quo de l'oligopoli el\u00e8ctric, \u00a0i que una vegada aconseguit l'objectiu de renovables, restaran inter\u00e8s per continuar apostant per la generaci\u00f3 distribu\u00efda i l'autoconsum\u00a0\u00a0en particular.Com el v\u00e9is? M'encantar\u00e0 con\u00e8ixer la vostra opini\u00f3 i debatre sobre un tema tan controvertit com aquest.Salutacions a tots.\"\n            }\n        }\n    ]\n}<\/script>\n\n<div class=\"kk-star-ratings kksr-auto kksr-align-left kksr-valign-bottom\"\n    data-payload='{&quot;align&quot;:&quot;left&quot;,&quot;id&quot;:&quot;9055&quot;,&quot;slug&quot;:&quot;default&quot;,&quot;valign&quot;:&quot;bottom&quot;,&quot;ignore&quot;:&quot;&quot;,&quot;reference&quot;:&quot;auto&quot;,&quot;class&quot;:&quot;&quot;,&quot;count&quot;:&quot;1&quot;,&quot;legendonly&quot;:&quot;&quot;,&quot;readonly&quot;:&quot;&quot;,&quot;score&quot;:&quot;5&quot;,&quot;starsonly&quot;:&quot;&quot;,&quot;best&quot;:&quot;5&quot;,&quot;gap&quot;:&quot;5&quot;,&quot;greet&quot;:&quot;Valora este post&quot;,&quot;legend&quot;:&quot;5\\\/5 - (1 vote)&quot;,&quot;size&quot;:&quot;24&quot;,&quot;title&quot;:&quot;\u00c9s el PPA la clau de la transici\u00f3 energ\u00e8tica?&quot;,&quot;width&quot;:&quot;142.5&quot;,&quot;_legend&quot;:&quot;{score}\\\/{best} - ({count} {votes})&quot;,&quot;font_factor&quot;:&quot;1.25&quot;}'>\n            \n<div class=\"kksr-stars\">\n    \n<div class=\"kksr-stars-inactive\">\n            <div class=\"kksr-star\" data-star=\"1\" style=\"padding-right: 5px\">\n            \n\n<div class=\"kksr-icon\" style=\"width: 24px; height: 24px;\"><\/div>\n        <\/div>\n            <div class=\"kksr-star\" data-star=\"2\" style=\"padding-right: 5px\">\n            \n\n<div class=\"kksr-icon\" style=\"width: 24px; height: 24px;\"><\/div>\n        <\/div>\n            <div class=\"kksr-star\" data-star=\"3\" style=\"padding-right: 5px\">\n            \n\n<div class=\"kksr-icon\" style=\"width: 24px; height: 24px;\"><\/div>\n        <\/div>\n            <div class=\"kksr-star\" data-star=\"4\" style=\"padding-right: 5px\">\n            \n\n<div class=\"kksr-icon\" style=\"width: 24px; height: 24px;\"><\/div>\n        <\/div>\n            <div class=\"kksr-star\" data-star=\"5\" style=\"padding-right: 5px\">\n            \n\n<div class=\"kksr-icon\" style=\"width: 24px; height: 24px;\"><\/div>\n        <\/div>\n    <\/div>\n    \n<div class=\"kksr-stars-active\" style=\"width: 142.5px;\">\n            <div class=\"kksr-star\" style=\"padding-right: 5px\">\n            \n\n<div class=\"kksr-icon\" style=\"width: 24px; height: 24px;\"><\/div>\n        <\/div>\n            <div class=\"kksr-star\" style=\"padding-right: 5px\">\n            \n\n<div class=\"kksr-icon\" style=\"width: 24px; height: 24px;\"><\/div>\n        <\/div>\n            <div class=\"kksr-star\" style=\"padding-right: 5px\">\n            \n\n<div class=\"kksr-icon\" style=\"width: 24px; height: 24px;\"><\/div>\n        <\/div>\n            <div class=\"kksr-star\" style=\"padding-right: 5px\">\n            \n\n<div class=\"kksr-icon\" style=\"width: 24px; height: 24px;\"><\/div>\n        <\/div>\n            <div class=\"kksr-star\" style=\"padding-right: 5px\">\n            \n\n<div class=\"kksr-icon\" style=\"width: 24px; height: 24px;\"><\/div>\n        <\/div>\n    <\/div>\n<\/div>\n                \n\n<div class=\"kksr-legend\" style=\"font-size: 19.2px;\">\n            5\/5 - (1 vote)    <\/div>\n    <\/div>\n","protected":false},"excerpt":{"rendered":"<p>Aquest passat dijous vaig assistir amb gran expectaci\u00f3 a la jornada que\u00a0APPA\u00a0\u00a0va organitzar a Barcelona sota el nom de CONTRACTES PPA: CONNECTANT PRODUCTORS I CONSUMIDORS. \u00c9s just recon\u00e8ixer\u00a0que la jornada va ser un \u00e8xit rotund d&#8217;assist\u00e8ncia, no en va els PPA\u2019s s&#8217;han erigit des de ja fa anys,\u00a0com un fenomen d&#8217;\u00e8xit mundial que ara arriba &hellip; <a href=\"https:\/\/solartradex.com\/blog\/ca\/ppa-la-clau-la-transicion-energetica\/\" class=\"more-link\">Continua la lectura de <span class=\"screen-reader-text\">\u00c9s el PPA la clau de la transici\u00f3 energ\u00e8tica?<\/span> <span class=\"meta-nav\">&rarr;<\/span><\/a><\/p>\n","protected":false},"author":2,"featured_media":8651,"comment_status":"closed","ping_status":"closed","sticky":false,"template":"","format":"standard","meta":{"inline_featured_image":false,"_mbp_gutenberg_autopost":false,"footnotes":""},"categories":[119,142],"tags":[],"class_list":["post-9055","post","type-post","status-publish","format-standard","has-post-thumbnail","hentry","category-estalvi-energetic","category-autoconsum"],"fimg_url":"https:\/\/solartradex.com\/blog\/wp-content\/uploads\/2018\/02\/Fotolia_116270613_S.jpg","post_mailing_queue_ids":[],"_links":{"self":[{"href":"https:\/\/solartradex.com\/blog\/ca\/wp-json\/wp\/v2\/posts\/9055","targetHints":{"allow":["GET"]}}],"collection":[{"href":"https:\/\/solartradex.com\/blog\/ca\/wp-json\/wp\/v2\/posts"}],"about":[{"href":"https:\/\/solartradex.com\/blog\/ca\/wp-json\/wp\/v2\/types\/post"}],"author":[{"embeddable":true,"href":"https:\/\/solartradex.com\/blog\/ca\/wp-json\/wp\/v2\/users\/2"}],"replies":[{"embeddable":true,"href":"https:\/\/solartradex.com\/blog\/ca\/wp-json\/wp\/v2\/comments?post=9055"}],"version-history":[{"count":2,"href":"https:\/\/solartradex.com\/blog\/ca\/wp-json\/wp\/v2\/posts\/9055\/revisions"}],"predecessor-version":[{"id":9230,"href":"https:\/\/solartradex.com\/blog\/ca\/wp-json\/wp\/v2\/posts\/9055\/revisions\/9230"}],"wp:featuredmedia":[{"embeddable":true,"href":"https:\/\/solartradex.com\/blog\/ca\/wp-json\/wp\/v2\/media\/8651"}],"wp:attachment":[{"href":"https:\/\/solartradex.com\/blog\/ca\/wp-json\/wp\/v2\/media?parent=9055"}],"wp:term":[{"taxonomy":"category","embeddable":true,"href":"https:\/\/solartradex.com\/blog\/ca\/wp-json\/wp\/v2\/categories?post=9055"},{"taxonomy":"post_tag","embeddable":true,"href":"https:\/\/solartradex.com\/blog\/ca\/wp-json\/wp\/v2\/tags?post=9055"}],"curies":[{"name":"wp","href":"https:\/\/api.w.org\/{rel}","templated":true}]}}