{"id":9071,"date":"2014-03-10T08:02:00","date_gmt":"2014-03-10T07:02:00","guid":{"rendered":"https:\/\/solartradex.com\/blog\/7-consejos-para-ahorrar-en-la-factura-de-la-luz-en-menos-de-300-palabras\/"},"modified":"2023-06-19T22:09:31","modified_gmt":"2023-06-19T20:09:31","slug":"consells-per-a-estalviar-en-la-factura-de-la-llum","status":"publish","type":"post","link":"https:\/\/solartradex.com\/blog\/ca\/consells-per-a-estalviar-en-la-factura-de-la-llum\/","title":{"rendered":"7 consells per a estalviar en la factura de la llum"},"content":{"rendered":"\n<p>Fa un parell de setmanes vaig esmorzar amb un bon amic de la meva \u00e8poca en la facultat, que confessar seguidor del blog. En una arrencada de sinceritat, em va dir amb molt d&#8217;amor i major delicadesa que li encantaven els meus articles, per\u00f2 que potser estaria b\u00e9 tractar de condensar-los una miqueta de tant en tant. El que t\u00e9 de bo els amics \u00e9s que els avorreixes i continuen sent amics. Per aquest motiu avui intentar\u00e9, encara que nom\u00e9s sigui una vegada, agrair tan savi consell i condensar en tan sols 300 paraules,&nbsp;ho aconseguirem? &nbsp;Anem all\u00e0 \u2013 les 300 paraules comencen just en aquest punt.<\/p>\n\n\n<hr>\n\n<div id=\"rank-math-howto\" class=\"rank-math-block\">\n<div class=\"rank-math-howto-description\">\n\n<p>7 consells per a estalviar en la factura de la llum<\/p>\n\n<\/div>\n\n<div class=\"rank-math-steps \">\n<div id=\"howto-step-1684506556995\" class=\"rank-math-step\">\n<div id=\"ez-toc-container\" class=\"ez-toc-v2_0_82_2 counter-hierarchy ez-toc-counter ez-toc-grey ez-toc-container-direction\">\n<div class=\"ez-toc-title-container\">\n<p class=\"ez-toc-title\" style=\"cursor:inherit\">Contenidos<\/p>\n<span class=\"ez-toc-title-toggle\"><a href=\"#\" class=\"ez-toc-pull-right ez-toc-btn ez-toc-btn-xs ez-toc-btn-default ez-toc-toggle\" aria-label=\"Toggle Table of Content\"><span class=\"ez-toc-js-icon-con\"><span class=\"\"><span class=\"eztoc-hide\" style=\"display:none;\">Toggle<\/span><span class=\"ez-toc-icon-toggle-span\"><svg style=\"fill: #999;color:#999\" xmlns=\"http:\/\/www.w3.org\/2000\/svg\" class=\"list-377408\" width=\"20px\" height=\"20px\" viewBox=\"0 0 24 24\" fill=\"none\"><path d=\"M6 6H4v2h2V6zm14 0H8v2h12V6zM4 11h2v2H4v-2zm16 0H8v2h12v-2zM4 16h2v2H4v-2zm16 0H8v2h12v-2z\" fill=\"currentColor\"><\/path><\/svg><svg style=\"fill: #999;color:#999\" class=\"arrow-unsorted-368013\" xmlns=\"http:\/\/www.w3.org\/2000\/svg\" width=\"10px\" height=\"10px\" viewBox=\"0 0 24 24\" version=\"1.2\" baseProfile=\"tiny\"><path d=\"M18.2 9.3l-6.2-6.3-6.2 6.3c-.2.2-.3.4-.3.7s.1.5.3.7c.2.2.4.3.7.3h11c.3 0 .5-.1.7-.3.2-.2.3-.5.3-.7s-.1-.5-.3-.7zM5.8 14.7l6.2 6.3 6.2-6.3c.2-.2.3-.5.3-.7s-.1-.5-.3-.7c-.2-.2-.4-.3-.7-.3h-11c-.3 0-.5.1-.7.3-.2.2-.3.5-.3.7s.1.5.3.7z\"\/><\/svg><\/span><\/span><\/span><\/a><\/span><\/div>\n<nav><ul class='ez-toc-list ez-toc-list-level-1 eztoc-toggle-hide-by-default' ><li class='ez-toc-page-1 ez-toc-heading-level-3'><a class=\"ez-toc-link ez-toc-heading-1\" href=\"https:\/\/solartradex.com\/blog\/ca\/consells-per-a-estalviar-en-la-factura-de-la-llum\/#1_Contracta_a_casa_la_tarifa_20_DHA_amb_discriminacio_horaria\" >1. Contracta a casa la tarifa 2.0 DHA amb discriminaci\u00f3 hor\u00e0ria<\/a><\/li><li class='ez-toc-page-1 ez-toc-heading-level-3'><a class=\"ez-toc-link ez-toc-heading-2\" href=\"https:\/\/solartradex.com\/blog\/ca\/consells-per-a-estalviar-en-la-factura-de-la-llum\/#2_Baixat_la_potencia_contractada\" >2. Baixa&#8217;t la pot\u00e8ncia contractada<\/a><\/li><li class='ez-toc-page-1 ez-toc-heading-level-3'><a class=\"ez-toc-link ez-toc-heading-3\" href=\"https:\/\/solartradex.com\/blog\/ca\/consells-per-a-estalviar-en-la-factura-de-la-llum\/#3_Controla_els_estand-byes_a_la_nit\" >3. Controla els estand-byes a la nit<\/a><\/li><li class='ez-toc-page-1 ez-toc-heading-level-3'><a class=\"ez-toc-link ez-toc-heading-4\" href=\"https:\/\/solartradex.com\/blog\/ca\/consells-per-a-estalviar-en-la-factura-de-la-llum\/#4_Regula_la_temperatura_de_la_nevera_a_4-5_%C2%B0C_i_el_congelador_a_-18aCu003cbru003e\" >4. Regula la temperatura de la nevera a 4-5 \u00b0C i el congelador a -18\u00aaC.u003cbru003e<\/a><\/li><li class='ez-toc-page-1 ez-toc-heading-level-3'><a class=\"ez-toc-link ez-toc-heading-5\" href=\"https:\/\/solartradex.com\/blog\/ca\/consells-per-a-estalviar-en-la-factura-de-la-llum\/#5_Regula_la_temperatura_del_circuit_de_calefaccio_de_la_caldera_lleugerament_per_sobre_del_50\" >5. Regula la temperatura del circuit de calefacci\u00f3 de la caldera lleugerament per sobre del 50%<\/a><\/li><li class='ez-toc-page-1 ez-toc-heading-level-3'><a class=\"ez-toc-link ez-toc-heading-6\" href=\"https:\/\/solartradex.com\/blog\/ca\/consells-per-a-estalviar-en-la-factura-de-la-llum\/#6_Installa_un_kit_dautoconsum\" >6. Instal\u00b7la un kit d&#8217;autoconsum<\/a><\/li><li class='ez-toc-page-1 ez-toc-heading-level-3'><a class=\"ez-toc-link ez-toc-heading-7\" href=\"https:\/\/solartradex.com\/blog\/ca\/consells-per-a-estalviar-en-la-factura-de-la-llum\/#7_Monitora_el_teu_consum\" >7. Monitora el teu consum<\/a><\/li><\/ul><\/nav><\/div>\n<h3 class=\"rank-math-step-title \"><span class=\"ez-toc-section\" id=\"1_Contracta_a_casa_la_tarifa_20_DHA_amb_discriminacio_horaria\"><\/span>1. Contracta a casa la tarifa 2.0 DHA amb discriminaci\u00f3 hor\u00e0ria<span class=\"ez-toc-section-end\"><\/span><\/h3>\n<div class=\"rank-math-step-content \"><img fetchpriority=\"high\" decoding=\"async\" width=\"825\" height=\"526\" src=\"https:\/\/solartradex.com\/blog\/wp-content\/uploads\/2013\/10\/Captura-de-pantalla-2013-10-08-a-las-22.36.33.png\" class=\"attachment-full size-full\" alt=\"Ahorrar tarifa 2.0 DHA SolarTradex\" title=\"\"><p>Si com a m\u00ednim un 40% del teu consum \u00e9s entre les 22.00 i les 12.00 hores del migdia, estalviar\u00e0s un m\u00ednim del 10% \u00a0 en la facturaci\u00f3 de l&#8217;energia. No conec a ning\u00fa que no li hagi funcionat!!<\/p>\n<\/div>\n<\/div>\n<div id=\"howto-step-1684506937028\" class=\"rank-math-step\">\n<h3 class=\"rank-math-step-title \"><span class=\"ez-toc-section\" id=\"2_Baixat_la_potencia_contractada\"><\/span>2. Baixa&#8217;t la pot\u00e8ncia contractada<span class=\"ez-toc-section-end\"><\/span><\/h3>\n<div class=\"rank-math-step-content \"><img decoding=\"async\" width=\"665\" height=\"473\" src=\"https:\/\/solartradex.com\/blog\/wp-content\/uploads\/2014\/02\/Captura-de-pantalla-2014-02-24-a-las-20.25.48.png\" class=\"attachment-full size-full\" alt=\"Precio Potencia Contratada SolarTradex\" title=\"\"><p>Esbrina quanta pot\u00e8ncia necessites realment contractar i no contractis m\u00e9s del compte. El cost anual de la pot\u00e8ncia el tens en la seg\u00fcent taula.<\/p>\n<\/div>\n<\/div>\n<div id=\"howto-step-1684507024904\" class=\"rank-math-step\">\n<h3 class=\"rank-math-step-title \"><span class=\"ez-toc-section\" id=\"3_Controla_els_estand-byes_a_la_nit\"><\/span>3. Controla els estand-byes a la nit<span class=\"ez-toc-section-end\"><\/span><\/h3>\n<div class=\"rank-math-step-content \"><img decoding=\"async\" width=\"1050\" height=\"649\" src=\"https:\/\/solartradex.com\/blog\/wp-content\/uploads\/2014\/05\/Captura-de-pantalla-2014-05-01-a-las-10.14.37.png\" class=\"attachment-full size-full\" alt=\"\" title=\"\"><p>Sembla una obvietat per\u00f2\u2026 \u00a0si redueixes 100 W l&#8217;estand-bye aconseguir\u00e0s estalviar: 100 W x 8 hores x 365 dies = 292 kWh\/any\u00a0\u2026 Segons la CNMV, el consum mig dom\u00e8stic espanyol \u00e9s de 2.630 kWh\/any, per tant si apagues els teus dispositius quan dorms, estalviar\u00e0s un m\u00ednim del 10% del teu consum anual.<\/p>\n<\/div>\n<\/div>\n<div id=\"howto-step-1684507102978\" class=\"rank-math-step\">\n<h3 class=\"rank-math-step-title \"><span class=\"ez-toc-section\" id=\"4_Regula_la_temperatura_de_la_nevera_a_4-5_%C2%B0C_i_el_congelador_a_-18aCu003cbru003e\"><\/span>4. Regula la temperatura de la nevera a 4-5 \u00b0C i el congelador a -18\u00aaC.u003cbru003e<span class=\"ez-toc-section-end\"><\/span><\/h3>\n<div class=\"rank-math-step-content \"><img loading=\"lazy\" decoding=\"async\" width=\"1042\" height=\"667\" src=\"https:\/\/solartradex.com\/blog\/wp-content\/uploads\/2014\/02\/Captura-de-pantalla-2014-02-24-a-las-18.29.51.png\" class=\"attachment-full size-full\" alt=\"Ahorro consumo nevera SolarTradex\" title=\"\"><p>Es pot estalviar un 14% del consum, tan sols pujant la temperatura del congelador des de -21 \u00b0C a -18 \u00b0C.<\/p>\n<\/div>\n<\/div>\n<div id=\"howto-step-1684507214940\" class=\"rank-math-step\">\n<h3 class=\"rank-math-step-title \"><span class=\"ez-toc-section\" id=\"5_Regula_la_temperatura_del_circuit_de_calefaccio_de_la_caldera_lleugerament_per_sobre_del_50\"><\/span>5. Regula la temperatura del circuit de calefacci\u00f3 de la caldera lleugerament per sobre del 50%<span class=\"ez-toc-section-end\"><\/span><\/h3>\n<div class=\"rank-math-step-content \"><img loading=\"lazy\" decoding=\"async\" width=\"1046\" height=\"660\" src=\"https:\/\/solartradex.com\/blog\/wp-content\/uploads\/2014\/02\/Captura-de-pantalla-2014-02-24-a-las-19.14.02.png\" class=\"attachment-full size-full\" alt=\"\" title=\"\"><p>Arribar\u00e0s abans a la temperatura de consigna, i funcionar\u00e0 menys el bombament d&#8217;aigua del circuit de radiadors; per\u00f2 no et passis\u2026 \u00a0perdr\u00e0s efici\u00e8ncia!!!\u00a0Observa com podr\u00e0s estalviar un 38% en el consum de la meva caldera.<\/p>\n<\/div>\n<\/div>\n<div id=\"howto-step-1684507281217\" class=\"rank-math-step\">\n<h3 class=\"rank-math-step-title \"><span class=\"ez-toc-section\" id=\"6_Installa_un_kit_dautoconsum\"><\/span>6. Instal\u00b7la un kit d&#8217;autoconsum<span class=\"ez-toc-section-end\"><\/span><\/h3>\n<div class=\"rank-math-step-content \"><img loading=\"lazy\" decoding=\"async\" width=\"495\" height=\"396\" src=\"https:\/\/solartradex.com\/blog\/wp-content\/uploads\/2013\/03\/kit_ST480_sense-fons1.png\" class=\"attachment-full size-full\" alt=\"\" title=\"\"><p>Els recordar\u00e0s a les el\u00e8ctriques qui t\u00e9 la paella pel m\u00e0nec, ser\u00e0s m\u00e9s lliure i feli\u00e7\u2026 i damunt podr\u00e0s estalviar si instal\u00b7les un kit d&#8217;autoconsum local.\u00a0<\/p>\n<\/div>\n<\/div>\n<div id=\"howto-step-1684507413130\" class=\"rank-math-step\">\n<h3 class=\"rank-math-step-title \"><span class=\"ez-toc-section\" id=\"7_Monitora_el_teu_consum\"><\/span>7. Monitora el teu consum<span class=\"ez-toc-section-end\"><\/span><\/h3>\n<div class=\"rank-math-step-content \"><img loading=\"lazy\" decoding=\"async\" width=\"410\" height=\"293\" src=\"https:\/\/solartradex.com\/blog\/wp-content\/uploads\/2014\/02\/Fotolia_59302409_XS.jpg\" class=\"attachment-full size-full\" alt=\"Ahorrar Factura Luz SolarTradex\" title=\"\"><p>Ho va dir Lord Kelvin en el segle XIX: lo que no es mesura no es pot mejorar y \u00a0es va afartar de vendre term\u00f2metres!!! Fora bromes, l&#8217;\u00fanica manera de saber quant i quan consumeixes, si t&#8217;interessa o no \u00a0una tarifa amb discriminaci\u00f3 hor\u00e0ria, si tens la pot\u00e8ncia ben contractada, o si les actuacions que fas tenen resultat \u00e9s mesurant-ho.<\/p>\n<\/div>\n<\/div>\n<\/div>\n<\/div><script type=\"application\/ld+json\">{\n    \"@context\": \"https:\/\/schema.org\",\n    \"@type\": \"FAQPage\",\n    \"mainEntity\": [\n        {\n            \"@type\": \"Question\",\n            \"name\": \"1. Contracta a casa la tarifa 2.0 DHA amb discriminaci\u00f3 hor\u00e0ria\",\n            \"acceptedAnswer\": {\n                \"@type\": \"Answer\",\n                \"text\": \"Si com a m\u00ednim un 40% del teu consum \u00e9s entre les 22.00 i les 12.00 hores del migdia, estalviar\u00e0s un m\u00ednim del 10% \u00a0 en la facturaci\u00f3 de l'energia. No conec a ning\u00fa que no li hagi funcionat!!\"\n            }\n        },\n        {\n            \"@type\": \"Question\",\n            \"name\": \"2. Baixa't la pot\u00e8ncia contractada\",\n            \"acceptedAnswer\": {\n                \"@type\": \"Answer\",\n                \"text\": \"Esbrina quanta pot\u00e8ncia necessites realment contractar i no contractis m\u00e9s del compte. El cost anual de la pot\u00e8ncia el tens en la seg\u00fcent taula.\"\n            }\n        },\n        {\n            \"@type\": \"Question\",\n            \"name\": \"3. Controla els estand-byes a la nit\",\n            \"acceptedAnswer\": {\n                \"@type\": \"Answer\",\n                \"text\": \"Sembla una obvietat per\u00f2\u2026 \u00a0si redueixes 100 W l'estand-bye aconseguir\u00e0s estalviar: 100 W x 8 hores x 365 dies = 292 kWh\/any\u00a0\u2026 Segons la CNMV, el consum mig dom\u00e8stic espanyol \u00e9s de 2.630 kWh\/any, per tant si apagues els teus dispositius quan dorms, estalviar\u00e0s un m\u00ednim del 10% del teu consum anual.\"\n            }\n        },\n        {\n            \"@type\": \"Question\",\n            \"name\": \"4. Regula la temperatura de la nevera a 4-5 \u00b0C i el congelador a -18\u00aaC.u003cbru003e\",\n            \"acceptedAnswer\": {\n                \"@type\": \"Answer\",\n                \"text\": \"Es pot estalviar un 14% del consum, tan sols pujant la temperatura del congelador des de -21 \u00b0C a -18 \u00b0C.\"\n            }\n        },\n        {\n            \"@type\": \"Question\",\n            \"name\": \"5. Regula la temperatura del circuit de calefacci\u00f3 de la caldera lleugerament per sobre del 50%\",\n            \"acceptedAnswer\": {\n                \"@type\": \"Answer\",\n                \"text\": \"Arribar\u00e0s abans a la temperatura de consigna, i funcionar\u00e0 menys el bombament d'aigua del circuit de radiadors; per\u00f2 no et passis\u2026 \u00a0perdr\u00e0s efici\u00e8ncia!!!\u00a0Observa com podr\u00e0s estalviar un 38% en el consum de la meva caldera.\"\n            }\n        },\n        {\n            \"@type\": \"Question\",\n            \"name\": \"6. Instal\u00b7la un kit d'autoconsum\",\n            \"acceptedAnswer\": {\n                \"@type\": \"Answer\",\n                \"text\": \"Els recordar\u00e0s a les el\u00e8ctriques qui t\u00e9 la paella pel m\u00e0nec, ser\u00e0s m\u00e9s lliure i feli\u00e7\u2026 i damunt podr\u00e0s estalviar si instal\u00b7les un kit d'autoconsum local.\u00a0\"\n            }\n        },\n        {\n            \"@type\": \"Question\",\n            \"name\": \"7. Monitora el teu consum\",\n            \"acceptedAnswer\": {\n                \"@type\": \"Answer\",\n                \"text\": \"Ho va dir Lord Kelvin en el segle XIX: lo que no es mesura no es pot mejorar y \u00a0es va afartar de vendre term\u00f2metres!!! Fora bromes, l'\u00fanica manera de saber quant i quan consumeixes, si t'interessa o no \u00a0una tarifa amb discriminaci\u00f3 hor\u00e0ria, si tens la pot\u00e8ncia ben contractada, o si les actuacions que fas tenen resultat \u00e9s mesurant-ho.\"\n            }\n        }\n    ]\n}<\/script>\n\n<div class=\"kk-star-ratings kksr-auto kksr-align-left kksr-valign-bottom\"\n    data-payload='{&quot;align&quot;:&quot;left&quot;,&quot;id&quot;:&quot;9071&quot;,&quot;slug&quot;:&quot;default&quot;,&quot;valign&quot;:&quot;bottom&quot;,&quot;ignore&quot;:&quot;&quot;,&quot;reference&quot;:&quot;auto&quot;,&quot;class&quot;:&quot;&quot;,&quot;count&quot;:&quot;0&quot;,&quot;legendonly&quot;:&quot;&quot;,&quot;readonly&quot;:&quot;&quot;,&quot;score&quot;:&quot;0&quot;,&quot;starsonly&quot;:&quot;&quot;,&quot;best&quot;:&quot;5&quot;,&quot;gap&quot;:&quot;5&quot;,&quot;greet&quot;:&quot;Valora este post&quot;,&quot;legend&quot;:&quot;0\\\/5 - (0 votes)&quot;,&quot;size&quot;:&quot;24&quot;,&quot;title&quot;:&quot;7 consells per a estalviar en la factura de la llum&quot;,&quot;width&quot;:&quot;0&quot;,&quot;_legend&quot;:&quot;{score}\\\/{best} - ({count} {votes})&quot;,&quot;font_factor&quot;:&quot;1.25&quot;}'>\n            \n<div class=\"kksr-stars\">\n    \n<div class=\"kksr-stars-inactive\">\n            <div class=\"kksr-star\" data-star=\"1\" style=\"padding-right: 5px\">\n            \n\n<div class=\"kksr-icon\" style=\"width: 24px; height: 24px;\"><\/div>\n        <\/div>\n            <div class=\"kksr-star\" data-star=\"2\" style=\"padding-right: 5px\">\n            \n\n<div class=\"kksr-icon\" style=\"width: 24px; height: 24px;\"><\/div>\n        <\/div>\n            <div class=\"kksr-star\" data-star=\"3\" style=\"padding-right: 5px\">\n            \n\n<div class=\"kksr-icon\" style=\"width: 24px; height: 24px;\"><\/div>\n        <\/div>\n            <div class=\"kksr-star\" data-star=\"4\" style=\"padding-right: 5px\">\n            \n\n<div class=\"kksr-icon\" style=\"width: 24px; height: 24px;\"><\/div>\n        <\/div>\n            <div class=\"kksr-star\" data-star=\"5\" style=\"padding-right: 5px\">\n            \n\n<div class=\"kksr-icon\" style=\"width: 24px; height: 24px;\"><\/div>\n        <\/div>\n    <\/div>\n    \n<div class=\"kksr-stars-active\" style=\"width: 0px;\">\n            <div class=\"kksr-star\" style=\"padding-right: 5px\">\n            \n\n<div class=\"kksr-icon\" style=\"width: 24px; height: 24px;\"><\/div>\n        <\/div>\n            <div class=\"kksr-star\" style=\"padding-right: 5px\">\n            \n\n<div class=\"kksr-icon\" style=\"width: 24px; height: 24px;\"><\/div>\n        <\/div>\n            <div class=\"kksr-star\" style=\"padding-right: 5px\">\n            \n\n<div class=\"kksr-icon\" style=\"width: 24px; height: 24px;\"><\/div>\n        <\/div>\n            <div class=\"kksr-star\" style=\"padding-right: 5px\">\n            \n\n<div class=\"kksr-icon\" style=\"width: 24px; height: 24px;\"><\/div>\n        <\/div>\n            <div class=\"kksr-star\" style=\"padding-right: 5px\">\n            \n\n<div class=\"kksr-icon\" style=\"width: 24px; height: 24px;\"><\/div>\n        <\/div>\n    <\/div>\n<\/div>\n                \n\n<div class=\"kksr-legend\" style=\"font-size: 19.2px;\">\n            <span class=\"kksr-muted\">Valora este post<\/span>\n    <\/div>\n    <\/div>\n","protected":false},"excerpt":{"rendered":"<p>Fa un parell de setmanes vaig esmorzar amb un bon amic de la meva \u00e8poca en la facultat, que confessar seguidor del blog. En una arrencada de sinceritat, em va dir amb molt d&#8217;amor i major delicadesa que li encantaven els meus articles, per\u00f2 que potser estaria b\u00e9 tractar de condensar-los una miqueta de tant &hellip; <a href=\"https:\/\/solartradex.com\/blog\/ca\/consells-per-a-estalviar-en-la-factura-de-la-llum\/\" class=\"more-link\">Continua la lectura de <span class=\"screen-reader-text\">7 consells per a estalviar en la factura de la llum<\/span> <span class=\"meta-nav\">&rarr;<\/span><\/a><\/p>\n","protected":false},"author":2,"featured_media":0,"comment_status":"closed","ping_status":"closed","sticky":false,"template":"","format":"standard","meta":{"inline_featured_image":false,"_mbp_gutenberg_autopost":false,"footnotes":""},"categories":[121],"tags":[],"class_list":["post-9071","post","type-post","status-publish","format-standard","hentry","category-tarifes-electriques"],"fimg_url":false,"post_mailing_queue_ids":[],"_links":{"self":[{"href":"https:\/\/solartradex.com\/blog\/ca\/wp-json\/wp\/v2\/posts\/9071","targetHints":{"allow":["GET"]}}],"collection":[{"href":"https:\/\/solartradex.com\/blog\/ca\/wp-json\/wp\/v2\/posts"}],"about":[{"href":"https:\/\/solartradex.com\/blog\/ca\/wp-json\/wp\/v2\/types\/post"}],"author":[{"embeddable":true,"href":"https:\/\/solartradex.com\/blog\/ca\/wp-json\/wp\/v2\/users\/2"}],"replies":[{"embeddable":true,"href":"https:\/\/solartradex.com\/blog\/ca\/wp-json\/wp\/v2\/comments?post=9071"}],"version-history":[{"count":2,"href":"https:\/\/solartradex.com\/blog\/ca\/wp-json\/wp\/v2\/posts\/9071\/revisions"}],"predecessor-version":[{"id":9276,"href":"https:\/\/solartradex.com\/blog\/ca\/wp-json\/wp\/v2\/posts\/9071\/revisions\/9276"}],"wp:attachment":[{"href":"https:\/\/solartradex.com\/blog\/ca\/wp-json\/wp\/v2\/media?parent=9071"}],"wp:term":[{"taxonomy":"category","embeddable":true,"href":"https:\/\/solartradex.com\/blog\/ca\/wp-json\/wp\/v2\/categories?post=9071"},{"taxonomy":"post_tag","embeddable":true,"href":"https:\/\/solartradex.com\/blog\/ca\/wp-json\/wp\/v2\/tags?post=9071"}],"curies":[{"name":"wp","href":"https:\/\/api.w.org\/{rel}","templated":true}]}}