{"id":9876,"date":"2023-09-21T12:49:27","date_gmt":"2023-09-21T10:49:27","guid":{"rendered":"https:\/\/solartradex.com\/blog\/?p=9876"},"modified":"2023-09-26T08:32:15","modified_gmt":"2023-09-26T06:32:15","slug":"la-transicio-energetica-que-no-para","status":"publish","type":"post","link":"https:\/\/solartradex.com\/blog\/ca\/la-transicio-energetica-que-no-para\/","title":{"rendered":"La transici\u00f3 energ\u00e8tica que no para"},"content":{"rendered":"\n<h2 class=\"wp-block-heading has-medium-font-size\">Benvinguts de nou al blog de SolarTradex<\/h2>\n\n\n\n<figure class=\"wp-block-image size-large\"><img fetchpriority=\"high\" decoding=\"async\" width=\"1024\" height=\"385\" src=\"https:\/\/solartradex.com\/blog\/wp-content\/uploads\/2023\/09\/transicion-enegetica-bienvenido-1024x385.jpg\" alt=\"transici\u00f3 energ\u00e8tica\" class=\"wp-image-9865\" title=\"\" srcset=\"https:\/\/solartradex.com\/blog\/wp-content\/uploads\/2023\/09\/transicion-enegetica-bienvenido-1024x385.jpg 1024w, https:\/\/solartradex.com\/blog\/wp-content\/uploads\/2023\/09\/transicion-enegetica-bienvenido-300x113.jpg 300w, https:\/\/solartradex.com\/blog\/wp-content\/uploads\/2023\/09\/transicion-enegetica-bienvenido-768x289.jpg 768w, https:\/\/solartradex.com\/blog\/wp-content\/uploads\/2023\/09\/transicion-enegetica-bienvenido-1200x451.jpg 1200w, https:\/\/solartradex.com\/blog\/wp-content\/uploads\/2023\/09\/transicion-enegetica-bienvenido.jpg 1299w\" sizes=\"(max-width: 1024px) 100vw, 1024px\" \/><\/figure>\n\n\n\n<p>Hi folks!! Long time no see\u2026<\/p>\n\n\n\n<p>Certament ja fa mooolt de temps, fins i tot massa que tenim en l\u2019oblit aquesta bit\u00e0cola, pr\u00e0cticament 4 anys sense escriure sobre energia solar i&nbsp; autoconsum\u2026 tota una eternitat, i aix\u00f2 no pot pas ser.<\/p>\n\n\n\n<p>Quatre anys durant els quals, la roda del temps ha seguit girant, i amb ella moltes novetats han esdevingut en el nostre sector, <a href=\"https:\/\/solartradex.com\/blog\/cualquier-noche-puede-salir-el-sol\/\">el sol ha tornat a sortir<\/a>, i Espanya amb gaireb\u00e9 5 GW d\u2019energia solar instal\u00b7lada durant l\u2019any 2022 torna a estar present a les primeres posicions del <a href=\"https:\/\/www.energias-renovables.com\/fotovoltaica\/espana-regresa-al-top-10-de-las-20220523\" target=\"_blank\" rel=\"noopener\">ranking mundial<\/a> de pa\u00efsos que m\u00e9s energia solar instal\u00b7len.<\/p>\n\n\n\n<!--more-->\n\n\n\n<p>I \u00e9s que d\u2019en\u00e7\u00e0 de la <a href=\"https:\/\/solartradex.com\/blog\/real-decreto-ley-15-2018\/\">derogaci\u00f3 del mal anomenat impost al sol<\/a> l\u2019any 2019 i l\u2019aprovaci\u00f3 del <a href=\"https:\/\/www.boe.es\/buscar\/act.php?id=BOE-A-2019-5089\" target=\"_blank\" rel=\"noopener\"><em>Reial Decret 244\/2019<\/em><\/a><em> de 5 d&#8217;abril, pel qual es regulen les condicions administratives, t\u00e8cniques i econ\u00f2miques de l&#8217;autoconsum d&#8217;energia el\u00e8ctrica<\/em>, milers i milers d\u2019empreses i particulars, esperonats per l\u2019alt preu de l\u2019electricitat ( no tant alt com l\u2019any passat per\u00f2 gaireb\u00e9 3 vegades m\u00e9s cara que l\u2019any 2019) i&nbsp; per l\u2019arribada massiva de subvencions (avui ja esgotades per\u00f2 no imprescindibles per fer rendible l\u2019autoconsum), han instal\u00b7lat i segueixen instal\u00b7lant panells solars per autoconsum; i tot aix\u00f2 sense oblidar la cada cop m\u00e9s accentuada presa de consci\u00e8ncia mediambiental davant la greu situaci\u00f3 d\u2019alerta clim\u00e0tica que estem visquent.<\/p>\n\n\n\n<p>\u00c9s per aquests motius, que despr\u00e9s d\u2019uns anys d\u2019aturada, d\u2019altra banda tamb\u00e9 necess\u00e0ria per agafar energia renovada per tornar a escriure amb certa regularitat,&nbsp; des de <a href=\"https:\/\/solartradex.com\/ca\">SolarTradex<\/a> hem cregut convenient reemprendre&nbsp; l\u2019activitat del nostre blog per tal d\u2019acostar novament l\u2019energia solar fotovoltaica i el fenomen de l\u2019autoconsum, a tota aquella gent interessada en la tem\u00e0tica; per\u00f2 tamb\u00e9 als professionals del sector que cerquin informaci\u00f3 rellevant i an\u00e0lisis normatius,&nbsp; i sobretot a totes aquelles persones o empreses que avui us esteu plantejant si aix\u00f2 d\u2019instal\u00b7lar plaques solars \u00e9s potser una moda passatgera, o b\u00e9 \u00e9s un fenomen sense retorn del que tard o d\u2019hora tots n\u2019haurem de ser part\u00edcips.<\/p>\n\n\n\n<p>Aix\u00ed doncs, aqu\u00ed us deixem un primer titular d\u2019aquesta nova etapa, el qual no deixar de ser una sincera declaraci\u00f3 de principis.<\/p>\n\n\n\n<figure class=\"wp-block-pullquote\"><blockquote><p><em>\u201cL\u2019autoconsum solar no t\u00e9 marxa enrere, i per tant, ara com ara,&nbsp; el debat ja no ha de ser si instal\u00b7lem panells solars o no a casa o a la nostra empresa, sin\u00f3 que el que cal plantejar-se \u00e9s si els instal\u00b7lem avui o en el pitjor dels casos ho deixem per a dem\u00e0.\u201d<\/em><\/p><\/blockquote><\/figure>\n\n\n\n<p><br>Avui ja estem tots conven\u00e7uts de qu\u00e8 la transici\u00f3 energ\u00e8tica no t\u00e9 aturador, els governs d\u2019arreu del m\u00f3n han pres consci\u00e8ncia de la greu situaci\u00f3 d\u2019alerta clim\u00e0tica amb la que&nbsp; haurem de conviure les properes d\u00e8cades \u2013 <a href=\"https:\/\/climate.copernicus.eu\/esotc\/2022\/temperature\" target=\"_blank\" rel=\"noopener\">l\u2019any 2022, Europa va patir el segon any amb la temperatura m\u00e9s alta de la seva hist\u00f2ria<\/a>&#8211;&nbsp; i estan legislant per fer-hi front establint objectius cada cop m\u00e9s ambiciosos \u2013 <a href=\"https:\/\/www.lavanguardia.com\/economia\/20230330\/8864662\/ue-acuerda-42-5-consumo-veintisiete-provenga-energia-renovable.html\" target=\"_blank\" rel=\"noopener\">42,5% del consum provinent d\u2019energies renovables l\u2019any 2030 a la UE<\/a>&#8211; , i el que \u00e9s m\u00e9s important, la societat tamb\u00e9 n\u2019ha pres consci\u00e8ncia tal i com any rere any mostra <a href=\"https:\/\/www.weforum.org\/reports\/global-risks-report-2023\/\" target=\"_blank\" rel=\"noopener\">l\u2019informe que elabora el World Economic Forum<\/a> respecte als principals riscos que percep la societat a nivell mundial.<\/p>\n\n\n\n<figure class=\"wp-block-image size-full\"><img decoding=\"async\" width=\"966\" height=\"592\" src=\"https:\/\/solartradex.com\/blog\/wp-content\/uploads\/2023\/09\/trasicion-energetica-1.png\" alt=\"Transici\u00f3 energ\u00e8tica World Economic Forum\" class=\"wp-image-9878\" title=\"\" srcset=\"https:\/\/solartradex.com\/blog\/wp-content\/uploads\/2023\/09\/trasicion-energetica-1.png 966w, https:\/\/solartradex.com\/blog\/wp-content\/uploads\/2023\/09\/trasicion-energetica-1-300x184.png 300w, https:\/\/solartradex.com\/blog\/wp-content\/uploads\/2023\/09\/trasicion-energetica-1-768x471.png 768w\" sizes=\"(max-width: 966px) 100vw, 966px\" \/><\/figure>\n\n\n\n<p>Per\u00f2 per tal que aquesta transici\u00f3 energ\u00e8tica cap a una economia baixa en emissions esdevingui exitosa i els objectius plantejats es puguin assolir, \u00e9s imprescindible interioritzar i portar a la realitat tres paraules claus: <strong>estalvi<\/strong>, <strong>electrificaci\u00f3 <\/strong>i <strong>generaci\u00f3<\/strong>.<\/p>\n\n\n\n<p>Aix\u00ed doncs, per una banda cal que des de ja revisem els nostres h\u00e0bits, que posem en judici els nostres paradigmes de consum i que prenguem les accions correctores necess\u00e0ries per compatibilitzar el m\u00e9s aviat possible el nostre desenvolupament i benestar com a societat amb <strong>l\u2019estalvi energ\u00e8tic<\/strong>.<\/p>\n\n\n\n<p>D\u2019altra banda, i no menys important, caldr\u00e0 cada cop m\u00e9s, <strong>electrificar els nostres consums<\/strong>, fugint de cremar combustibles f\u00f2ssils i apostant de manera massiva per la <strong>mobilitat el\u00e8ctrica<\/strong>, i per <strong>sistemes de climatitzaci\u00f3 m\u00e9s eficients<\/strong> tal i com s\u00f3n els sistemes per aerot\u00e8rmia o geot\u00e8rmia entre d\u2019altres.<\/p>\n\n\n\n<p>Tot un repte, principalment pel que fa a la mobilitat el\u00e8ctrica, doncs perque aquesta es pugui accelerar, cal implantar urgentment una s\u00e8rie de canvis estructurals que facilitin la instal\u00b7laci\u00f3 de punts de rec\u00e0rrega arreu, no nom\u00e9s a la via p\u00fablica (on tamb\u00e9 en manquen i dels que funcionen!!), sin\u00f3 principalment a les comunitats de ve\u00efns.<\/p>\n\n\n\n<p>I \u00e9s precisament en aquest context que la tercera paraula clau pren especial rellev\u00e0ncia, doncs cal virar de manera ferma i decidida cap un model de <strong>generaci\u00f3 d\u2019electricitat 100% renovable<\/strong>, on l\u2019energia solar per autoconsum, pren especial rellev\u00e0ncia per donar resposta en forma d\u2019estalvi energ\u00e8tic, econ\u00f2mic i d\u2019emissions a la creixent electrificaci\u00f3 dels nostres consums.<\/p>\n\n\n\n<p>Ara b\u00e9, no siguem pas innocents i caiguem en la convicci\u00f3 de que omplint empreses, sostres i terrats comunitaris de m\u00f2duls solars en farem pas prou per assolir tots aquests objectius tant exigents, doncs tamb\u00e9 caldr\u00e0 v\u00e8ncer i conv\u00e8ncer les retic\u00e8ncies de part de la societat per poder implantar petits i mitjans parcs solars en terrenys erms i de baix valor agrol\u00f2gic, a la vegada que aconseguim que les empreses de distribuci\u00f3 el\u00e8ctrica, amb els diners que reben de part nostre,&nbsp; reforcin l\u2019actual i obsoleta xarxa de distribuci\u00f3 per tal que aquesta pugui assumir i gestionar la creixent generaci\u00f3 d\u2019electricitat distribu\u00efda que s\u2019espera pels propers anys.<\/p>\n\n\n\n<p>Doncs ja veieu, que a tots plegats se\u2019ns ha girat for\u00e7a feina, oi?<\/p>\n\n\n\n<p>\u00c9s per aix\u00f2, que hem decidit tornar, per parlar novament d\u2019energia solar, d\u2019autoconsum residencial, d\u2019autoconsum per empreses, d\u2019autoconsum col\u00b7lectiu, de comunitats energ\u00e8tiques, de parcs solars, de mobilitat el\u00e8ctrica, d\u2019aerot\u00e8rmia, de la normativa vigent, i de moltes altres coses i temes que de ben segur ens aniran sobrevinguent.<\/p>\n\n\n\n<p>De moment per <strong>les properes setmanes<\/strong>, hem preparat una s\u00e8rie d\u2019articles per parlar d\u2019autoconsum residencial, i que permetin a tots aquells que es plantegen instal\u00b7lar un sistema d\u2019autoconsum a casa, respondre algunes q\u00fcestions&nbsp; b\u00e0siques com per exemple: Com funciona l\u2019autoconsum? Quants panells he d\u2019instal\u00b7lar? \u00c9s rendible l\u2019autoconsum? Instal\u00b7lo bateries f\u00edsiques o contracto bateries virtuals? Funciona correctament la meva instal\u00b7laci\u00f3? Quins factors he de tenir present per escollir una bona empresa instal\u00b7ladora? \u2026.. i moltes altres q\u00fcestions que de ben segur que seran de l\u2019inter\u00e8s de tots plegats..<\/p>\n\n\n\n<p>Aix\u00ed doncs, peu a baix que aix\u00f2 no para.<\/p>\n\n\n\n<figure class=\"wp-block-pullquote\"><blockquote><p>Ens parlem ben aviat!!<br><br> T&#8217;animem a comentar-nos que t&#8217;ha semblat i <br><a href=\"https:\/\/solartradex.com\/ca\/contacte\"><strong>contacta amb nosaltres per a parlar la instal\u00b7laci\u00f3 de plaques solars o carregadors el\u00e8ctrics<\/strong><\/a>.<\/p><\/blockquote><\/figure>\n\n\n<p><\/p>\n<p><\/p><script type=\"application\/ld+json\">{\n    \"@context\": \"https:\/\/schema.org\",\n    \"@type\": \"FAQPage\",\n    \"mainEntity\": [\n        {\n            \"@type\": \"Question\",\n            \"name\": \"Benvinguts de nou al blog de SolarTradex\",\n            \"acceptedAnswer\": {\n                \"@type\": \"Answer\",\n                \"text\": \"Hi folks!! Long time no see\u2026Certament ja fa mooolt de temps, fins i tot massa que tenim en l\u2019oblit aquesta bit\u00e0cola, pr\u00e0cticament 4 anys sense escriure sobre energia solar i&nbsp; autoconsum\u2026 tota una eternitat, i aix\u00f2 no pot pas ser.Quatre anys durant els quals, la roda del temps ha seguit girant, i amb ella moltes novetats han esdevingut en el nostre sector, el sol ha tornat a sortir, i Espanya amb gaireb\u00e9 5 GW d\u2019energia solar instal\u00b7lada durant l\u2019any 2022 torna a estar present a les primeres posicions del ranking mundial de pa\u00efsos que m\u00e9s energia solar instal\u00b7len.I \u00e9s que d\u2019en\u00e7\u00e0 de la derogaci\u00f3 del mal anomenat impost al sol l\u2019any 2019 i l\u2019aprovaci\u00f3 del Reial Decret 244\/2019 de 5 d'abril, pel qual es regulen les condicions administratives, t\u00e8cniques i econ\u00f2miques de l'autoconsum d'energia el\u00e8ctrica, milers i milers d\u2019empreses i particulars, esperonats per l\u2019alt preu de l\u2019electricitat ( no tant alt com l\u2019any passat per\u00f2 gaireb\u00e9 3 vegades m\u00e9s cara que l\u2019any 2019) i&nbsp; per l\u2019arribada massiva de subvencions (avui ja esgotades per\u00f2 no imprescindibles per fer rendible l\u2019autoconsum), han instal\u00b7lat i segueixen instal\u00b7lant panells solars per autoconsum; i tot aix\u00f2 sense oblidar la cada cop m\u00e9s accentuada presa de consci\u00e8ncia mediambiental davant la greu situaci\u00f3 d\u2019alerta clim\u00e0tica que estem visquent.\u00c9s per aquests motius, que despr\u00e9s d\u2019uns anys d\u2019aturada, d\u2019altra banda tamb\u00e9 necess\u00e0ria per agafar energia renovada per tornar a escriure amb certa regularitat,&nbsp; des de SolarTradex hem cregut convenient reemprendre&nbsp; l\u2019activitat del nostre blog per tal d\u2019acostar novament l\u2019energia solar fotovoltaica i el fenomen de l\u2019autoconsum, a tota aquella gent interessada en la tem\u00e0tica; per\u00f2 tamb\u00e9 als professionals del sector que cerquin informaci\u00f3 rellevant i an\u00e0lisis normatius,&nbsp; i sobretot a totes aquelles persones o empreses que avui us esteu plantejant si aix\u00f2 d\u2019instal\u00b7lar plaques solars \u00e9s potser una moda passatgera, o b\u00e9 \u00e9s un fenomen sense retorn del que tard o d\u2019hora tots n\u2019haurem de ser part\u00edcips.Aix\u00ed doncs, aqu\u00ed us deixem un primer titular d\u2019aquesta nova etapa, el qual no deixar de ser una sincera declaraci\u00f3 de principis.&ldquo;L\u2019autoconsum solar no t\u00e9 marxa enrere, i per tant, ara com ara,&nbsp; el debat ja no ha de ser si instal\u00b7lem panells solars o no a casa o a la nostra empresa, sin\u00f3 que el que cal plantejar-se \u00e9s si els instal\u00b7lem avui o en el pitjor dels casos ho deixem per a dem\u00e0.&rdquo;Avui ja estem tots conven\u00e7uts de qu\u00e8 la transici\u00f3 energ\u00e8tica no t\u00e9 aturador, els governs d\u2019arreu del m\u00f3n han pres consci\u00e8ncia de la greu situaci\u00f3 d\u2019alerta clim\u00e0tica amb la que&nbsp; haurem de conviure les properes d\u00e8cades \u2013 l\u2019any 2022, Europa va patir el segon any amb la temperatura m\u00e9s alta de la seva hist\u00f2ria-&nbsp; i estan legislant per fer-hi front establint objectius cada cop m\u00e9s ambiciosos \u2013 42,5% del consum provinent d\u2019energies renovables l\u2019any 2030 a la UE- , i el que \u00e9s m\u00e9s important, la societat tamb\u00e9 n\u2019ha pres consci\u00e8ncia tal i com any rere any mostra l\u2019informe que elabora el World Economic Forum respecte als principals riscos que percep la societat a nivell mundial.Per\u00f2 per tal que aquesta transici\u00f3 energ\u00e8tica cap a una economia baixa en emissions esdevingui exitosa i els objectius plantejats es puguin assolir, \u00e9s imprescindible interioritzar i portar a la realitat tres paraules claus: estalvi, electrificaci\u00f3 i generaci\u00f3.Aix\u00ed doncs, per una banda cal que des de ja revisem els nostres h\u00e0bits, que posem en judici els nostres paradigmes de consum i que prenguem les accions correctores necess\u00e0ries per compatibilitzar el m\u00e9s aviat possible el nostre desenvolupament i benestar com a societat amb l\u2019estalvi energ\u00e8tic.D\u2019altra banda, i no menys important, caldr\u00e0 cada cop m\u00e9s, electrificar els nostres consums, fugint de cremar combustibles f\u00f2ssils i apostant de manera massiva per la mobilitat el\u00e8ctrica, i per sistemes de climatitzaci\u00f3 m\u00e9s eficients tal i com s\u00f3n els sistemes per aerot\u00e8rmia o geot\u00e8rmia entre d\u2019altres.Tot un repte, principalment pel que fa a la mobilitat el\u00e8ctrica, doncs perque aquesta es pugui accelerar, cal implantar urgentment una s\u00e8rie de canvis estructurals que facilitin la instal\u00b7laci\u00f3 de punts de rec\u00e0rrega arreu, no nom\u00e9s a la via p\u00fablica (on tamb\u00e9 en manquen i dels que funcionen!!), sin\u00f3 principalment a les comunitats de ve\u00efns.I \u00e9s precisament en aquest context que la tercera paraula clau pren especial rellev\u00e0ncia, doncs cal virar de manera ferma i decidida cap un model de generaci\u00f3 d\u2019electricitat 100% renovable, on l\u2019energia solar per autoconsum, pren especial rellev\u00e0ncia per donar resposta en forma d\u2019estalvi energ\u00e8tic, econ\u00f2mic i d\u2019emissions a la creixent electrificaci\u00f3 dels nostres consums.Ara b\u00e9, no siguem pas innocents i caiguem en la convicci\u00f3 de que omplint empreses, sostres i terrats comunitaris de m\u00f2duls solars en farem pas prou per assolir tots aquests objectius tant exigents, doncs tamb\u00e9 caldr\u00e0 v\u00e8ncer i conv\u00e8ncer les retic\u00e8ncies de part de la societat per poder implantar petits i mitjans parcs solars en terrenys erms i de baix valor agrol\u00f2gic, a la vegada que aconseguim que les empreses de distribuci\u00f3 el\u00e8ctrica, amb els diners que reben de part nostre,&nbsp; reforcin l\u2019actual i obsoleta xarxa de distribuci\u00f3 per tal que aquesta pugui assumir i gestionar la creixent generaci\u00f3 d\u2019electricitat distribu\u00efda que s\u2019espera pels propers anys.Doncs ja veieu, que a tots plegats se\u2019ns ha girat for\u00e7a feina, oi?\u00c9s per aix\u00f2, que hem decidit tornar, per parlar novament d\u2019energia solar, d\u2019autoconsum residencial, d\u2019autoconsum per empreses, d\u2019autoconsum col\u00b7lectiu, de comunitats energ\u00e8tiques, de parcs solars, de mobilitat el\u00e8ctrica, d\u2019aerot\u00e8rmia, de la normativa vigent, i de moltes altres coses i temes que de ben segur ens aniran sobrevinguent.De moment per les properes setmanes, hem preparat una s\u00e8rie d\u2019articles per parlar d\u2019autoconsum residencial, i que permetin a tots aquells que es plantegen instal\u00b7lar un sistema d\u2019autoconsum a casa, respondre algunes q\u00fcestions&nbsp; b\u00e0siques com per exemple: Com funciona l\u2019autoconsum? Quants panells he d\u2019instal\u00b7lar? \u00c9s rendible l\u2019autoconsum? Instal\u00b7lo bateries f\u00edsiques o contracto bateries virtuals? Funciona correctament la meva instal\u00b7laci\u00f3? Quins factors he de tenir present per escollir una bona empresa instal\u00b7ladora? \u2026.. i moltes altres q\u00fcestions que de ben segur que seran de l\u2019inter\u00e8s de tots plegats..Aix\u00ed doncs, peu a baix que aix\u00f2 no para.Ens parlem ben aviat!! T'animem a comentar-nos que t'ha semblat i contacta amb nosaltres per a parlar la instal\u00b7laci\u00f3 de plaques solars o carregadors el\u00e8ctrics.\"\n            }\n        }\n    ]\n}<\/script>\n\n<div class=\"kk-star-ratings kksr-auto kksr-align-left kksr-valign-bottom\"\n    data-payload='{&quot;align&quot;:&quot;left&quot;,&quot;id&quot;:&quot;9876&quot;,&quot;slug&quot;:&quot;default&quot;,&quot;valign&quot;:&quot;bottom&quot;,&quot;ignore&quot;:&quot;&quot;,&quot;reference&quot;:&quot;auto&quot;,&quot;class&quot;:&quot;&quot;,&quot;count&quot;:&quot;1&quot;,&quot;legendonly&quot;:&quot;&quot;,&quot;readonly&quot;:&quot;&quot;,&quot;score&quot;:&quot;5&quot;,&quot;starsonly&quot;:&quot;&quot;,&quot;best&quot;:&quot;5&quot;,&quot;gap&quot;:&quot;5&quot;,&quot;greet&quot;:&quot;Valora este post&quot;,&quot;legend&quot;:&quot;5\\\/5 - (1 vote)&quot;,&quot;size&quot;:&quot;24&quot;,&quot;title&quot;:&quot;La transici\u00f3 energ\u00e8tica que no para&quot;,&quot;width&quot;:&quot;142.5&quot;,&quot;_legend&quot;:&quot;{score}\\\/{best} - ({count} {votes})&quot;,&quot;font_factor&quot;:&quot;1.25&quot;}'>\n            \n<div class=\"kksr-stars\">\n    \n<div class=\"kksr-stars-inactive\">\n            <div class=\"kksr-star\" data-star=\"1\" style=\"padding-right: 5px\">\n            \n\n<div class=\"kksr-icon\" style=\"width: 24px; height: 24px;\"><\/div>\n        <\/div>\n            <div class=\"kksr-star\" data-star=\"2\" style=\"padding-right: 5px\">\n            \n\n<div class=\"kksr-icon\" style=\"width: 24px; height: 24px;\"><\/div>\n        <\/div>\n            <div class=\"kksr-star\" data-star=\"3\" style=\"padding-right: 5px\">\n            \n\n<div class=\"kksr-icon\" style=\"width: 24px; height: 24px;\"><\/div>\n        <\/div>\n            <div class=\"kksr-star\" data-star=\"4\" style=\"padding-right: 5px\">\n            \n\n<div class=\"kksr-icon\" style=\"width: 24px; height: 24px;\"><\/div>\n        <\/div>\n            <div class=\"kksr-star\" data-star=\"5\" style=\"padding-right: 5px\">\n            \n\n<div class=\"kksr-icon\" style=\"width: 24px; height: 24px;\"><\/div>\n        <\/div>\n    <\/div>\n    \n<div class=\"kksr-stars-active\" style=\"width: 142.5px;\">\n            <div class=\"kksr-star\" style=\"padding-right: 5px\">\n            \n\n<div class=\"kksr-icon\" style=\"width: 24px; height: 24px;\"><\/div>\n        <\/div>\n            <div class=\"kksr-star\" style=\"padding-right: 5px\">\n            \n\n<div class=\"kksr-icon\" style=\"width: 24px; height: 24px;\"><\/div>\n        <\/div>\n            <div class=\"kksr-star\" style=\"padding-right: 5px\">\n            \n\n<div class=\"kksr-icon\" style=\"width: 24px; height: 24px;\"><\/div>\n        <\/div>\n            <div class=\"kksr-star\" style=\"padding-right: 5px\">\n            \n\n<div class=\"kksr-icon\" style=\"width: 24px; height: 24px;\"><\/div>\n        <\/div>\n            <div class=\"kksr-star\" style=\"padding-right: 5px\">\n            \n\n<div class=\"kksr-icon\" style=\"width: 24px; height: 24px;\"><\/div>\n        <\/div>\n    <\/div>\n<\/div>\n                \n\n<div class=\"kksr-legend\" style=\"font-size: 19.2px;\">\n            5\/5 - (1 vote)    <\/div>\n    <\/div>\n","protected":false},"excerpt":{"rendered":"<p>Benvinguts de nou al blog de SolarTradex Hi folks!! Long time no see\u2026 Certament ja fa mooolt de temps, fins i tot massa que tenim en l\u2019oblit aquesta bit\u00e0cola, pr\u00e0cticament 4 anys sense escriure sobre energia solar i&nbsp; autoconsum\u2026 tota una eternitat, i aix\u00f2 no pot pas ser. Quatre anys durant els quals, la roda &hellip; <a href=\"https:\/\/solartradex.com\/blog\/ca\/la-transicio-energetica-que-no-para\/\" class=\"more-link\">Continua la lectura de <span class=\"screen-reader-text\">La transici\u00f3 energ\u00e8tica que no para<\/span> <span class=\"meta-nav\">&rarr;<\/span><\/a><\/p>\n","protected":false},"author":2,"featured_media":9866,"comment_status":"closed","ping_status":"closed","sticky":false,"template":"","format":"standard","meta":{"inline_featured_image":false,"_mbp_gutenberg_autopost":false,"footnotes":""},"categories":[142],"tags":[],"class_list":["post-9876","post","type-post","status-publish","format-standard","has-post-thumbnail","hentry","category-autoconsum"],"fimg_url":"https:\/\/solartradex.com\/blog\/wp-content\/uploads\/2023\/09\/transicion-enegetica-bienvenido.jpg","post_mailing_queue_ids":[],"_links":{"self":[{"href":"https:\/\/solartradex.com\/blog\/ca\/wp-json\/wp\/v2\/posts\/9876","targetHints":{"allow":["GET"]}}],"collection":[{"href":"https:\/\/solartradex.com\/blog\/ca\/wp-json\/wp\/v2\/posts"}],"about":[{"href":"https:\/\/solartradex.com\/blog\/ca\/wp-json\/wp\/v2\/types\/post"}],"author":[{"embeddable":true,"href":"https:\/\/solartradex.com\/blog\/ca\/wp-json\/wp\/v2\/users\/2"}],"replies":[{"embeddable":true,"href":"https:\/\/solartradex.com\/blog\/ca\/wp-json\/wp\/v2\/comments?post=9876"}],"version-history":[{"count":2,"href":"https:\/\/solartradex.com\/blog\/ca\/wp-json\/wp\/v2\/posts\/9876\/revisions"}],"predecessor-version":[{"id":9960,"href":"https:\/\/solartradex.com\/blog\/ca\/wp-json\/wp\/v2\/posts\/9876\/revisions\/9960"}],"wp:featuredmedia":[{"embeddable":true,"href":"https:\/\/solartradex.com\/blog\/ca\/wp-json\/wp\/v2\/media\/9866"}],"wp:attachment":[{"href":"https:\/\/solartradex.com\/blog\/ca\/wp-json\/wp\/v2\/media?parent=9876"}],"wp:term":[{"taxonomy":"category","embeddable":true,"href":"https:\/\/solartradex.com\/blog\/ca\/wp-json\/wp\/v2\/categories?post=9876"},{"taxonomy":"post_tag","embeddable":true,"href":"https:\/\/solartradex.com\/blog\/ca\/wp-json\/wp\/v2\/tags?post=9876"}],"curies":[{"name":"wp","href":"https:\/\/api.w.org\/{rel}","templated":true}]}}