{"id":10442,"date":"2025-05-07T09:43:51","date_gmt":"2025-05-07T07:43:51","guid":{"rendered":"https:\/\/solartradex.com\/blog\/?p=10442"},"modified":"2026-03-29T06:43:09","modified_gmt":"2026-03-29T04:43:09","slug":"apagon-electrico-espana","status":"publish","type":"post","link":"https:\/\/solartradex.com\/blog\/apagon-electrico-espana\/","title":{"rendered":"Apag\u00f3n el\u00e9ctrico en Espa\u00f1a: C\u00f3mo los paneles solares y las bater\u00edas mejoran la resiliencia energ\u00e9tica"},"content":{"rendered":"\n<h2 class=\"wp-block-heading\"><strong>Soluciones para prevenir un apag\u00f3n el\u00e9ctrico con energ\u00eda solar<\/strong><\/h2>\n\n\n\n<figure class=\"wp-block-image size-large\"><img fetchpriority=\"high\" decoding=\"async\" width=\"1024\" height=\"575\" src=\"https:\/\/solartradex.com\/blog\/wp-content\/uploads\/2025\/05\/Apagada_Electrica-1-1024x575.jpg\" alt=\"Apag\u00f3n El\u00e9ctrico 1\" class=\"wp-image-10443\" title=\"\" srcset=\"https:\/\/solartradex.com\/blog\/wp-content\/uploads\/2025\/05\/Apagada_Electrica-1-1024x575.jpg 1024w, https:\/\/solartradex.com\/blog\/wp-content\/uploads\/2025\/05\/Apagada_Electrica-1-300x169.jpg 300w, https:\/\/solartradex.com\/blog\/wp-content\/uploads\/2025\/05\/Apagada_Electrica-1-768x431.jpg 768w, https:\/\/solartradex.com\/blog\/wp-content\/uploads\/2025\/05\/Apagada_Electrica-1.jpg 1280w\" sizes=\"(max-width: 1024px) 100vw, 1024px\" \/><\/figure>\n\n\n\n<p>El pasado 28 de abril, Espa\u00f1a sufri\u00f3 uno de los mayores apagones el\u00e9ctricos de su historia. Desde <strong>SolarTradex<\/strong>, expertos en <strong>autoconsumo solar con bater\u00edas<\/strong>, analizamos las causas t\u00e9cnicas y proponemos soluciones urgentes para evitar que se repita.<\/p>\n\n\n\n<p>En nuestro art\u00edculo abordamos:<\/p>\n\n\n\n<p>&#x2705; El desequilibrio repentino entre generaci\u00f3n y demanda de electricidad.<br>&#x2705; Por qu\u00e9 fallaron muchas <strong>instalaciones solares con bater\u00eda<\/strong>.<br>&#x2705; Qu\u00e9 papel juegan las <strong>energ\u00edas renovables no gestionables<\/strong> como la energ\u00eda solar y la e\u00f3lica.<br>&#x2705; C\u00f3mo el <strong>almacenamiento de energ\u00eda<\/strong> puede aportar resiliencia al sistema el\u00e9ctrico.<br>&#x2705; Qu\u00e9 cambios regulatorios y tecnol\u00f3gicos necesitamos con urgencia.<\/p>\n\n\n\n<p>&#x1f449; Lee el art\u00edculo completo en nuestra newsletter de LinkedIn:<br>[<a href=\"https:\/\/www.linkedin.com\/pulse\/y-lleg%C3%B3-el-d%C3%ADa-que-espa%C3%B1a-se-apag%C3%B3-solartradex-wigqf\" target=\"_blank\" rel=\"noreferrer noopener\"><strong>Y lleg\u00f3 el d\u00eda en que Espa\u00f1a se apag\u00f3<\/strong><\/a>]<\/p>\n\n\n\n<p>&#x1f50b; \u00bfQuieres mejorar la resiliencia energ\u00e9tica de tu hogar o empresa?<br>No esperes al pr\u00f3ximo apag\u00f3n energ\u00e9tico. En <a href=\"https:\/\/solartradex.com\/es\/solicitar-presupuesto\" target=\"_blank\" rel=\"noreferrer noopener\"><strong>SolarTradex<\/strong><\/a>, te ayudamos a integrar placas solares y bater\u00edas para asegurar tu suministro el\u00e9ctrico incluso en momentos cr\u00edticos.<\/p>\n<script type=\"application\/ld+json\">{\n    \"@context\": \"https:\/\/schema.org\",\n    \"@type\": \"FAQPage\",\n    \"mainEntity\": [\n        {\n            \"@type\": \"Question\",\n            \"name\": \"Soluciones para prevenir un apag\u00f3n el\u00e9ctrico con energ\u00eda solar\",\n            \"acceptedAnswer\": {\n                \"@type\": \"Answer\",\n                \"text\": \"El pasado 28 de abril, Espa\u00f1a sufri\u00f3 uno de los mayores apagones el\u00e9ctricos de su historia. Desde SolarTradex, expertos en autoconsumo solar con bater\u00edas, analizamos las causas t\u00e9cnicas y proponemos soluciones urgentes para evitar que se repita.En nuestro art\u00edculo abordamos:&#x2705; El desequilibrio repentino entre generaci\u00f3n y demanda de electricidad.&#x2705; Por qu\u00e9 fallaron muchas instalaciones solares con bater\u00eda.&#x2705; Qu\u00e9 papel juegan las energ\u00edas renovables no gestionables como la energ\u00eda solar y la e\u00f3lica.&#x2705; C\u00f3mo el almacenamiento de energ\u00eda puede aportar resiliencia al sistema el\u00e9ctrico.&#x2705; Qu\u00e9 cambios regulatorios y tecnol\u00f3gicos necesitamos con urgencia.&#x1f449; Lee el art\u00edculo completo en nuestra newsletter de LinkedIn:&#x1f50b; \u00bfQuieres mejorar la resiliencia energ\u00e9tica de tu hogar o empresa?No esperes al pr\u00f3ximo apag\u00f3n energ\u00e9tico. En SolarTradex, te ayudamos a integrar placas solares y bater\u00edas para asegurar tu suministro el\u00e9ctrico incluso en momentos cr\u00edticos.\"\n            }\n        }\n    ]\n}<\/script>\n\n<div class=\"kk-star-ratings kksr-auto kksr-align-left kksr-valign-bottom\"\n    data-payload='{&quot;align&quot;:&quot;left&quot;,&quot;id&quot;:&quot;10442&quot;,&quot;slug&quot;:&quot;default&quot;,&quot;valign&quot;:&quot;bottom&quot;,&quot;ignore&quot;:&quot;&quot;,&quot;reference&quot;:&quot;auto&quot;,&quot;class&quot;:&quot;&quot;,&quot;count&quot;:&quot;1&quot;,&quot;legendonly&quot;:&quot;&quot;,&quot;readonly&quot;:&quot;&quot;,&quot;score&quot;:&quot;5&quot;,&quot;starsonly&quot;:&quot;&quot;,&quot;best&quot;:&quot;5&quot;,&quot;gap&quot;:&quot;5&quot;,&quot;greet&quot;:&quot;Valora este post&quot;,&quot;legend&quot;:&quot;5\\\/5 - (1 voto)&quot;,&quot;size&quot;:&quot;24&quot;,&quot;title&quot;:&quot;Apag\u00f3n el\u00e9ctrico en Espa\u00f1a: C\u00f3mo los paneles solares y las bater\u00edas mejoran la resiliencia energ\u00e9tica&quot;,&quot;width&quot;:&quot;142.5&quot;,&quot;_legend&quot;:&quot;{score}\\\/{best} - ({count} {votes})&quot;,&quot;font_factor&quot;:&quot;1.25&quot;}'>\n            \n<div class=\"kksr-stars\">\n    \n<div class=\"kksr-stars-inactive\">\n            <div class=\"kksr-star\" data-star=\"1\" style=\"padding-right: 5px\">\n            \n\n<div class=\"kksr-icon\" style=\"width: 24px; height: 24px;\"><\/div>\n        <\/div>\n            <div class=\"kksr-star\" data-star=\"2\" style=\"padding-right: 5px\">\n            \n\n<div class=\"kksr-icon\" style=\"width: 24px; height: 24px;\"><\/div>\n        <\/div>\n            <div class=\"kksr-star\" data-star=\"3\" style=\"padding-right: 5px\">\n            \n\n<div class=\"kksr-icon\" style=\"width: 24px; height: 24px;\"><\/div>\n        <\/div>\n            <div class=\"kksr-star\" data-star=\"4\" style=\"padding-right: 5px\">\n            \n\n<div class=\"kksr-icon\" style=\"width: 24px; height: 24px;\"><\/div>\n        <\/div>\n            <div class=\"kksr-star\" data-star=\"5\" style=\"padding-right: 5px\">\n            \n\n<div class=\"kksr-icon\" style=\"width: 24px; height: 24px;\"><\/div>\n        <\/div>\n    <\/div>\n    \n<div class=\"kksr-stars-active\" style=\"width: 142.5px;\">\n            <div class=\"kksr-star\" style=\"padding-right: 5px\">\n            \n\n<div class=\"kksr-icon\" style=\"width: 24px; height: 24px;\"><\/div>\n        <\/div>\n            <div class=\"kksr-star\" style=\"padding-right: 5px\">\n            \n\n<div class=\"kksr-icon\" style=\"width: 24px; height: 24px;\"><\/div>\n        <\/div>\n            <div class=\"kksr-star\" style=\"padding-right: 5px\">\n            \n\n<div class=\"kksr-icon\" style=\"width: 24px; height: 24px;\"><\/div>\n        <\/div>\n            <div class=\"kksr-star\" style=\"padding-right: 5px\">\n            \n\n<div class=\"kksr-icon\" style=\"width: 24px; height: 24px;\"><\/div>\n        <\/div>\n            <div class=\"kksr-star\" style=\"padding-right: 5px\">\n            \n\n<div class=\"kksr-icon\" style=\"width: 24px; height: 24px;\"><\/div>\n        <\/div>\n    <\/div>\n<\/div>\n                \n\n<div class=\"kksr-legend\" style=\"font-size: 19.2px;\">\n            5\/5 - (1 voto)    <\/div>\n    <\/div>\n","protected":false},"excerpt":{"rendered":"<p>Descubre c\u00f3mo la integraci\u00f3n de sistemas de autoconsumo solar puede garantizar energ\u00eda en tu hogar o empresa, incluso en momentos de crisis. <\/p>\n","protected":false},"author":2,"featured_media":10446,"comment_status":"closed","ping_status":"closed","sticky":true,"template":"","format":"standard","meta":{"inline_featured_image":false,"_mbp_gutenberg_autopost":false,"footnotes":""},"categories":[114,17,99,112],"tags":[171,163,173,166,167,168,169],"class_list":["post-10442","post","type-post","status-publish","format-standard","has-post-thumbnail","hentry","category-ahorro-energetico","category-autoconsumo","category-eficiencia-energetica","category-instalaciones-solares","tag-almacenamiento","tag-apagon-electrico","tag-electricidad","tag-espana","tag-instalaciones-solares","tag-resiliencia-energetica-2","tag-solar-tradex-2"],"fimg_url":"https:\/\/solartradex.com\/blog\/wp-content\/uploads\/2025\/05\/Apagada_Electrica-2.jpg","post_mailing_queue_ids":[],"_links":{"self":[{"href":"https:\/\/solartradex.com\/blog\/wp-json\/wp\/v2\/posts\/10442","targetHints":{"allow":["GET"]}}],"collection":[{"href":"https:\/\/solartradex.com\/blog\/wp-json\/wp\/v2\/posts"}],"about":[{"href":"https:\/\/solartradex.com\/blog\/wp-json\/wp\/v2\/types\/post"}],"author":[{"embeddable":true,"href":"https:\/\/solartradex.com\/blog\/wp-json\/wp\/v2\/users\/2"}],"replies":[{"embeddable":true,"href":"https:\/\/solartradex.com\/blog\/wp-json\/wp\/v2\/comments?post=10442"}],"version-history":[{"count":3,"href":"https:\/\/solartradex.com\/blog\/wp-json\/wp\/v2\/posts\/10442\/revisions"}],"predecessor-version":[{"id":10923,"href":"https:\/\/solartradex.com\/blog\/wp-json\/wp\/v2\/posts\/10442\/revisions\/10923"}],"wp:featuredmedia":[{"embeddable":true,"href":"https:\/\/solartradex.com\/blog\/wp-json\/wp\/v2\/media\/10446"}],"wp:attachment":[{"href":"https:\/\/solartradex.com\/blog\/wp-json\/wp\/v2\/media?parent=10442"}],"wp:term":[{"taxonomy":"category","embeddable":true,"href":"https:\/\/solartradex.com\/blog\/wp-json\/wp\/v2\/categories?post=10442"},{"taxonomy":"post_tag","embeddable":true,"href":"https:\/\/solartradex.com\/blog\/wp-json\/wp\/v2\/tags?post=10442"}],"curies":[{"name":"wp","href":"https:\/\/api.w.org\/{rel}","templated":true}]}}