{"id":1247,"date":"2012-10-26T00:57:19","date_gmt":"2012-10-25T22:57:19","guid":{"rendered":"http:\/\/solartradex.com\/blog\/?p=1247"},"modified":"2023-06-19T22:13:13","modified_gmt":"2023-06-19T20:13:13","slug":"ola-solar-social-de-lebrija","status":"publish","type":"post","link":"https:\/\/solartradex.com\/blog\/ola-solar-social-de-lebrija\/","title":{"rendered":"Hac\u00eda un nuevo modelo energ\u00e9tico: La ola solar social de Lebrija."},"content":{"rendered":"<p>Hace un par de semanas os present\u00e1bamos aS om Energia, una cooperativa nacida hace 2 a\u00f1os con la voluntad de proponer un cambio en el modelo energ\u00e9tico actual. Su propuesta es clara y convincente, un nuevo modelo basado en las energ\u00edas renovables y la participaci\u00f3n ciudadana, un nuevo modelo que rompa definitivamente la dependencia hist\u00f3rica de nuestra sociedad con los dos grandes lobbies que han gobernado nuestros designios estas \u00faltimas d\u00e9cadas: el financiero y el energ\u00e9tico, maridados \u00a0a su vez con una excelente cosecha de ministros que frecuentemente han terminado sent\u00e1ndose en los sillones de piel noble de sus consejos de administraci\u00f3n.<\/p>\n<p>Hoy os queremos presentar un proyecto singular promovido por la empresa <span style=\"text-decoration: underline;\"><span style=\"color: #800080;\"><a href=\"https:\/\/ecooo.es\/\" target=\"_blank\" rel=\"noopener\"><span style=\"color: #800080; text-decoration: underline;\">Ecoo<\/span><\/a><\/span><\/span> que tiene lugar en la poblaci\u00f3n sevillana de Lebrija y que a\u00fana energ\u00edas renovables y participaci\u00f3n ciudadana a partes iguales, y que al igual que el proyecto de Som Energ\u00eda lucha con entusiasmo para retornar a la sociedad los beneficios de sus propias acciones, o en otras palabras para democratizar el uso y la gesti\u00f3n de la energ\u00eda.<\/p>\n<div><!--more--><\/div>\n<p>La Ola Solar Social de Lebrija es un proyecto colectivo que persigue un objetivo com\u00fan: asegurar un futuro seguro y sostenible que base la generaci\u00f3n de electricidad en energ\u00edas limpias, asegurando de esta manera, la soberan\u00eda energ\u00e9tica de la ciudadan\u00eda y evitando la dependencia energ\u00e9tica del exterior, y consecuentemente la importaci\u00f3n de combustibles f\u00f3siles en muchas ocasiones desde pa\u00edses con reg\u00edmenes antidemocr\u00e1ticos o sometidos a guerras. En este sentido no debemos olvidar que nuestra dependencia energ\u00e9tica del exterior alcanza ya el 77% seg\u00fan datos el Eurostat<span style=\"text-decoration: underline;\"><span style=\"color: #800080; text-decoration: underline;\">.<\/span><\/span><\/p>\n<p>La Ola Solar Social de Lebrija es un proyecto que consiste en la colocaci\u00f3n de 11 instalaciones fotovoltaicas en cubiertas municipales, cedidas en r\u00e9gimen de arrendamiento por el Ayuntamiento de Lebrija para generar energ\u00eda limpia y repartirla entre la ciudadan\u00eda.\u00a0\u00a0Una vez que est\u00e9n todas las instalaciones terminadas, se habr\u00e1 alcanzado una potencia instalada de 233kW con una producci\u00f3n anual de 350.738kWh, equivalente al consumo de 117 hogares y evitando\u00a0cada a\u00f1o la emisi\u00f3n a la atm\u00f3sfera de 103 toneladas de CO2, equivalentes a lo emitido por un coche al recorrer 665.000 km.<\/p>\n<p>Los m\u00f3dulos solares se instalan sobre cubiertas de titularidad municipal en centros de diverso uso: \u00a0colegios, residencias geri\u00e1tricas, un parque de bomberos, un polideportivo, etc.. \u00a0siendo de este modo un claro ejemplo de c\u00f3mo se puede aprovechar el espacio de los tejados en las ciudades para darle un valor y generar electricidad limpia sin necesidad de ocupar otros espacios. Gracias a que la energ\u00eda solar fotovoltaica es modular, se puede incorporar a espacios inutilizados en el entorno urbano y darles un valor en s\u00ed mismo.\u00a0Se pretende de este modo normalizar la integraci\u00f3n de la solar fotovoltaica sobre cubierta y que la ciudadan\u00eda normalice la presencia de la solar fotovoltaica como un elemento m\u00e1s dentro de la ciudad. As\u00ed mismo, al instalarse sobre cubiertas de centros escolares se ofrece una excepcional oportunidad pedag\u00f3gica para mostrar a los ni\u00f1os los beneficios y fundamentos de las energ\u00edas renovables y de la econom\u00eda sostenible.<\/p>\n<p>En este sentido, durante el \u00faltimo d\u00eda mundial del medioambiente, Ecooo desarroll\u00f3 diversas actividades l\u00fadicas y pedag\u00f3gicas con el objetivo de trasladar los valores de las sostenibilidad y el respeto al medio ambiente a los ni\u00f1os de diferentes colegios que participaron en las actividades.<\/p>\n<p>Pero \u00bfpor qu\u00e9 decimos que este \u00a0proyecto contribuye a la democratizaci\u00f3n de la energ\u00eda? La Ola Solar Social de Lebrija,es un proyecto que ha tenido el acierto de \u00a0saber implicar a la ciudadan\u00eda a trav\u00e9s de participaciones min\u00fasculas de la totalidad del proyecto; as\u00ed cualquier ciudadano de cualquier parte del mundo puede convertirse en copropietario (comuneros) de una parte del proyecto a partir de una inversi\u00f3n de 1.070 \u20ac \u00a0y obtener un beneficio anual del 7,1%.\u00a0De esta manera, cualquier ciudadano o ciudadana podr\u00e1 convertirse en agente de soluci\u00f3n ante el cambio clim\u00e1tico y ser part\u00edcipe de un desarrollo sostenible basado en los tres ejes que define la ONU: sostenibilidad social, ambiental y econ\u00f3mica; y adem\u00e1s al ser las cubiertas una cesi\u00f3n en r\u00e9gimen de arrendamiento por parte del Ayuntamiento, el beneficio de este alquiler est\u00e1 destinado a las arcas p\u00fablicas contribuyendo a mantener los servicios sociales de la localidad.<\/p>\n<p>En la actualidad ya \u00a0se ha instalado la primera fase del proyecto que se conectar\u00e1 a la red durante estos d\u00edas y las otras dos fases con las que cuenta el proyecto se espera poder conectarlas la red a finales de 2012.\u00a0Hasta el momento, est\u00e1n participando en el proyecto de la Ola Solar Social de Lebrija 34 personas que han decidido apostar por las energ\u00edas renovables como una forma responsable de inversi\u00f3n y a la vez asegurar la sostenibilidad y fomentar un modelo energ\u00e9tico limpio y no da\u00f1ino.<\/p>\n<p>Podemos concluir pues que \u00a0la Ola Solar Social de Lebrija es un proyecto que lucha contra el cambio clim\u00e1tico a trav\u00e9s del fomento de la generaci\u00f3n de electricidad de forma limpia, y que a la vez \u00a0favorece el desarrollo de la energ\u00eda solar fotovoltaica y devuelve a la ciudadan\u00eda la soberan\u00eda energ\u00e9tica haci\u00e9ndola part\u00edcipe del cambio de modelo energ\u00e9tico.<\/p>\n<p>No obstante \u00a0la liquidaci\u00f3n de las primas a las energ\u00edas renovables seg\u00fan <span style=\"text-decoration: underline;\"><span style=\"color: #800080;\"><a title=\"RDL1\/2012\" href=\"https:\/\/www.boe.es\/buscar\/act.php?id=BOJA-b-2012-90003\" target=\"_blank\" rel=\"noopener\"><span style=\"color: #800080; text-decoration: underline;\">RD 1\/2012<\/span><\/a><\/span><\/span>, hace inviable el planteo de nuevos proyectos de esta \u00edndole, consecuentemente a partir de ahora el reto al que nos enfrentamos todav\u00eda es mayor&#8230; \u00bf c\u00f3mo motivar a la sociedad para que participen en proyectos de semejantes caracter\u00edsticas? \u00a0En gran parte la soluci\u00f3n recae en manos de la Administraciones locales, auton\u00f3micas y estatales; una vez m\u00e1s queremos reivindicar ejemplos como los que se est\u00e1n desarrollando en el Estado de California, d\u00f3nde el estado pone cubiertas p\u00fablicas a disposici\u00f3n de la poblaci\u00f3n para desarrollar proyectos fotovoltaicos y donde la poblaci\u00f3n recibe el retorno de la inversi\u00f3n v\u00eda exenciones fiscales.<\/p>\n<p>\u00bfQu\u00e9 medidas propondr\u00edas vosotros para el fomento de la energ\u00eda solar fotovoltaica sin necesidad de primas o subvenciones? \u00bf Veis posible un nuevo modelo energ\u00e9tico basado en la participaci\u00f3n ciudadana? Una vez m\u00e1s os agradeceremos vuestros comentarios.<\/p>\n\n\n<div class=\"kk-star-ratings kksr-auto kksr-align-left kksr-valign-bottom\"\n    data-payload='{&quot;align&quot;:&quot;left&quot;,&quot;id&quot;:&quot;1247&quot;,&quot;slug&quot;:&quot;default&quot;,&quot;valign&quot;:&quot;bottom&quot;,&quot;ignore&quot;:&quot;&quot;,&quot;reference&quot;:&quot;auto&quot;,&quot;class&quot;:&quot;&quot;,&quot;count&quot;:&quot;0&quot;,&quot;legendonly&quot;:&quot;&quot;,&quot;readonly&quot;:&quot;&quot;,&quot;score&quot;:&quot;0&quot;,&quot;starsonly&quot;:&quot;&quot;,&quot;best&quot;:&quot;5&quot;,&quot;gap&quot;:&quot;5&quot;,&quot;greet&quot;:&quot;Valora este post&quot;,&quot;legend&quot;:&quot;0\\\/5 - (0 votos)&quot;,&quot;size&quot;:&quot;24&quot;,&quot;title&quot;:&quot;Hac\u00eda un nuevo modelo energ\u00e9tico: La ola solar social de Lebrija.&quot;,&quot;width&quot;:&quot;0&quot;,&quot;_legend&quot;:&quot;{score}\\\/{best} - ({count} {votes})&quot;,&quot;font_factor&quot;:&quot;1.25&quot;}'>\n            \n<div class=\"kksr-stars\">\n    \n<div class=\"kksr-stars-inactive\">\n            <div class=\"kksr-star\" data-star=\"1\" style=\"padding-right: 5px\">\n            \n\n<div class=\"kksr-icon\" style=\"width: 24px; height: 24px;\"><\/div>\n        <\/div>\n            <div class=\"kksr-star\" data-star=\"2\" style=\"padding-right: 5px\">\n            \n\n<div class=\"kksr-icon\" style=\"width: 24px; height: 24px;\"><\/div>\n        <\/div>\n            <div class=\"kksr-star\" data-star=\"3\" style=\"padding-right: 5px\">\n            \n\n<div class=\"kksr-icon\" style=\"width: 24px; height: 24px;\"><\/div>\n        <\/div>\n            <div class=\"kksr-star\" data-star=\"4\" style=\"padding-right: 5px\">\n            \n\n<div class=\"kksr-icon\" style=\"width: 24px; height: 24px;\"><\/div>\n        <\/div>\n            <div class=\"kksr-star\" data-star=\"5\" style=\"padding-right: 5px\">\n            \n\n<div class=\"kksr-icon\" style=\"width: 24px; height: 24px;\"><\/div>\n        <\/div>\n    <\/div>\n    \n<div class=\"kksr-stars-active\" style=\"width: 0px;\">\n            <div class=\"kksr-star\" style=\"padding-right: 5px\">\n            \n\n<div class=\"kksr-icon\" style=\"width: 24px; height: 24px;\"><\/div>\n        <\/div>\n            <div class=\"kksr-star\" style=\"padding-right: 5px\">\n            \n\n<div class=\"kksr-icon\" style=\"width: 24px; height: 24px;\"><\/div>\n        <\/div>\n            <div class=\"kksr-star\" style=\"padding-right: 5px\">\n            \n\n<div class=\"kksr-icon\" style=\"width: 24px; height: 24px;\"><\/div>\n        <\/div>\n            <div class=\"kksr-star\" style=\"padding-right: 5px\">\n            \n\n<div class=\"kksr-icon\" style=\"width: 24px; height: 24px;\"><\/div>\n        <\/div>\n            <div class=\"kksr-star\" style=\"padding-right: 5px\">\n            \n\n<div class=\"kksr-icon\" style=\"width: 24px; height: 24px;\"><\/div>\n        <\/div>\n    <\/div>\n<\/div>\n                \n\n<div class=\"kksr-legend\" style=\"font-size: 19.2px;\">\n            <span class=\"kksr-muted\">Valora este post<\/span>\n    <\/div>\n    <\/div>\n","protected":false},"excerpt":{"rendered":"<p>Hace un par de semanas os present\u00e1bamos aS om Energia, una cooperativa nacida hace 2 a\u00f1os con la voluntad de proponer un cambio en el modelo energ\u00e9tico actual. Su propuesta es clara y convincente, un nuevo modelo basado en las energ\u00edas renovables y la participaci\u00f3n ciudadana, un nuevo modelo que rompa definitivamente la dependencia hist\u00f3rica &hellip; <a href=\"https:\/\/solartradex.com\/blog\/ola-solar-social-de-lebrija\/\" class=\"more-link\">Seguir leyendo <span class=\"screen-reader-text\">Hac\u00eda un nuevo modelo energ\u00e9tico: La ola solar social de Lebrija.<\/span> <span class=\"meta-nav\">&rarr;<\/span><\/a><\/p>\n","protected":false},"author":2,"featured_media":1266,"comment_status":"open","ping_status":"closed","sticky":false,"template":"","format":"standard","meta":{"inline_featured_image":false,"_mbp_gutenberg_autopost":false,"footnotes":""},"categories":[],"tags":[],"class_list":["post-1247","post","type-post","status-publish","format-standard","has-post-thumbnail","hentry"],"fimg_url":"https:\/\/solartradex.com\/blog\/wp-content\/uploads\/2012\/10\/Captura-de-pantalla-2012-09-25-a-las-17.36.40.png","post_mailing_queue_ids":[],"_links":{"self":[{"href":"https:\/\/solartradex.com\/blog\/wp-json\/wp\/v2\/posts\/1247","targetHints":{"allow":["GET"]}}],"collection":[{"href":"https:\/\/solartradex.com\/blog\/wp-json\/wp\/v2\/posts"}],"about":[{"href":"https:\/\/solartradex.com\/blog\/wp-json\/wp\/v2\/types\/post"}],"author":[{"embeddable":true,"href":"https:\/\/solartradex.com\/blog\/wp-json\/wp\/v2\/users\/2"}],"replies":[{"embeddable":true,"href":"https:\/\/solartradex.com\/blog\/wp-json\/wp\/v2\/comments?post=1247"}],"version-history":[{"count":2,"href":"https:\/\/solartradex.com\/blog\/wp-json\/wp\/v2\/posts\/1247\/revisions"}],"predecessor-version":[{"id":7298,"href":"https:\/\/solartradex.com\/blog\/wp-json\/wp\/v2\/posts\/1247\/revisions\/7298"}],"wp:featuredmedia":[{"embeddable":true,"href":"https:\/\/solartradex.com\/blog\/wp-json\/wp\/v2\/media\/1266"}],"wp:attachment":[{"href":"https:\/\/solartradex.com\/blog\/wp-json\/wp\/v2\/media?parent=1247"}],"wp:term":[{"taxonomy":"category","embeddable":true,"href":"https:\/\/solartradex.com\/blog\/wp-json\/wp\/v2\/categories?post=1247"},{"taxonomy":"post_tag","embeddable":true,"href":"https:\/\/solartradex.com\/blog\/wp-json\/wp\/v2\/tags?post=1247"}],"curies":[{"name":"wp","href":"https:\/\/api.w.org\/{rel}","templated":true}]}}