{"id":2197,"date":"2013-02-19T08:00:36","date_gmt":"2013-02-19T07:00:36","guid":{"rendered":"http:\/\/solartradex.com\/blog\/?p=2197"},"modified":"2023-06-19T22:13:11","modified_gmt":"2023-06-19T20:13:11","slug":"caminante-no-hay-camino","status":"publish","type":"post","link":"https:\/\/solartradex.com\/blog\/caminante-no-hay-camino\/","title":{"rendered":"Caminante, no hay camino, se hace camino al andar."},"content":{"rendered":"<p><em>Caminante, no hay camino, se hace camino al andar<\/em>&#8230; cant\u00f3 Joan Manuel Serrat en el a\u00f1o 1969 musicando estos c\u00e9lebres versos de Antonio Machado. Hoy s\u00e1bado ( d\u00eda en el que escribo), he compartido buena parte del d\u00eda con los compa\u00f1eros de <span style=\"text-decoration: underline;\"><span style=\"color: #800080;\"><a title=\"Som Energia\" href=\"https:\/\/www.somenergia.coop\/es\/\" target=\"_blank\" rel=\"noopener\"><span style=\"color: #800080; text-decoration: underline;\">Som Energia<\/span><\/a><\/span><\/span>, hablando, intercambiando opiniones e imaginando <span style=\"text-decoration: underline;\"><span style=\"color: #800080;\"><a title=\"Es posible consumir energ\u00eda 100% renovable?\" href=\"https:\/\/solartradex.com\/blog\/energia-100-renovable\/\" target=\"_blank\" rel=\"noopener\"><span style=\"color: #800080; text-decoration: underline;\">como construir un modelo energ\u00e9tico m\u00e1s democr\u00e1tico, justo e independiente<\/span><\/a><\/span><\/span>, en el que el autoconsumo est\u00e9 al servicio de todos nosotros permiti\u00e9ndonos alcanzar una autosuficiencia energ\u00e9tica que todav\u00eda hoy nos proh\u00edben el gran lobby del poder el\u00e9ctrico. La verdad es que &nbsp;la soluci\u00f3n no es simple ni inmediata, pero tambi\u00e9n es cierto que la \u00fanica forma que adivino de avanzar de forma firme hac\u00eda un autoconsumo al alcance de todos es <em>caminando y haciendo camino al andar&#8230;<\/em><\/p>\n<p style=\"text-align: center;\">&nbsp;<img fetchpriority=\"high\" decoding=\"async\" class=\" wp-image-2219 aligncenter\" title=\"Beautiful Countryside\" src=\"https:\/\/solartradex.com\/blog\/wp-content\/uploads\/2013\/02\/Fotolia_47352464_S.jpg\" alt=\"\" width=\"611\" height=\"408\" srcset=\"https:\/\/solartradex.com\/blog\/wp-content\/uploads\/2013\/02\/Fotolia_47352464_S.jpg 849w, https:\/\/solartradex.com\/blog\/wp-content\/uploads\/2013\/02\/Fotolia_47352464_S-300x200.jpg 300w, https:\/\/solartradex.com\/blog\/wp-content\/uploads\/2013\/02\/Fotolia_47352464_S-260x173.jpg 260w, https:\/\/solartradex.com\/blog\/wp-content\/uploads\/2013\/02\/Fotolia_47352464_S-160x106.jpg 160w\" sizes=\"(max-width: 611px) 100vw, 611px\" \/><\/a><\/p>\n<p>&nbsp;<!--more--><\/p>\n<p>Hago esta reflexi\u00f3n porque esta semana me siento si cabe m\u00e1s indignado que la anterior&#8230; &nbsp;recordar\u00e9is que en nuestro \u00faltimo art\u00edculo os&nbsp;cont\u00e1bamos que hab\u00edamos cursado una reclamaci\u00f3n contra Endesa ante la Subdirecci\u00f3n General de Energ\u00eda de la Generalitat de Catalunya por lo que entendemos que se trata un abuso de posici\u00f3n dominante en referencia a los precios que aplican en concepto de 1a verificaci\u00f3n de los equipos de medida para la puesta en marcha de instalaciones fotovoltaicas amparadas al <span style=\"text-decoration: underline;\"><span style=\"color: #800080;\"><a title=\"RD1699\/2011\" href=\"https:\/\/www.boe.es\/buscar\/doc.php?id=BOE-A-2011-19242\" target=\"_blank\" rel=\"noopener\"><span style=\"color: #800080; text-decoration: underline;\">RD1699\/2011<\/span><\/a><\/span><\/span>, pues bien, digo que me siento m\u00e1s indignado porque si a nosotros para el caso de la instalaci\u00f3n de 8 kWn en el restaurante Lasal del Varador nos quieren cobrar 408,70 \u20ac, resulta que me ha llegado el caso de un compa\u00f1ero de Som Energ\u00eda al que Endesa le ha pasado un presupuesto del mismo importe para su instalaci\u00f3n de autoconsumo de 705 W!!!!!! &nbsp;My God, I can&#8217;t belive!!!! &nbsp;Definitivamente nos han tomado por imb\u00e9ciles&#8230; s\u00ed, s\u00ed a mi y a todos vosotros.<\/p>\n<p>Os dec\u00eda la semana pasada que no soy experto en reales decretos, me los leo con muy poca devoci\u00f3n y con mucha intenci\u00f3n y confusi\u00f3n, y os dec\u00eda que no sab\u00eda si la raz\u00f3n caer\u00eda de nuestra parte en lo que concierne a la reclamaci\u00f3n ante Industria; lo que s\u00ed tengo claro es que lo de menos es qui\u00e9n tenga la raz\u00f3n&#8230;. le den a qui\u00e9n le den la raz\u00f3n, se trata de un robo con premeditaci\u00f3n y alevos\u00eda; pretender cobrar estas cantidades para poner en marcha una instalaci\u00f3n de autoconsumo de 705 W ( 3 m\u00f3dulos solares de 235W) es toda una declaraci\u00f3n de intenciones por parte de Endesa: el autoconsumo por encima de mi cad\u00e1ver&#8230; en el fondo nada nuevo ni que deba sorprendernos, el negocio de la distribuci\u00f3n ( a qui\u00e9n compete la verificaci\u00f3n de los equipos de medida), es un negocio no liberalizado, y por lo tanto sujeto a los monopolios naturales en cada zona de distribuci\u00f3n, por lo que Endesa nos quiere hacer pasar por el aro, cobrando incluso cantidades que no soportan ning\u00fan real decreto.<\/p>\n<p>Pues bien, con el peque\u00f1o pueblecito galo de \u00c1sterix y \u00d3belix se han topado, y no nos van a tumbar&#8230;. nuestra revoluci\u00f3n de la raz\u00f3n ha comenzado, me congratulo que ya son 4 &nbsp;personas que se han puesto en contacto conmigo para decirme que en estos d\u00edas iban a cursar sendas reclamaciones a Industria para protestar por el tema de la 1a verificaci\u00f3n, s\u00ed se\u00f1ores&#8230;. <em>caminante no hay camino, se hace camino al andar.<\/em><\/p>\n<p>No hay otro camino, ni otra soluci\u00f3n, por lo que os animo una vez m\u00e1s a todos aquellos que est\u00e9is tramitando una instalaci\u00f3n fotovoltaica de autoconsumo y os encontr\u00e9is con la misma problem\u00e1tica, que protest\u00e9is y reclam\u00e9is&#8230;. s\u00f3lo cuando seamos 50, 100 o 1000 particulares que levantemos nuestra voz por este atropello, ser\u00e1 cuando este muro caer\u00e1, y vendr\u00e1n otros, pero &nbsp;tambi\u00e9n caer\u00e1n&#8230;. algunos iluminados de UNESA pensaron que podr\u00edan encerrar el autoconsumo bajo llave en alg\u00fan s\u00f3tano oscuro&#8230; pues no se\u00f1ores a nosotros siempre nos ilumina el sol.<\/p>\n<p>Hoy quiero pediros a todos vuestra involucraci\u00f3n y colaboraci\u00f3n, y especialmente si hay alg\u00fan abogado en la sala que levante la mano por favor&#8230; recordar\u00e9is que en nuestro art\u00edculo <span style=\"text-decoration: underline;\"><span style=\"color: #800080;\"><a title=\"Las 7 dudas capitales sobre el autoconsumo solar.\" href=\"https:\/\/solartradex.com\/blog\/7-dudas-capitales-autoconsumo-solar\/\" target=\"_blank\" rel=\"noopener\"><span style=\"color: #800080; text-decoration: underline;\">Las 7 dudas capitales del autoconsumo solar<\/span><\/a><\/span><\/span>, argument\u00e1bamos la obligatoriedad de solicitar punto de conexi\u00f3n, inscribir en r\u00e9gimen especial, colocar un contador bidireccional &nbsp;y vender excedentes incluso para los proyectos de autoconsumo dom\u00e9sticos de 250 W ( un s\u00f3lo m\u00f3dulo solar), pero \u00bfy si esto no fuera as\u00ed? &nbsp;\u00bfy si est\u00e1bamos confundidos o equivocados?<\/p>\n<p>A continuaci\u00f3n os voy transcribir algunos art\u00edculos de la Ley del Sector El\u00e9ctrico y del RD842\/2002 ( Reglamento Electrot\u00e9cnico de Baja Tensi\u00f3n) que seg\u00fan se lea, y se quiera interpretar quiz\u00e1s nos podr\u00edan abrir un camino para tramitar de modo simplificado estos proyectos&#8230;. por este motivo os pido que particip\u00e9is y aport\u00e9is vuestro punto de vista, para que seg\u00fan sea el resultado hacer una consulta formal a Industria.<\/p>\n<p style=\"padding-left: 30px;\">1. En primer lugar el <span style=\"text-decoration: underline;\"><span style=\"color: #800080; text-decoration: underline;\"><a title=\"RDL 13\/2012\" href=\"https:\/\/www.boe.es\/eli\/es\/rdl\/2012\/03\/30\/13\" target=\"_blank\" rel=\"noopener\"><span style=\"color: #800080; text-decoration: underline;\">RDL13\/2012 de 13 de marzo<\/span><\/a> <\/span><\/span>introduc\u00eda una modificaci\u00f3n del art\u00edculo 9 de la <span style=\"text-decoration: underline;\"><span style=\"color: #800080;\"><a title=\"Lay 54\/1997\" href=\"https:\/\/www.boe.es\/buscar\/doc.php?id=BOE-A-1997-25340\" target=\"_blank\" rel=\"noopener\"><span style=\"color: #800080; text-decoration: underline;\">Ley 54\/1997 del Sector El\u00e9ctrico<\/span><\/a><\/span><\/span> indicando:<\/p>\n<p style=\"padding-left: 60px;\"><em>a) Los productores de energ\u00eda el\u00e9ctrica, que son aquellas personas f\u00edsicas o jur\u00eddicas que tienen la funci\u00f3n de generar energ\u00eda el\u00e9ctrica, ya sea para su consumo propio o para terceros (&#8230;)<\/em><\/p>\n<p style=\"padding-left: 60px;\"><em>&nbsp;En ning\u00fan caso tendr\u00e1n la condici\u00f3n de productores los consumidores acogidos a las modalidades singulares de suministro a las que se refiere el p\u00e1rrafo g) del presente art\u00edculo.<\/em><\/p>\n<p style=\"padding-left: 60px;\"><em>&nbsp;g) Los consumidores que son las personas f\u00edsicas o jur\u00eddicas que compran la energ\u00eda para su propio consumo.<\/em><\/p>\n<p style=\"padding-left: 60px;\">Resumiendo, que en ning\u00fan caso tendr\u00e1n consideraci\u00f3n de productores los consumidores que compran energ\u00eda para su propio consumo&#8230; \u00bfes correcto?<\/p>\n<p style=\"padding-left: 60px;\">Si esto fuera as\u00ed, interpreto que quiz\u00e1s no ser\u00eda necesario darnos de alta en el Registro de Productores en R\u00e9gimen Especial seg\u00fan e indica en el art\u00edculo 9 del <span style=\"text-decoration: underline;\"><span style=\"color: #800080;\"><a title=\"RD661\/2007\" href=\"https:\/\/www.boe.es\/eli\/es\/rd\/2007\/05\/25\/661\/con\" target=\"_blank\" rel=\"noopener\"><span style=\"color: #800080; text-decoration: underline;\">RD661\/2007<\/span><\/a><\/span><\/span>, ya que no tendr\u00edamos la considera de productores&#8230; \u00bf es correcto?<\/p>\n<p style=\"padding-left: 60px;\">Adem\u00e1s si no tenemos consideraci\u00f3n de productores, tampoco tendr\u00edamos la obligatoriedad de comunicar al operador del mercado nuestra producci\u00f3n prevista para cada per\u00edodos de programaci\u00f3n, seg\u00fan se indica en el art\u00edculo 25 de la Ley 54\/1997 del Sector El\u00e9ctrico, lo que consecuentemente nos liberar\u00eda de tener que firmar ning\u00fan acuerdo de venta de excedentes con un agente de mercado&#8230;. y todas las derivadas que esto conlleva para un particular, darse de alta de un IAE, hacer declaraciones de IVa por las factura de venta de excedentes, etc..<\/p>\n<p style=\"padding-left: 30px;\">2. Otro punto interesante para analizar es el <span style=\"text-decoration: underline;\"><span style=\"color: #800080; text-decoration: underline;\"><a title=\"RD842\/2002\" href=\"https:\/\/www.boe.es\/buscar\/doc.php?id=BOE-A-2002-18099\" target=\"_blank\" rel=\"noopener\"><span style=\"color: #800080; text-decoration: underline;\">RD842\/2002<\/span><\/a><\/span><\/span><span style=\"color: #800080;\"><span style=\"color: #800080;\"><span style=\"text-decoration: underline;\">&nbsp;<\/span><span style=\"color: #000000;\">( reglamento Electrot\u00e9cnico de Baja tensi\u00f3n)<\/span><\/span><\/span><span style=\"color: #000000;\">&nbsp;<\/span> en su&nbsp;<span style=\"text-decoration: underline;\"><span style=\"color: #800080; text-decoration: underline;\"><a title=\"REBT ITC-BT-40\" href=\"https:\/\/www.tuveras.com\/reglamentos\/rebtic\/itc-bt-40.htm\" target=\"_blank\" rel=\"noopener\"><span style=\"color: #800080; text-decoration: underline;\">&nbsp;ITC-BT-40<\/span><\/a><\/span><\/span>, en su art\u00edculo 4.3.2.1 nos indica que para la conexi\u00f3n a la red de distribuci\u00f3n el\u00e9ctrica de un generador s\u00edncrono que \u00bb <em>la utilizaci\u00f3n de generadores s\u00edncronos en instalaciones que deben interconectarse a Redes de Distribuci\u00f3n P\u00fablica, deber\u00e1 ser acordada con la empresa distribuidora de energ\u00eda el\u00e9ctrica, atendiendo a la necesidad de funcionamiento independiente de la red y a las condiciones de explotaci\u00f3n de \u00e9sta.<\/em>\u00ab, por lo que interpreto que la necesidad de solicitar un punto de conexi\u00f3n existe s\u00ed o s\u00ed.<\/p>\n<p style=\"padding-left: 30px;\">No obstante en el art\u00edculo 4.3.3 de la misma ITC-BT-40 se indica que \u00bb&nbsp;<em>Cuando se prevea la entrega de energ\u00eda de la instalaci\u00f3n generadora a la Red de Distribuci\u00f3n P\u00fablica, se dispondr\u00e1, al final de la instalaci\u00f3n de enlace, un equipo de medida que registre la energ\u00eda suministrada por el Autogenerador. Este equipo de medida podr\u00e1 tener elementos comunes con el equipo que registre la energ\u00eda aportada por la Red de Distribuci\u00f3n P\u00fablica, siempre que los registros de la energ\u00eda en ambos sentidos se contabilicen de forma independiente.\u00bb, <\/em>interpreto pues que en el caso que no preveamos la inyecci\u00f3n de excedentes no ser\u00e1 obligatorio la instalaci\u00f3n de un contador&#8230;. \u00bfinterpreto bien? &nbsp;\u00bfC\u00f3mo podemos demostrar que no preveemos la entrega de energ\u00eda a la Red de Distribuci\u00f3n P\u00fablica? \u00bfServir\u00eda una simple declaraci\u00f3n en el certificado de instalaci\u00f3n el\u00e9ctrica de baja tensi\u00f3n?<\/p>\n<p>Es evidente que si esto fuera cierto, que insisto que no lo tengo claro, <strong>nos evitar\u00edamos<\/strong>: inscripci\u00f3n en RIPRE, contador, 1a verificaci\u00f3n, y venta de excedentes&#8230;.. casi nada!!!! &nbsp;Y seguir\u00eda <strong>siendo obligatorio<\/strong>:&nbsp;la solicitud del punto de conexi\u00f3n, la firma del contrato t\u00e9cnico de acceso con la compa\u00f1\u00eda distribuidora y el certificado de instalaci\u00f3n el\u00e9ctrica de baja tensi\u00f3n.<\/p>\n<p>La verdad es que de ser as\u00ed, se nos abre un mundo para todo el sector dom\u00e9stico que constituye el 80% de los puntos de suministro en Espa\u00f1a!!!<\/p>\n<p>Lo dejamos aqu\u00ed, pero permitidme que insista en la necesidad de vuestra colaboraci\u00f3n para contrastar opiniones, e interpretaciones de la legislaci\u00f3n vigente&#8230; si conseguimos armar una interpretaci\u00f3n s\u00f3lida y consensuada, me comprometo a contrastarla con Industria, insisto que <em>caminante no hay camino, se hace camino al andar.<\/em><\/p>\n<p>La semana que viene estaremos de visita en la Feria de Genera, la verdad es que parece muy interesante la jornada que ha organizado UNEF el mi\u00e9rcoles 27 de febrero para hablar de Autoconsumo, o al menos el a\u00f1o pasado lo fue&#8230;. recuerdo los razonamientos del Director de regulaci\u00f3n de Iberdrola en pro del autoconsumo&#8230; dej\u00f3 algunas frases m\u00edticas como \u00bb Iberdrola no invierte en fotovoltaica en Espa\u00f1a debido a la inseguridad jur\u00eddica\u00bb, o que los autoconsumidores \u00abdeber\u00edamos pagar una tarifa de respaldo para compensar la p\u00e9rdida de ingresos v\u00eda peajes que tendr\u00edan las empresas el\u00e9ctricas debido al autoconsumo\u00bb&#8230; la semana que viene a la vuelta de Genera os explicar\u00e9 mis impresiones &nbsp;al respecto.<\/p>\n<p>Esta semana me he permitido la licencia de pediros que me ech\u00e9is un cable, por lo que cualquier opini\u00f3n o comentario al respecto ser\u00e1 bien recibido &#8230;y si alguien me lo quiere plantear personalmente en Genera, me podr\u00e9is localizar f\u00e1cilmente buscando a un chico de mediana edad, 1,90 metros de altura, calvo y con un peri\u00f3dico doblado debajo el brazo&#8230;. estar\u00e9 encantado de hablar con vosotros!!!<\/p>\n<p>Hasta la semana que viene!!<\/p>\n\n\n<div class=\"kk-star-ratings kksr-auto kksr-align-left kksr-valign-bottom\"\n    data-payload='{&quot;align&quot;:&quot;left&quot;,&quot;id&quot;:&quot;2197&quot;,&quot;slug&quot;:&quot;default&quot;,&quot;valign&quot;:&quot;bottom&quot;,&quot;ignore&quot;:&quot;&quot;,&quot;reference&quot;:&quot;auto&quot;,&quot;class&quot;:&quot;&quot;,&quot;count&quot;:&quot;0&quot;,&quot;legendonly&quot;:&quot;&quot;,&quot;readonly&quot;:&quot;&quot;,&quot;score&quot;:&quot;0&quot;,&quot;starsonly&quot;:&quot;&quot;,&quot;best&quot;:&quot;5&quot;,&quot;gap&quot;:&quot;5&quot;,&quot;greet&quot;:&quot;Valora este post&quot;,&quot;legend&quot;:&quot;0\\\/5 - (0 votos)&quot;,&quot;size&quot;:&quot;24&quot;,&quot;title&quot;:&quot;Caminante, no hay camino, se hace camino al andar.&quot;,&quot;width&quot;:&quot;0&quot;,&quot;_legend&quot;:&quot;{score}\\\/{best} - ({count} {votes})&quot;,&quot;font_factor&quot;:&quot;1.25&quot;}'>\n            \n<div class=\"kksr-stars\">\n    \n<div class=\"kksr-stars-inactive\">\n            <div class=\"kksr-star\" data-star=\"1\" style=\"padding-right: 5px\">\n            \n\n<div class=\"kksr-icon\" style=\"width: 24px; height: 24px;\"><\/div>\n        <\/div>\n            <div class=\"kksr-star\" data-star=\"2\" style=\"padding-right: 5px\">\n            \n\n<div class=\"kksr-icon\" style=\"width: 24px; height: 24px;\"><\/div>\n        <\/div>\n            <div class=\"kksr-star\" data-star=\"3\" style=\"padding-right: 5px\">\n            \n\n<div class=\"kksr-icon\" style=\"width: 24px; height: 24px;\"><\/div>\n        <\/div>\n            <div class=\"kksr-star\" data-star=\"4\" style=\"padding-right: 5px\">\n            \n\n<div class=\"kksr-icon\" style=\"width: 24px; height: 24px;\"><\/div>\n        <\/div>\n            <div class=\"kksr-star\" data-star=\"5\" style=\"padding-right: 5px\">\n            \n\n<div class=\"kksr-icon\" style=\"width: 24px; height: 24px;\"><\/div>\n        <\/div>\n    <\/div>\n    \n<div class=\"kksr-stars-active\" style=\"width: 0px;\">\n            <div class=\"kksr-star\" style=\"padding-right: 5px\">\n            \n\n<div class=\"kksr-icon\" style=\"width: 24px; height: 24px;\"><\/div>\n        <\/div>\n            <div class=\"kksr-star\" style=\"padding-right: 5px\">\n            \n\n<div class=\"kksr-icon\" style=\"width: 24px; height: 24px;\"><\/div>\n        <\/div>\n            <div class=\"kksr-star\" style=\"padding-right: 5px\">\n            \n\n<div class=\"kksr-icon\" style=\"width: 24px; height: 24px;\"><\/div>\n        <\/div>\n            <div class=\"kksr-star\" style=\"padding-right: 5px\">\n            \n\n<div class=\"kksr-icon\" style=\"width: 24px; height: 24px;\"><\/div>\n        <\/div>\n            <div class=\"kksr-star\" style=\"padding-right: 5px\">\n            \n\n<div class=\"kksr-icon\" style=\"width: 24px; height: 24px;\"><\/div>\n        <\/div>\n    <\/div>\n<\/div>\n                \n\n<div class=\"kksr-legend\" style=\"font-size: 19.2px;\">\n            <span class=\"kksr-muted\">Valora este post<\/span>\n    <\/div>\n    <\/div>\n","protected":false},"excerpt":{"rendered":"<p>Caminante, no hay camino, se hace camino al andar&#8230; cant\u00f3 Joan Manuel Serrat en el a\u00f1o 1969 musicando estos c\u00e9lebres versos de Antonio Machado. Hoy s\u00e1bado ( d\u00eda en el que escribo), he compartido buena parte del d\u00eda con los compa\u00f1eros de Som Energia, hablando, intercambiando opiniones e imaginando como construir un modelo energ\u00e9tico m\u00e1s &hellip; <a href=\"https:\/\/solartradex.com\/blog\/caminante-no-hay-camino\/\" class=\"more-link\">Seguir leyendo <span class=\"screen-reader-text\">Caminante, no hay camino, se hace camino al andar.<\/span> <span class=\"meta-nav\">&rarr;<\/span><\/a><\/p>\n","protected":false},"author":2,"featured_media":0,"comment_status":"open","ping_status":"closed","sticky":false,"template":"","format":"standard","meta":{"inline_featured_image":false,"_mbp_gutenberg_autopost":false,"footnotes":""},"categories":[17],"tags":[],"class_list":["post-2197","post","type-post","status-publish","format-standard","hentry","category-autoconsumo"],"fimg_url":false,"post_mailing_queue_ids":[],"_links":{"self":[{"href":"https:\/\/solartradex.com\/blog\/wp-json\/wp\/v2\/posts\/2197","targetHints":{"allow":["GET"]}}],"collection":[{"href":"https:\/\/solartradex.com\/blog\/wp-json\/wp\/v2\/posts"}],"about":[{"href":"https:\/\/solartradex.com\/blog\/wp-json\/wp\/v2\/types\/post"}],"author":[{"embeddable":true,"href":"https:\/\/solartradex.com\/blog\/wp-json\/wp\/v2\/users\/2"}],"replies":[{"embeddable":true,"href":"https:\/\/solartradex.com\/blog\/wp-json\/wp\/v2\/comments?post=2197"}],"version-history":[{"count":2,"href":"https:\/\/solartradex.com\/blog\/wp-json\/wp\/v2\/posts\/2197\/revisions"}],"predecessor-version":[{"id":7326,"href":"https:\/\/solartradex.com\/blog\/wp-json\/wp\/v2\/posts\/2197\/revisions\/7326"}],"wp:attachment":[{"href":"https:\/\/solartradex.com\/blog\/wp-json\/wp\/v2\/media?parent=2197"}],"wp:term":[{"taxonomy":"category","embeddable":true,"href":"https:\/\/solartradex.com\/blog\/wp-json\/wp\/v2\/categories?post=2197"},{"taxonomy":"post_tag","embeddable":true,"href":"https:\/\/solartradex.com\/blog\/wp-json\/wp\/v2\/tags?post=2197"}],"curies":[{"name":"wp","href":"https:\/\/api.w.org\/{rel}","templated":true}]}}