{"id":2886,"date":"2013-04-16T08:14:32","date_gmt":"2013-04-16T06:14:32","guid":{"rendered":"http:\/\/solartradex.com\/blog\/?p=2886"},"modified":"2023-06-19T22:13:10","modified_gmt":"2023-06-19T20:13:10","slug":"autoconsumo-solar-en-un-centro-geriatrico","status":"publish","type":"post","link":"https:\/\/solartradex.com\/blog\/autoconsumo-solar-en-un-centro-geriatrico\/","title":{"rendered":"Autoconsumo solar en centro geri\u00e1trico"},"content":{"rendered":"<p>Esta semana hemos tramitado la solicitud de la licencia de obras y solicitud del punto de conexi\u00f3n a Endesa para ejecutar un nuevo proyecto de autoconsumo solar de 17 kW nominales en un centro geri\u00e1trico de Matar\u00f3 ( Barcelona). La verdad es que 8 meses despu\u00e9s de haber iniciado nuestro primer <a href=\"https:\/\/solartradex.com\/blog\/caso-practico-autoconsumo-industrial\/\">caso pr\u00e1ctico de autoconsumo industrial<\/a> con el proyecto 8 kW en el restaurante Lasal del Varador, creo que ya no queda ninguna duda de que el autoconsumo solar es una realidad que hoy en d\u00eda permite conseguir importantes ahorros en la factura el\u00e9ctrica de muchas empresas, a la vez que contribuye a un mundo m\u00e1s sostenible e independiente de los lobbies energ\u00e9ticos tradicionales.<\/p>\n<p>En el art\u00edculo de esta semana compartiremos los criterios de dimensionado, pron\u00f3stico de producci\u00f3n,\u00a0 y ahorro estimado para este nuevo proyecto de autoconsumo solar que instalaremos a principios de junio&#8230; si todo va bien, toquemos madera.<\/p>\n<p>El Centre Geri\u00e0tric Can Boada es una residencia para la tercera edad que se ha convertido en sus 11 a\u00f1os de vida en un aut\u00e9ntico referente de calidad y atenci\u00f3n en la comarca del Maresme ( Barcelona); fue inagurado el a\u00f1o 2002 , ocupando una superficie de 2.300 m2 que a lo largo de las 3 plantas\u00a0 que tiene el edificio, oferta 75 camas para residentes.<\/p>\n<p><!--more--><\/p>\n<div id=\"ez-toc-container\" class=\"ez-toc-v2_0_82_2 counter-hierarchy ez-toc-counter ez-toc-grey ez-toc-container-direction\">\n<div class=\"ez-toc-title-container\">\n<p class=\"ez-toc-title\" style=\"cursor:inherit\">Contenidos<\/p>\n<span class=\"ez-toc-title-toggle\"><a href=\"#\" class=\"ez-toc-pull-right ez-toc-btn ez-toc-btn-xs ez-toc-btn-default ez-toc-toggle\" aria-label=\"Alternar tabla de contenidos\"><span class=\"ez-toc-js-icon-con\"><span class=\"\"><span class=\"eztoc-hide\" style=\"display:none;\">Toggle<\/span><span class=\"ez-toc-icon-toggle-span\"><svg style=\"fill: #999;color:#999\" xmlns=\"http:\/\/www.w3.org\/2000\/svg\" class=\"list-377408\" width=\"20px\" height=\"20px\" viewBox=\"0 0 24 24\" fill=\"none\"><path d=\"M6 6H4v2h2V6zm14 0H8v2h12V6zM4 11h2v2H4v-2zm16 0H8v2h12v-2zM4 16h2v2H4v-2zm16 0H8v2h12v-2z\" fill=\"currentColor\"><\/path><\/svg><svg style=\"fill: #999;color:#999\" class=\"arrow-unsorted-368013\" xmlns=\"http:\/\/www.w3.org\/2000\/svg\" width=\"10px\" height=\"10px\" viewBox=\"0 0 24 24\" version=\"1.2\" baseProfile=\"tiny\"><path d=\"M18.2 9.3l-6.2-6.3-6.2 6.3c-.2.2-.3.4-.3.7s.1.5.3.7c.2.2.4.3.7.3h11c.3 0 .5-.1.7-.3.2-.2.3-.5.3-.7s-.1-.5-.3-.7zM5.8 14.7l6.2 6.3 6.2-6.3c.2-.2.3-.5.3-.7s-.1-.5-.3-.7c-.2-.2-.4-.3-.7-.3h-11c-.3 0-.5.1-.7.3-.2.2-.3.5-.3.7s.1.5.3.7z\"\/><\/svg><\/span><\/span><\/span><\/a><\/span><\/div>\n<nav><ul class='ez-toc-list ez-toc-list-level-1 eztoc-toggle-hide-by-default' ><li class='ez-toc-page-1 ez-toc-heading-level-2'><a class=\"ez-toc-link ez-toc-heading-1\" href=\"https:\/\/solartradex.com\/blog\/autoconsumo-solar-en-un-centro-geriatrico\/#Analisis_facturacion_electrica_para_proyecto_de_autoconsumo\" >An\u00e1lisis facturaci\u00f3n el\u00e9ctrica para proyecto de autoconsumo<\/a><\/li><li class='ez-toc-page-1 ez-toc-heading-level-2'><a class=\"ez-toc-link ez-toc-heading-2\" href=\"https:\/\/solartradex.com\/blog\/autoconsumo-solar-en-un-centro-geriatrico\/#Calculo_del_precio_medio_kWh_solar\" >C\u00e1lculo del precio medio kWh solar<\/a><\/li><li class='ez-toc-page-1 ez-toc-heading-level-2'><a class=\"ez-toc-link ez-toc-heading-3\" href=\"https:\/\/solartradex.com\/blog\/autoconsumo-solar-en-un-centro-geriatrico\/#Potencia_de_la_instalacion_de_Autoconsumo\" >Potencia de la instalaci\u00f3n de Autoconsumo<\/a><\/li><\/ul><\/nav><\/div>\n<h2><span class=\"ez-toc-section\" id=\"Analisis_facturacion_electrica_para_proyecto_de_autoconsumo\"><\/span>An\u00e1lisis facturaci\u00f3n el\u00e9ctrica para proyecto de autoconsumo<span class=\"ez-toc-section-end\"><\/span><\/h2>\n<p>Para empezar con el an\u00e1lisis procedemos a analizar la facturaci\u00f3n el\u00e9ctrica de los 12 \u00faltimos meses como punto de partida para estudiar la viabilidad econ\u00f3mica del proyecto. Esta informaci\u00f3n nos ser\u00e1 muy \u00fatil para conocer principalmente el perfil de consumo diario (punta, llano y valle) y sobre todo el estacional (\u00bfconsume igual en verano que en invierno?).<\/p>\n<p style=\"text-align: center;\"><img fetchpriority=\"high\" decoding=\"async\" class=\"wp-image-2891 aligncenter\" src=\"https:\/\/solartradex.com\/blog\/wp-content\/uploads\/2013\/04\/Captura-de-pantalla-2013-04-15-a-las-16.30.06.png\" alt=\"Centre Geri\u00e0tric Can Boada\" width=\"596\" height=\"418\" title=\"\" srcset=\"https:\/\/solartradex.com\/blog\/wp-content\/uploads\/2013\/04\/Captura-de-pantalla-2013-04-15-a-las-16.30.06.png 745w, https:\/\/solartradex.com\/blog\/wp-content\/uploads\/2013\/04\/Captura-de-pantalla-2013-04-15-a-las-16.30.06-300x210.png 300w, https:\/\/solartradex.com\/blog\/wp-content\/uploads\/2013\/04\/Captura-de-pantalla-2013-04-15-a-las-16.30.06-260x182.png 260w, https:\/\/solartradex.com\/blog\/wp-content\/uploads\/2013\/04\/Captura-de-pantalla-2013-04-15-a-las-16.30.06-160x112.png 160w, https:\/\/solartradex.com\/blog\/wp-content\/uploads\/2013\/04\/Captura-de-pantalla-2013-04-15-a-las-16.30.06-180x126.png 180w, https:\/\/solartradex.com\/blog\/wp-content\/uploads\/2013\/04\/Captura-de-pantalla-2013-04-15-a-las-16.30.06-36x25.png 36w, https:\/\/solartradex.com\/blog\/wp-content\/uploads\/2013\/04\/Captura-de-pantalla-2013-04-15-a-las-16.30.06-135x94.png 135w, https:\/\/solartradex.com\/blog\/wp-content\/uploads\/2013\/04\/Captura-de-pantalla-2013-04-15-a-las-16.30.06-150x105.png 150w, https:\/\/solartradex.com\/blog\/wp-content\/uploads\/2013\/04\/Captura-de-pantalla-2013-04-15-a-las-16.30.06-32x22.png 32w\" sizes=\"(max-width: 596px) 100vw, 596px\" \/><\/p>\n<p style=\"text-align: left;\">Observamos que el consumo anual es de 128.958 kWh, y una distribuci\u00f3n y que tan solo el 23% de consumo cae en horas valle (0-8h), lo que nos permite suponer que una parte importante del consumo ser\u00e1 en horas de producci\u00f3n solar.<\/p>\n<p style=\"text-align: left;\">A continuaci\u00f3n analizamos los precios de la \u00faltima factura el\u00e9ctrica, y en base a los consumos de los \u00faltimos 12 meses hacemos una estimaci\u00f3n de la factura el\u00e9ctrica anual.<\/p>\n<p style=\"text-align: center;\"><img decoding=\"async\" class=\" wp-image-2938 aligncenter\" src=\"https:\/\/solartradex.com\/blog\/wp-content\/uploads\/2013\/04\/Captura-de-pantalla-2013-04-16-a-las-08.10.58.png\" alt=\"Centre Geri\u00e0tric Can Boada\" width=\"486\" height=\"268\" title=\"\" srcset=\"https:\/\/solartradex.com\/blog\/wp-content\/uploads\/2013\/04\/Captura-de-pantalla-2013-04-16-a-las-08.10.58.png 608w, https:\/\/solartradex.com\/blog\/wp-content\/uploads\/2013\/04\/Captura-de-pantalla-2013-04-16-a-las-08.10.58-300x165.png 300w, https:\/\/solartradex.com\/blog\/wp-content\/uploads\/2013\/04\/Captura-de-pantalla-2013-04-16-a-las-08.10.58-260x143.png 260w, https:\/\/solartradex.com\/blog\/wp-content\/uploads\/2013\/04\/Captura-de-pantalla-2013-04-16-a-las-08.10.58-160x88.png 160w, https:\/\/solartradex.com\/blog\/wp-content\/uploads\/2013\/04\/Captura-de-pantalla-2013-04-16-a-las-08.10.58-180x99.png 180w, https:\/\/solartradex.com\/blog\/wp-content\/uploads\/2013\/04\/Captura-de-pantalla-2013-04-16-a-las-08.10.58-36x19.png 36w, https:\/\/solartradex.com\/blog\/wp-content\/uploads\/2013\/04\/Captura-de-pantalla-2013-04-16-a-las-08.10.58-135x74.png 135w, https:\/\/solartradex.com\/blog\/wp-content\/uploads\/2013\/04\/Captura-de-pantalla-2013-04-16-a-las-08.10.58-150x82.png 150w, https:\/\/solartradex.com\/blog\/wp-content\/uploads\/2013\/04\/Captura-de-pantalla-2013-04-16-a-las-08.10.58-32x17.png 32w\" sizes=\"(max-width: 486px) 100vw, 486px\" \/><\/p>\n<p style=\"text-align: left;\">La factura el\u00e9ctrica anual es de 18.079,21 \u20ac, aunque nuestro sistema de autoconsumo solar tan s\u00f3lo conseguir\u00e1 ahorro sobre la partida del t\u00e9rmino de energ\u00eda variable, o lo que es lo mismo sobre los kWh consumidos, que asciende a 16.735,79 \u20ac.<\/p>\n<p style=\"text-align: left;\">Sobre el t\u00e9rmino de potencia no podemos ahorrar ya que por la noche, o en caso de falta de sol, tendremos que suministrarnos al 100% desde la red el\u00e9ctrica y por lo tanto tenemos que seguir pagando los 40 kW contratados actualmente en concepto de canon de disponibilidad.<\/p>\n<h2 style=\"text-align: left;\"><span class=\"ez-toc-section\" id=\"Calculo_del_precio_medio_kWh_solar\"><\/span>C\u00e1lculo del precio medio kWh solar<span class=\"ez-toc-section-end\"><\/span><\/h2>\n<p style=\"text-align: left;\">Con todos estos datos s\u00f3lo nos falta por calcular el precio medio que tendr\u00e1 cada kWh solar generado y autoconsumido, la verdad es que este c\u00e1lculo no es sencillo de hacer, ya que si se quiere hacer bien hecho se tendria que multiplicar el precio en per\u00edodo punta por la irradiaci\u00f3n recibida a lo largo del a\u00f1o en horas punta, multiplicar el precio en per\u00edodos llano por la irradiaci\u00f3n anual en per\u00edodo llano y hacer la media ponderada&#8230;. casi nada. Yo tengo hechas mis simulaciones y me permiten aproximar el c\u00e1lculo, aunque obviamente nunca ser\u00e1 exacto ya que nadie nos puede asegurar que la irradiaciones recibidas de los pr\u00f3ximos a\u00f1os sean igual a las tomadas para hacer la estimaci\u00f3n&#8230;. en todo caso \u00a0y siguiendo este razonamiento y seg\u00fan mis c\u00e1lculos, la valoraci\u00f3n de cada kWh autoconsumido es de <strong>0,1485 \u20ac\/kWh<\/strong> ( impuesto el\u00e9ctrico incluido).<\/p>\n<p style=\"text-align: left;\">Si quer\u00e9is hacer una aceptable aproximaci\u00f3n sin tener \u00a0que considerar las irradiaciones horarias anuales, pod\u00e9is multiplicar el precio en per\u00edodo punta x 0,25 y el precio en per\u00edodo llano por 0,75 y sale &#8230; 0,144 \u20ac\/kWh &#8230;. casi!!! \u00a0La verdad es que bromas al margen, esta f\u00f3rmula casera nos permite aproximar mucho el c\u00e1lculo del \u20ac\/kWh autoconsumido, se trata dir\u00edamos de una f\u00f3rmula emp\u00edrica basada en la experiencia de todos los proyectos analizados hasta la fecha&#8230;&#8230; y otra f\u00f3rmula todav\u00eda m\u00e1s casera es aproximar el valor a 0,15 \u20ac\/kWh para todos aquellos consumidores con tarifa de acceso 3.0A.<\/p>\n<h2><span class=\"ez-toc-section\" id=\"Potencia_de_la_instalacion_de_Autoconsumo\"><\/span>Potencia de la instalaci\u00f3n de Autoconsumo<span class=\"ez-toc-section-end\"><\/span><\/h2>\n<p style=\"text-align: left;\">Perfecto, \u00a0una vez calculado el precio del kWh autoconsumido, nos toca decidir <span style=\"text-decoration: underline;\"><span style=\"color: #800080;\"><a title=\"\u00bfCuanta potencia instalar en un proyecto de autoconsumo? (I)\" href=\"https:\/\/solartradex.com\/blog\/cuanta-potencia-instalar-en-un-proyecto-de-autoconsumo\/\" target=\"_blank\" rel=\"noopener\"><span style=\"color: #800080; text-decoration: underline;\">cu\u00e1nta potencia tenemos que instalar<\/span><\/a><\/span><\/span>&#8230;.., os cont\u00e1bamos un m\u00e9todo para dimensionar a partir de las facturas el\u00e9ctricas&#8230;\u00bfos acord\u00e1is?<\/p>\n<p style=\"text-align: left;\">Se trataba de preparar una tabla como la que muestro a continuaci\u00f3n con las potencias medias consumidas en per\u00edodo punta y llano.<\/p>\n<p style=\"text-align: left;\">Para calcular estas potencias medias consumidas bastar\u00e1 con coger el consumo en per\u00edodo punta de cada mes ( kWh) y dividirlo por las horas per\u00edodo punta de ese mes; por ejemplo para el mes de marzo, tomamos las 4 horas en per\u00edodo punta que tiene la tarifa 3.0A y lo multiplicamos por los d\u00edas que tiene el mes de marzo, o sea 40 d\u00edas!!! Si, si 40 d\u00edas porque tenemos que tomar el per\u00edodo de facturaci\u00f3n el\u00e9ctrica del mes de marzo, y en el caso de nuestra factura, Endesa se ha tomado 40 d\u00edas entre lectura y lectura&#8230; esto lo pod\u00e9is ver en la primer p\u00e1gina de vuestra factura, donde se indica per\u00edodo de facturaci\u00f3n.<\/p>\n<p style=\"text-align: left;\">Y obviamente hacemos los mismo para calcular la potencia media en per\u00edodo llano, pero considerando las 12 horas diarias que tiene este per\u00edodo, en lugar de las 4 horas diarias del per\u00edodo punta. Los per\u00edodos tarifarios vienen definidos en el <span style=\"text-decoration: underline;\"><span style=\"color: #800080;\"><a title=\"Real Decreto 1164\/2001\" href=\"https:\/\/www.boe.es\/buscar\/doc.php?id=BOE-A-2001-20850\" target=\"_blank\" rel=\"noopener\"><span style=\"color: #800080; text-decoration: underline;\">RD1164\/2001<\/span><\/a><\/span><\/span>.<\/p>\n<p style=\"text-align: left;\">El resultado es el que sigue:<\/p>\n<p style=\"text-align: center;\"><img decoding=\"async\" class=\" wp-image-2901 aligncenter\" src=\"https:\/\/solartradex.com\/blog\/wp-content\/uploads\/2013\/04\/Captura-de-pantalla-2013-04-15-a-las-18.43.50.png\" alt=\"Centre Geri\u00e0tric Can Boada\" width=\"588\" height=\"415\" title=\"\" srcset=\"https:\/\/solartradex.com\/blog\/wp-content\/uploads\/2013\/04\/Captura-de-pantalla-2013-04-15-a-las-18.43.50.png 735w, https:\/\/solartradex.com\/blog\/wp-content\/uploads\/2013\/04\/Captura-de-pantalla-2013-04-15-a-las-18.43.50-300x211.png 300w, https:\/\/solartradex.com\/blog\/wp-content\/uploads\/2013\/04\/Captura-de-pantalla-2013-04-15-a-las-18.43.50-260x183.png 260w, https:\/\/solartradex.com\/blog\/wp-content\/uploads\/2013\/04\/Captura-de-pantalla-2013-04-15-a-las-18.43.50-160x112.png 160w, https:\/\/solartradex.com\/blog\/wp-content\/uploads\/2013\/04\/Captura-de-pantalla-2013-04-15-a-las-18.43.50-180x127.png 180w, https:\/\/solartradex.com\/blog\/wp-content\/uploads\/2013\/04\/Captura-de-pantalla-2013-04-15-a-las-18.43.50-36x25.png 36w, https:\/\/solartradex.com\/blog\/wp-content\/uploads\/2013\/04\/Captura-de-pantalla-2013-04-15-a-las-18.43.50-135x95.png 135w, https:\/\/solartradex.com\/blog\/wp-content\/uploads\/2013\/04\/Captura-de-pantalla-2013-04-15-a-las-18.43.50-150x105.png 150w, https:\/\/solartradex.com\/blog\/wp-content\/uploads\/2013\/04\/Captura-de-pantalla-2013-04-15-a-las-18.43.50-32x22.png 32w\" sizes=\"(max-width: 588px) 100vw, 588px\" \/><\/p>\n<p style=\"text-align: left;\">Para nuestro an\u00e1lisis solo consideramos las potencias medidas en los meses en verde, ya que el per\u00edodo punta entre noviembre y marzo es entre las 18.00 horas y las 22:00 horas, y, por lo tanto, son horas sin sol.<\/p>\n<p style=\"text-align: left;\">Consecuentemente, observamos que la potencia media medida en per\u00edodo punta y llano es del orden de entre 16 y 18 kW, lo cual nos indicar\u00eda que la potencia de autoconsumo \u00f3ptima para instalar y asegurar el m\u00ednimo de excedentes ( pr\u00f3ximamente hablaremos con detalle de este concepto&#8230; y de si es 100% correcto m\u00ednimizar al 100% los excedentes) ser\u00eda del orden de 15 kW nominales, acordaros que siempre reduc\u00edamos un poco la cantidad a instalar, ya que queremos instalar la cantidad de potencia que asegure que no se producen excedentes, y, por lo tanto, si nos sale una media de 18-16 kW a instalar esto significar\u00e1 a priori que habr\u00e1 momentos con consumos inferiores \u00a018 kW.<\/p>\n<p style=\"text-align: left;\">Esto es la teoria sobre un papel, pero evidentemente lo correcto es contrastar los datos con los analizados mediante un sistema de monitorizaci\u00f3n para comprobar y determinar con la m\u00e1xima exactitud la potencia \u00f3ptima a instalar. En nuestro caso instalamos durante 2 semanas un monitor ENVIR Professional con el objetivo de analizar la curva de carga de potencias cada 5 minutos.<\/p>\n<p style=\"text-align: left;\">En el gr\u00e1fico adjunto se representan las potencias medias en horario diurno durante las dos semanas de medici\u00f3n:<\/p>\n<p style=\"text-align: center;\"><img loading=\"lazy\" decoding=\"async\" class=\" wp-image-2905 aligncenter\" src=\"https:\/\/solartradex.com\/blog\/wp-content\/uploads\/2013\/04\/Captura-de-pantalla-2013-04-15-a-las-19.04.05.png\" alt=\"Captura de pantalla 2013-04-15 a las 19.04.05\" width=\"612\" height=\"371\" title=\"\" srcset=\"https:\/\/solartradex.com\/blog\/wp-content\/uploads\/2013\/04\/Captura-de-pantalla-2013-04-15-a-las-19.04.05.png 850w, https:\/\/solartradex.com\/blog\/wp-content\/uploads\/2013\/04\/Captura-de-pantalla-2013-04-15-a-las-19.04.05-300x181.png 300w, https:\/\/solartradex.com\/blog\/wp-content\/uploads\/2013\/04\/Captura-de-pantalla-2013-04-15-a-las-19.04.05-260x157.png 260w, https:\/\/solartradex.com\/blog\/wp-content\/uploads\/2013\/04\/Captura-de-pantalla-2013-04-15-a-las-19.04.05-160x96.png 160w, https:\/\/solartradex.com\/blog\/wp-content\/uploads\/2013\/04\/Captura-de-pantalla-2013-04-15-a-las-19.04.05-180x109.png 180w, https:\/\/solartradex.com\/blog\/wp-content\/uploads\/2013\/04\/Captura-de-pantalla-2013-04-15-a-las-19.04.05-36x21.png 36w, https:\/\/solartradex.com\/blog\/wp-content\/uploads\/2013\/04\/Captura-de-pantalla-2013-04-15-a-las-19.04.05-135x81.png 135w, https:\/\/solartradex.com\/blog\/wp-content\/uploads\/2013\/04\/Captura-de-pantalla-2013-04-15-a-las-19.04.05-150x90.png 150w, https:\/\/solartradex.com\/blog\/wp-content\/uploads\/2013\/04\/Captura-de-pantalla-2013-04-15-a-las-19.04.05-32x19.png 32w\" sizes=\"(max-width: 612px) 100vw, 612px\" \/><\/p>\n<p style=\"text-align: left;\">A la vista del gr\u00e1fico parece l\u00f3gico estimar que si instalamos una potencia de unos 20-22\u00a0 kWp dif\u00edcilmente tendremos excesos en ning\u00fan momento&#8230;. no obstante es importante tener en cuenta que este gr\u00e1fico tan s\u00f3lo es representativo de dos semanas del mes de noviembre 2012, y que en cambio el an\u00e1lisis de las facturas el\u00e9ctricas de todo un a\u00f1o nos indica que las potencias \u00f3ptimas a instalar serian ligeramente m\u00e1s bajas, por este motivo y para curarnos en salud la decisi\u00f3n ha sido tirar por la calle de enmedio e<strong> instalar 17 kW nominales y 18,8 kWp.<\/strong><\/p>\n<p style=\"text-align: left;\">Otro argumento decisivo para tomar la decisi\u00f3n de instalar 17 kW nominales ha sido que nos cuadra perfectamente para montar un inversor SMA Sunny Tripower 17000TL-10 y 80 m\u00f3dulos Yingli YL235P-29b ( 18,80 kWp)<\/p>\n<p style=\"text-align: left;\">Una vez m\u00e1s conviene insistir en que el m\u00e9todo m\u00e1s exacto para dimensionar seria el conocer la curva de carga cuarto-horaria del cliente de todo un a\u00f1o para de este modo conocer los comportamientos diarios, semanales y estacionales y poder dimensionar en funci\u00f3n de ellos con el objetivo de minimizar los excedentes; para los clientes conectados en media tensi\u00f3n no hay problema y es muy simple conseguir la curva de carga s\u00f3lo con solicitarla a la compa\u00f1ia el\u00e9ctrica, pero para los clientes con tarifa 3.0A ya es m\u00e1s complicado, ya que normalmente te cobran por darte esta informaci\u00f3n; otra opci\u00f3n es comprar o disponer de alg\u00fan software par leer el contador, ya que los contadores almacenan hasta 6 meses de consumos.<\/p>\n<p style=\"text-align: left;\">De todos modos no nos tenemos que agobiar buscando la m\u00e1xima excatitud ya que del mismo modo que rezan los dep\u00f3sitos bancarios, rentabilidades pasadas no aseguran rentabilidades futuras, o lo que es lo mismo, al final todo depender\u00e1 del perfil de consumo que tenga el cliente en cada momento, y pueden haber modificaciones respecto al momento en que tomamos nuestras medidas.<\/p>\n<p style=\"text-align: left;\">Los m\u00f3dulos se montar\u00e1n en una estructura remontada a 30\u00ba seg\u00fan se muestra en el esquema adjunto, aprovechando un terraplen que existe en la azotea de la residencia. El azimut es casi perfecto, con una orientaci\u00f3n 20\u00ba Sur-Oeste.<\/p>\n<p style=\"text-align: center;\"><img loading=\"lazy\" decoding=\"async\" class=\" wp-image-2909 aligncenter\" src=\"https:\/\/solartradex.com\/blog\/wp-content\/uploads\/2013\/04\/Captura-de-pantalla-2013-04-15-a-las-19.52.34.png\" alt=\"Centre Geri\u00e0tric Can Boada\" width=\"557\" height=\"223\" title=\"\" srcset=\"https:\/\/solartradex.com\/blog\/wp-content\/uploads\/2013\/04\/Captura-de-pantalla-2013-04-15-a-las-19.52.34.png 1135w, https:\/\/solartradex.com\/blog\/wp-content\/uploads\/2013\/04\/Captura-de-pantalla-2013-04-15-a-las-19.52.34-300x120.png 300w, https:\/\/solartradex.com\/blog\/wp-content\/uploads\/2013\/04\/Captura-de-pantalla-2013-04-15-a-las-19.52.34-1024x409.png 1024w, https:\/\/solartradex.com\/blog\/wp-content\/uploads\/2013\/04\/Captura-de-pantalla-2013-04-15-a-las-19.52.34-260x104.png 260w, https:\/\/solartradex.com\/blog\/wp-content\/uploads\/2013\/04\/Captura-de-pantalla-2013-04-15-a-las-19.52.34-160x64.png 160w, https:\/\/solartradex.com\/blog\/wp-content\/uploads\/2013\/04\/Captura-de-pantalla-2013-04-15-a-las-19.52.34-134x53.png 134w, https:\/\/solartradex.com\/blog\/wp-content\/uploads\/2013\/04\/Captura-de-pantalla-2013-04-15-a-las-19.52.34-180x72.png 180w, https:\/\/solartradex.com\/blog\/wp-content\/uploads\/2013\/04\/Captura-de-pantalla-2013-04-15-a-las-19.52.34-36x14.png 36w, https:\/\/solartradex.com\/blog\/wp-content\/uploads\/2013\/04\/Captura-de-pantalla-2013-04-15-a-las-19.52.34-135x54.png 135w, https:\/\/solartradex.com\/blog\/wp-content\/uploads\/2013\/04\/Captura-de-pantalla-2013-04-15-a-las-19.52.34-150x60.png 150w, https:\/\/solartradex.com\/blog\/wp-content\/uploads\/2013\/04\/Captura-de-pantalla-2013-04-15-a-las-19.52.34-32x12.png 32w\" sizes=\"(max-width: 557px) 100vw, 557px\" \/><\/p>\n<p style=\"text-align: left;\">Con todos estos datos, localidad, potencia instalada, azimut e inclinaci\u00f3n, realizamos el pron\u00f3stico de producci\u00f3n estimado de la planta solar mediante, por ejemplo <span style=\"text-decoration: underline;\"><span style=\"color: #800080; text-decoration: underline;\"><a title=\"PVGIS\" href=\"https:\/\/re.jrc.ec.europa.eu\/pvgis\/apps4\/pvest.php#https:\/\/\" target=\"_blank\" rel=\"noopener\"><span style=\"color: #800080; text-decoration: underline;\">PVGIS<\/span><\/a>,<\/span><\/span>\u00a0 y obteniendo los siguientes resultados resumen para el proyecto solar del centro geri\u00e1trico&#8230;. no est\u00e1n nada mal!!!<\/p>\n<p style=\"text-align: center;\"><img loading=\"lazy\" decoding=\"async\" class=\" wp-image-2966 aligncenter\" src=\"https:\/\/solartradex.com\/blog\/wp-content\/uploads\/2013\/04\/Captura-de-pantalla-2013-04-22-a-las-07.31.30.png\" alt=\"Centre Geri\u00e0tric Can Boada\" width=\"414\" height=\"221\" title=\"\" srcset=\"https:\/\/solartradex.com\/blog\/wp-content\/uploads\/2013\/04\/Captura-de-pantalla-2013-04-22-a-las-07.31.30.png 518w, https:\/\/solartradex.com\/blog\/wp-content\/uploads\/2013\/04\/Captura-de-pantalla-2013-04-22-a-las-07.31.30-300x159.png 300w, https:\/\/solartradex.com\/blog\/wp-content\/uploads\/2013\/04\/Captura-de-pantalla-2013-04-22-a-las-07.31.30-260x138.png 260w, https:\/\/solartradex.com\/blog\/wp-content\/uploads\/2013\/04\/Captura-de-pantalla-2013-04-22-a-las-07.31.30-160x85.png 160w, https:\/\/solartradex.com\/blog\/wp-content\/uploads\/2013\/04\/Captura-de-pantalla-2013-04-22-a-las-07.31.30-180x95.png 180w, https:\/\/solartradex.com\/blog\/wp-content\/uploads\/2013\/04\/Captura-de-pantalla-2013-04-22-a-las-07.31.30-36x19.png 36w, https:\/\/solartradex.com\/blog\/wp-content\/uploads\/2013\/04\/Captura-de-pantalla-2013-04-22-a-las-07.31.30-135x71.png 135w, https:\/\/solartradex.com\/blog\/wp-content\/uploads\/2013\/04\/Captura-de-pantalla-2013-04-22-a-las-07.31.30-150x79.png 150w, https:\/\/solartradex.com\/blog\/wp-content\/uploads\/2013\/04\/Captura-de-pantalla-2013-04-22-a-las-07.31.30-32x17.png 32w\" sizes=\"(max-width: 414px) 100vw, 414px\" \/><\/p>\n<p style=\"text-align: center;\">\n<p style=\"text-align: left;\">De momento hoy lo dejamos aqu\u00ed,\u00a0 la semana y relacionado con este proyecto os contaremos como analizar la viabilidad econ\u00f3micos de un proyecto de autoconsumo solar, y aprovechar\u00e9 para dejaros colgada la hoja de c\u00e1lculo que utilizo normalmente para hacer el an\u00e1lisis de rentabilidad de proyectos fotovoltaicos y que alguno de vosotros me hab\u00eda solicitado.<\/p>\n<p style=\"text-align: left;\">Una vez m\u00e1s os invito a participar con vuestros comentarios y discusiones&#8230;. \u00bfcoincid\u00eds con el m\u00e9todo los kWp proyectados? \u00bfHubi\u00e9r\u00e1is seguido el mismo razonamiento?. Ya os avanzo que el m\u00e9todo propuesto es 100% correcto pero optimizable&#8230;. o sea en otras palabras mejorable&#8230; seguiremos debatiendo en futuras semanas.<\/p>\n<p style=\"text-align: left;\">Hasta la semana que viene!!!<\/p>\n<p><script type=\"application\/ld+json\">{\n    \"@context\": \"https:\/\/schema.org\",\n    \"@type\": \"FAQPage\",\n    \"mainEntity\": [\n        {\n            \"@type\": \"Question\",\n            \"name\": \"An\u00e1lisis facturaci\u00f3n el\u00e9ctrica para proyecto de autoconsumo\",\n            \"acceptedAnswer\": {\n                \"@type\": \"Answer\",\n                \"text\": \"Para empezar con el an\u00e1lisis procedemos a analizar la facturaci\u00f3n el\u00e9ctrica de los 12 \u00faltimos meses como punto de partida para estudiar la viabilidad econ\u00f3mica del proyecto. Esta informaci\u00f3n nos ser\u00e1 muy \u00fatil para conocer principalmente el perfil de consumo diario (punta, llano y valle) y sobre todo el estacional (\u00bfconsume igual en verano que en invierno?).Observamos que el consumo anual es de 128.958 kWh, y una distribuci\u00f3n y que tan solo el 23% de consumo cae en horas valle (0-8h), lo que nos permite suponer que una parte importante del consumo ser\u00e1 en horas de producci\u00f3n solar.A continuaci\u00f3n analizamos los precios de la \u00faltima factura el\u00e9ctrica, y en base a los consumos de los \u00faltimos 12 meses hacemos una estimaci\u00f3n de la factura el\u00e9ctrica anual.La factura el\u00e9ctrica anual es de 18.079,21 \u20ac, aunque nuestro sistema de autoconsumo solar tan s\u00f3lo conseguir\u00e1 ahorro sobre la partida del t\u00e9rmino de energ\u00eda variable, o lo que es lo mismo sobre los kWh consumidos, que asciende a 16.735,79 \u20ac.Sobre el t\u00e9rmino de potencia no podemos ahorrar ya que por la noche, o en caso de falta de sol, tendremos que suministrarnos al 100% desde la red el\u00e9ctrica y por lo tanto tenemos que seguir pagando los 40 kW contratados actualmente en concepto de canon de disponibilidad.\"\n            }\n        },\n        {\n            \"@type\": \"Question\",\n            \"name\": \"C\u00e1lculo del precio medio kWh solar\",\n            \"acceptedAnswer\": {\n                \"@type\": \"Answer\",\n                \"text\": \"Con todos estos datos s\u00f3lo nos falta por calcular el precio medio que tendr\u00e1 cada kWh solar generado y autoconsumido, la verdad es que este c\u00e1lculo no es sencillo de hacer, ya que si se quiere hacer bien hecho se tendria que multiplicar el precio en per\u00edodo punta por la irradiaci\u00f3n recibida a lo largo del a\u00f1o en horas punta, multiplicar el precio en per\u00edodos llano por la irradiaci\u00f3n anual en per\u00edodo llano y hacer la media ponderada.... casi nada. Yo tengo hechas mis simulaciones y me permiten aproximar el c\u00e1lculo, aunque obviamente nunca ser\u00e1 exacto ya que nadie nos puede asegurar que la irradiaciones recibidas de los pr\u00f3ximos a\u00f1os sean igual a las tomadas para hacer la estimaci\u00f3n.... en todo caso \u00a0y siguiendo este razonamiento y seg\u00fan mis c\u00e1lculos, la valoraci\u00f3n de cada kWh autoconsumido es de 0,1485 \u20ac\/kWh ( impuesto el\u00e9ctrico incluido).Si quer\u00e9is hacer una aceptable aproximaci\u00f3n sin tener \u00a0que considerar las irradiaciones horarias anuales, pod\u00e9is multiplicar el precio en per\u00edodo punta x 0,25 y el precio en per\u00edodo llano por 0,75 y sale ... 0,144 \u20ac\/kWh .... casi!!! \u00a0La verdad es que bromas al margen, esta f\u00f3rmula casera nos permite aproximar mucho el c\u00e1lculo del \u20ac\/kWh autoconsumido, se trata dir\u00edamos de una f\u00f3rmula emp\u00edrica basada en la experiencia de todos los proyectos analizados hasta la fecha...... y otra f\u00f3rmula todav\u00eda m\u00e1s casera es aproximar el valor a 0,15 \u20ac\/kWh para todos aquellos consumidores con tarifa de acceso 3.0A.\"\n            }\n        },\n        {\n            \"@type\": \"Question\",\n            \"name\": \"Potencia de la instalaci\u00f3n de Autoconsumo\",\n            \"acceptedAnswer\": {\n                \"@type\": \"Answer\",\n                \"text\": \"Perfecto, \u00a0una vez calculado el precio del kWh autoconsumido, nos toca decidir cu\u00e1nta potencia tenemos que instalar....., os cont\u00e1bamos un m\u00e9todo para dimensionar a partir de las facturas el\u00e9ctricas...\u00bfos acord\u00e1is?Se trataba de preparar una tabla como la que muestro a continuaci\u00f3n con las potencias medias consumidas en per\u00edodo punta y llano.Para calcular estas potencias medias consumidas bastar\u00e1 con coger el consumo en per\u00edodo punta de cada mes ( kWh) y dividirlo por las horas per\u00edodo punta de ese mes; por ejemplo para el mes de marzo, tomamos las 4 horas en per\u00edodo punta que tiene la tarifa 3.0A y lo multiplicamos por los d\u00edas que tiene el mes de marzo, o sea 40 d\u00edas!!! Si, si 40 d\u00edas porque tenemos que tomar el per\u00edodo de facturaci\u00f3n el\u00e9ctrica del mes de marzo, y en el caso de nuestra factura, Endesa se ha tomado 40 d\u00edas entre lectura y lectura... esto lo pod\u00e9is ver en la primer p\u00e1gina de vuestra factura, donde se indica per\u00edodo de facturaci\u00f3n.Y obviamente hacemos los mismo para calcular la potencia media en per\u00edodo llano, pero considerando las 12 horas diarias que tiene este per\u00edodo, en lugar de las 4 horas diarias del per\u00edodo punta. Los per\u00edodos tarifarios vienen definidos en el RD1164\/2001.El resultado es el que sigue:Para nuestro an\u00e1lisis solo consideramos las potencias medidas en los meses en verde, ya que el per\u00edodo punta entre noviembre y marzo es entre las 18.00 horas y las 22:00 horas, y, por lo tanto, son horas sin sol.Consecuentemente, observamos que la potencia media medida en per\u00edodo punta y llano es del orden de entre 16 y 18 kW, lo cual nos indicar\u00eda que la potencia de autoconsumo \u00f3ptima para instalar y asegurar el m\u00ednimo de excedentes ( pr\u00f3ximamente hablaremos con detalle de este concepto... y de si es 100% correcto m\u00ednimizar al 100% los excedentes) ser\u00eda del orden de 15 kW nominales, acordaros que siempre reduc\u00edamos un poco la cantidad a instalar, ya que queremos instalar la cantidad de potencia que asegure que no se producen excedentes, y, por lo tanto, si nos sale una media de 18-16 kW a instalar esto significar\u00e1 a priori que habr\u00e1 momentos con consumos inferiores \u00a018 kW.Esto es la teoria sobre un papel, pero evidentemente lo correcto es contrastar los datos con los analizados mediante un sistema de monitorizaci\u00f3n para comprobar y determinar con la m\u00e1xima exactitud la potencia \u00f3ptima a instalar. En nuestro caso instalamos durante 2 semanas un monitor ENVIR Professional con el objetivo de analizar la curva de carga de potencias cada 5 minutos.En el gr\u00e1fico adjunto se representan las potencias medias en horario diurno durante las dos semanas de medici\u00f3n:A la vista del gr\u00e1fico parece l\u00f3gico estimar que si instalamos una potencia de unos 20-22\u00a0 kWp dif\u00edcilmente tendremos excesos en ning\u00fan momento.... no obstante es importante tener en cuenta que este gr\u00e1fico tan s\u00f3lo es representativo de dos semanas del mes de noviembre 2012, y que en cambio el an\u00e1lisis de las facturas el\u00e9ctricas de todo un a\u00f1o nos indica que las potencias \u00f3ptimas a instalar serian ligeramente m\u00e1s bajas, por este motivo y para curarnos en salud la decisi\u00f3n ha sido tirar por la calle de enmedio e instalar 17 kW nominales y 18,8 kWp.Otro argumento decisivo para tomar la decisi\u00f3n de instalar 17 kW nominales ha sido que nos cuadra perfectamente para montar un inversor SMA Sunny Tripower 17000TL-10 y 80 m\u00f3dulos Yingli YL235P-29b ( 18,80 kWp)Una vez m\u00e1s conviene insistir en que el m\u00e9todo m\u00e1s exacto para dimensionar seria el conocer la curva de carga cuarto-horaria del cliente de todo un a\u00f1o para de este modo conocer los comportamientos diarios, semanales y estacionales y poder dimensionar en funci\u00f3n de ellos con el objetivo de minimizar los excedentes; para los clientes conectados en media tensi\u00f3n no hay problema y es muy simple conseguir la curva de carga s\u00f3lo con solicitarla a la compa\u00f1ia el\u00e9ctrica, pero para los clientes con tarifa 3.0A ya es m\u00e1s complicado, ya que normalmente te cobran por darte esta informaci\u00f3n; otra opci\u00f3n es comprar o disponer de alg\u00fan software par leer el contador, ya que los contadores almacenan hasta 6 meses de consumos.De todos modos no nos tenemos que agobiar buscando la m\u00e1xima excatitud ya que del mismo modo que rezan los dep\u00f3sitos bancarios, rentabilidades pasadas no aseguran rentabilidades futuras, o lo que es lo mismo, al final todo depender\u00e1 del perfil de consumo que tenga el cliente en cada momento, y pueden haber modificaciones respecto al momento en que tomamos nuestras medidas.Los m\u00f3dulos se montar\u00e1n en una estructura remontada a 30\u00ba seg\u00fan se muestra en el esquema adjunto, aprovechando un terraplen que existe en la azotea de la residencia. El azimut es casi perfecto, con una orientaci\u00f3n 20\u00ba Sur-Oeste.Con todos estos datos, localidad, potencia instalada, azimut e inclinaci\u00f3n, realizamos el pron\u00f3stico de producci\u00f3n estimado de la planta solar mediante, por ejemplo PVGIS,\u00a0 y obteniendo los siguientes resultados resumen para el proyecto solar del centro geri\u00e1trico.... no est\u00e1n nada mal!!!De momento hoy lo dejamos aqu\u00ed,\u00a0 la semana y relacionado con este proyecto os contaremos como analizar la viabilidad econ\u00f3micos de un proyecto de autoconsumo solar, y aprovechar\u00e9 para dejaros colgada la hoja de c\u00e1lculo que utilizo normalmente para hacer el an\u00e1lisis de rentabilidad de proyectos fotovoltaicos y que alguno de vosotros me hab\u00eda solicitado.Una vez m\u00e1s os invito a participar con vuestros comentarios y discusiones.... \u00bfcoincid\u00eds con el m\u00e9todo los kWp proyectados? \u00bfHubi\u00e9r\u00e1is seguido el mismo razonamiento?. Ya os avanzo que el m\u00e9todo propuesto es 100% correcto pero optimizable.... o sea en otras palabras mejorable... seguiremos debatiendo en futuras semanas.Hasta la semana que viene!!!\"\n            }\n        }\n    ]\n}<\/script><\/p>\n\n\n<div class=\"kk-star-ratings kksr-auto kksr-align-left kksr-valign-bottom\"\n    data-payload='{&quot;align&quot;:&quot;left&quot;,&quot;id&quot;:&quot;2886&quot;,&quot;slug&quot;:&quot;default&quot;,&quot;valign&quot;:&quot;bottom&quot;,&quot;ignore&quot;:&quot;&quot;,&quot;reference&quot;:&quot;auto&quot;,&quot;class&quot;:&quot;&quot;,&quot;count&quot;:&quot;0&quot;,&quot;legendonly&quot;:&quot;&quot;,&quot;readonly&quot;:&quot;&quot;,&quot;score&quot;:&quot;0&quot;,&quot;starsonly&quot;:&quot;&quot;,&quot;best&quot;:&quot;5&quot;,&quot;gap&quot;:&quot;5&quot;,&quot;greet&quot;:&quot;Valora este post&quot;,&quot;legend&quot;:&quot;0\\\/5 - (0 votos)&quot;,&quot;size&quot;:&quot;24&quot;,&quot;title&quot;:&quot;Autoconsumo solar en centro geri\u00e1trico&quot;,&quot;width&quot;:&quot;0&quot;,&quot;_legend&quot;:&quot;{score}\\\/{best} - ({count} {votes})&quot;,&quot;font_factor&quot;:&quot;1.25&quot;}'>\n            \n<div class=\"kksr-stars\">\n    \n<div class=\"kksr-stars-inactive\">\n            <div class=\"kksr-star\" data-star=\"1\" style=\"padding-right: 5px\">\n            \n\n<div class=\"kksr-icon\" style=\"width: 24px; height: 24px;\"><\/div>\n        <\/div>\n            <div class=\"kksr-star\" data-star=\"2\" style=\"padding-right: 5px\">\n            \n\n<div class=\"kksr-icon\" style=\"width: 24px; height: 24px;\"><\/div>\n        <\/div>\n            <div class=\"kksr-star\" data-star=\"3\" style=\"padding-right: 5px\">\n            \n\n<div class=\"kksr-icon\" style=\"width: 24px; height: 24px;\"><\/div>\n        <\/div>\n            <div class=\"kksr-star\" data-star=\"4\" style=\"padding-right: 5px\">\n            \n\n<div class=\"kksr-icon\" style=\"width: 24px; height: 24px;\"><\/div>\n        <\/div>\n            <div class=\"kksr-star\" data-star=\"5\" style=\"padding-right: 5px\">\n            \n\n<div class=\"kksr-icon\" style=\"width: 24px; height: 24px;\"><\/div>\n        <\/div>\n    <\/div>\n    \n<div class=\"kksr-stars-active\" style=\"width: 0px;\">\n            <div class=\"kksr-star\" style=\"padding-right: 5px\">\n            \n\n<div class=\"kksr-icon\" style=\"width: 24px; height: 24px;\"><\/div>\n        <\/div>\n            <div class=\"kksr-star\" style=\"padding-right: 5px\">\n            \n\n<div class=\"kksr-icon\" style=\"width: 24px; height: 24px;\"><\/div>\n        <\/div>\n            <div class=\"kksr-star\" style=\"padding-right: 5px\">\n            \n\n<div class=\"kksr-icon\" style=\"width: 24px; height: 24px;\"><\/div>\n        <\/div>\n            <div class=\"kksr-star\" style=\"padding-right: 5px\">\n            \n\n<div class=\"kksr-icon\" style=\"width: 24px; height: 24px;\"><\/div>\n        <\/div>\n            <div class=\"kksr-star\" style=\"padding-right: 5px\">\n            \n\n<div class=\"kksr-icon\" style=\"width: 24px; height: 24px;\"><\/div>\n        <\/div>\n    <\/div>\n<\/div>\n                \n\n<div class=\"kksr-legend\" style=\"font-size: 19.2px;\">\n            <span class=\"kksr-muted\">Valora este post<\/span>\n    <\/div>\n    <\/div>\n","protected":false},"excerpt":{"rendered":"<p>Esta semana hemos tramitado la solicitud de la licencia de obras y solicitud del punto de conexi\u00f3n a Endesa para ejecutar un nuevo proyecto de autoconsumo solar de 17 kW nominales en un centro geri\u00e1trico de Matar\u00f3 ( Barcelona). La verdad es que 8 meses despu\u00e9s de haber iniciado nuestro primer caso pr\u00e1ctico de autoconsumo &hellip; <a href=\"https:\/\/solartradex.com\/blog\/autoconsumo-solar-en-un-centro-geriatrico\/\" class=\"more-link\">Seguir leyendo <span class=\"screen-reader-text\">Autoconsumo solar en centro geri\u00e1trico<\/span> <span class=\"meta-nav\">&rarr;<\/span><\/a><\/p>\n","protected":false},"author":2,"featured_media":0,"comment_status":"open","ping_status":"closed","sticky":false,"template":"","format":"standard","meta":{"inline_featured_image":false,"_mbp_gutenberg_autopost":false,"footnotes":""},"categories":[112],"tags":[],"class_list":["post-2886","post","type-post","status-publish","format-standard","hentry","category-instalaciones-solares"],"fimg_url":false,"post_mailing_queue_ids":[],"_links":{"self":[{"href":"https:\/\/solartradex.com\/blog\/wp-json\/wp\/v2\/posts\/2886","targetHints":{"allow":["GET"]}}],"collection":[{"href":"https:\/\/solartradex.com\/blog\/wp-json\/wp\/v2\/posts"}],"about":[{"href":"https:\/\/solartradex.com\/blog\/wp-json\/wp\/v2\/types\/post"}],"author":[{"embeddable":true,"href":"https:\/\/solartradex.com\/blog\/wp-json\/wp\/v2\/users\/2"}],"replies":[{"embeddable":true,"href":"https:\/\/solartradex.com\/blog\/wp-json\/wp\/v2\/comments?post=2886"}],"version-history":[{"count":2,"href":"https:\/\/solartradex.com\/blog\/wp-json\/wp\/v2\/posts\/2886\/revisions"}],"predecessor-version":[{"id":9319,"href":"https:\/\/solartradex.com\/blog\/wp-json\/wp\/v2\/posts\/2886\/revisions\/9319"}],"wp:attachment":[{"href":"https:\/\/solartradex.com\/blog\/wp-json\/wp\/v2\/media?parent=2886"}],"wp:term":[{"taxonomy":"category","embeddable":true,"href":"https:\/\/solartradex.com\/blog\/wp-json\/wp\/v2\/categories?post=2886"},{"taxonomy":"post_tag","embeddable":true,"href":"https:\/\/solartradex.com\/blog\/wp-json\/wp\/v2\/tags?post=2886"}],"curies":[{"name":"wp","href":"https:\/\/api.w.org\/{rel}","templated":true}]}}