{"id":3197,"date":"2013-05-28T17:28:27","date_gmt":"2013-05-28T15:28:27","guid":{"rendered":"http:\/\/solartradex.com\/blog\/?p=3197"},"modified":"2023-06-19T22:13:09","modified_gmt":"2023-06-19T20:13:09","slug":"erase-una-vez-un-ministro-un-chiringuito-y-un-oligopolio","status":"publish","type":"post","link":"https:\/\/solartradex.com\/blog\/erase-una-vez-un-ministro-un-chiringuito-y-un-oligopolio\/","title":{"rendered":"\u00c9rase una vez un ministro, un chiringuito y un oligopolio"},"content":{"rendered":"<p>El pasado mi\u00e9rcoles, hace justo una semana,\u00a0recib\u00ed un mail inform\u00e1ndome de que nuestro se\u00f1or ministro de Industria, Energ\u00eda y Turismo hab\u00eda puesto el ejemplo de un chiringuito de playa para hablar de sus planes para el autoconsumo y el balance neto durante su comparecencia del lunes 20 de mayo ante la comisi\u00f3n de Industria, Energ\u00eda y Turismo del Senado. \u00a0Qu\u00e9 honor!! pens\u00e9 yo&#8230;. \u00a0aunque s\u00f3lo fuera una cuesti\u00f3n de subconsciente, es obvio que nuestro <span style=\"text-decoration: underline;\"><span style=\"color: #800080;\"><a title=\"Autoconsumo: Caso pr\u00e1ctico (I)\" href=\"https:\/\/solartradex.com\/blog\/caso-practico-autoconsumo-industrial\/\" target=\"_blank\" rel=\"noopener\" data-wplink-edit=\"true\"><span style=\"color: #800080; text-decoration: underline;\">caso piloto de autoconsumo solar en el chiringuito de Lasal del Varador<\/span><\/a><\/span><\/span> en la playa de Matar\u00f3 ha llegado de un modo u otro a sus o\u00eddos&#8230;. otro objetivo cumplido!!!<\/p>\n<p>L\u00f3gicamente, en ese mismo instante me apresur\u00e9 a buscar el video con nuestro \u00abminuto de gloria\u00bb, y vaya si lo encontr\u00e9&#8230; pero no sin antes tener que tragarme 4 horas y 30 minutos de comparecencia!!! y cuando llegu\u00e9 al momento del cl\u00edmax convencido de la singularidad del momento, mi gozo en un pozo, se trataba de un simple ejemplo sin m\u00e1s intenci\u00f3n que, en cierto modo, pseudo-defender al autoconsumo instant\u00e1neo ( o eso cre\u00ed entender..), frente a la opci\u00f3n del balance neto&#8230; Nuestra gran campa\u00f1a de marketing se hab\u00eda ido al traste, mi castillo de naipes imaginando al se\u00f1or ministro menospreciando a nuestro chiringuito de playa, y a nosotros enviando una carta al Ministerio para invitar al se\u00f1or Soria a comer un arroz ecosostenible mientras aprovechar\u00edamos para hacer pedagog\u00eda de las bondades del autoconsumo \u00a0( y alguna instant\u00e1nea) se hab\u00eda desmoronado&#8230;. en fin otra vez ser\u00e1.<\/p>\n<p>No obstante, y como casi 5 horas de comparencia dan para mucho, aprovech\u00e9 para tomar notas acerca de algunos de los puntos m\u00e1s destacados de su intervenci\u00f3n: reforma del marco regulatorio y d\u00e9ficit de tarifa, fracking de petr\u00f3leo y autoconsumo y balance neto&#8230;. que m\u00e9rito tiene estar m\u00e1s de media jornada laboral hablando sin decir nada, un monumento a la locuacidad!!!<\/p>\n<p style=\"text-align: center;\"><img fetchpriority=\"high\" decoding=\"async\" class=\"size-full wp-image-3229 aligncenter\" title=\"El chiringuito \" src=\"https:\/\/solartradex.com\/blog\/wp-content\/uploads\/2013\/05\/Fotolia_24305627_XS.jpg\" alt=\"Beach hut\" width=\"300\" height=\"400\" srcset=\"https:\/\/solartradex.com\/blog\/wp-content\/uploads\/2013\/05\/Fotolia_24305627_XS.jpg 300w, https:\/\/solartradex.com\/blog\/wp-content\/uploads\/2013\/05\/Fotolia_24305627_XS-225x300.jpg 225w, https:\/\/solartradex.com\/blog\/wp-content\/uploads\/2013\/05\/Fotolia_24305627_XS-260x346.jpg 260w, https:\/\/solartradex.com\/blog\/wp-content\/uploads\/2013\/05\/Fotolia_24305627_XS-160x213.jpg 160w, https:\/\/solartradex.com\/blog\/wp-content\/uploads\/2013\/05\/Fotolia_24305627_XS-180x240.jpg 180w, https:\/\/solartradex.com\/blog\/wp-content\/uploads\/2013\/05\/Fotolia_24305627_XS-27x36.jpg 27w, https:\/\/solartradex.com\/blog\/wp-content\/uploads\/2013\/05\/Fotolia_24305627_XS-101x135.jpg 101w, https:\/\/solartradex.com\/blog\/wp-content\/uploads\/2013\/05\/Fotolia_24305627_XS-112x150.jpg 112w, https:\/\/solartradex.com\/blog\/wp-content\/uploads\/2013\/05\/Fotolia_24305627_XS-24x32.jpg 24w\" sizes=\"(max-width: 300px) 100vw, 300px\" \/><\/p>\n<p><!--more--><\/p>\n<p>En primer lugar el se\u00f1or ministro nos dej\u00f3 muy claro que los objetivos estrat\u00e9gicos en materia energ\u00e9tica son uno,\u00a0<strong>la resoluci\u00f3n del problema estructural del sector el\u00e9ctrico<\/strong> y, por tanto, la resoluci\u00f3n del problema del desfase entre los ingresos y gastos del sistema ( d\u00e9ficit de tarifa), y dos, <strong>establecer un marco para la miner\u00eda del carb\u00f3n m\u00e1s all\u00e1 del a\u00f1o 2018!!<\/strong> \u00a0Vamos por pasos, la primera parte la entiendo, la comparto y procederemos a analizarla , \u00bfpero la segunda? Soy consciente que existen varios miles de familias que viven del carb\u00f3n en Espa\u00f1a, pero \u00bfqu\u00e9 sentido tiene apostar por el carb\u00f3n nacional cuando seg\u00fan palabras del mismo se\u00f1or ministro durante su comparecencia, se trata de una fuente de energ\u00eda mucho m\u00e1s emisora que otras tecnolog\u00edas, y m\u00e1s cara y menos eficiente \u00a0que el carb\u00f3n extranjero?\u00a0Adem\u00e1s tal y como reconoce el se\u00f1or ministro la posici\u00f3n de la Uni\u00f3n Europea al respecto es muy clara, no puede permanecer ninguna explotaci\u00f3n minera abierta m\u00e1s all\u00e1 del 2018 que haya recibido ayudas, aun esa explotaci\u00f3n sea competitiva. Conclusi\u00f3n, a la renovables las penalizamos, y al carb\u00f3n nacional lo incentivamos aunque sea caro, contaminante e ineficiente&#8230; toda una declaraci\u00f3n de principios.<\/p>\n<p>Al respecto del nuevo marco regulatorio, la buena noticia es que seg\u00fan parece se publicar\u00e1 antes de finales de junio y con \u00e9l el balance neto ( 15 meses despu\u00e9s de lo comprometido seg\u00fan <span style=\"text-decoration: underline;\"><span style=\"color: #800080;\"><a title=\"RD1699\/2011\" href=\"https:\/\/www.boe.es\/buscar\/doc.php?id=BOE-A-2011-19242\" target=\"_blank\" rel=\"noopener\"><span style=\"color: #800080; text-decoration: underline;\">RD1699\/2011<\/span><\/a><\/span><\/span>), digo buena noticia y a lo mejor m\u00e1s nos conviene quedarnos como hasta ahora, en fin&#8230; en todo caso vamos a tener novedades seguro. Otra buena noticia al respecto, es que finalmente el se\u00f1or Soria, y aunque s\u00f3lo fuera para exculpar de cualquier responsabilidad a su partido, reconoci\u00f3 que la culpa del d\u00e9ficit de tarifa no es de las renovables!!! Bueno, no lo dijo as\u00ed de claro, pero nos vino a decir lo mismo, que el d\u00e9ficit de tarifa se invent\u00f3 el a\u00f1o 2001 ( con Jos\u00e9 Maria Aznar en el gobierno) y que en el a\u00f1o 2002 el d\u00e9ficit acumulado era tan s\u00f3lo de 1.400 millones de Euros; despu\u00e9s durante los a\u00f1os 2003 y 2004 no hubo d\u00e9ficit, y se dispar\u00f3 a partir el a\u00f1o 2005 con la entrada de los socialistas en el gobierno, y \u00bfpor qu\u00e9? Pues porque alguien hizo una previsi\u00f3n de crecimiento de PIB, sobre la que se hacen las estimaciones de ingresos del sistema, del 25% \u00a0entre el 2005 y el 2013, y la realidad es que el crecimiento acumulado apenas alcanza el 2%. Adem\u00e1s se hizo una previsi\u00f3n de aumento de la demanda el\u00e9ctrica del 24% y hoy estamos por debajo a la demanda del a\u00f1o 2005.<\/p>\n<p><strong>Conclusi\u00f3n:<\/strong> que los ingresos del sistema no crecieron lo esperado por una mala planificaci\u00f3n del Gobierno de Espa\u00f1a.<\/p>\n<p><strong>Consecuencia<\/strong>: la culpa es de las renovables.<\/p>\n<p>Pero se\u00f1ores seamos serios, no vale decir ahora que la culpa es de las renovables porque de los 20.000 millones \u00a0\u20ac de costes reconocidos para el sistema en el a\u00f1o 2012, 10.000 \u20ac millones corresponden a primas&#8230;. la culpa fue de qui\u00e9n se equivoc\u00f3, yo s\u00f3lo confi\u00e9 en un gobierno para invertir en un negocio con unas expectativas de rentabilidad determinadas y no por ello se me puede culpabilizar. Defiende el se\u00f1or ministro que las \u00faltimas medidas adoptadas en el <span style=\"text-decoration: underline;\"><span style=\"color: #800080;\"><a title=\"RDL 2\/2013\" href=\"https:\/\/www.boe.es\/eli\/es\/rdl\/2013\/02\/01\/2\" target=\"_blank\" rel=\"noopener\"><span style=\"color: #800080; text-decoration: underline;\">real decreto-ley 2\/2013<\/span><\/a><\/span><\/span> de no vincular las actualizaciones de las primas a la evoluci\u00f3n del IPC, sino al IPC subyacente a impuestos constantes, es debido a que en un momento en que ni a los pensionistas se les actualiza la pensi\u00f3n en base al IPC, no se puede pretender mantener este privilegio&#8230;. pero \u00bfqu\u00e9 privilegio? Si usted me lo hubiera dicho antes, yo habr\u00eda invertido mi dinero en hacer un viaje al polo norte!! Yo confi\u00e9 en el Reino de Espa\u00f1a, en su Constituci\u00f3n, en sus leyes y en sus gobernantes&#8230;<\/p>\n<p>Y sabe lo que le digo, que el d\u00e9ficit de tarifa es una mentira como un templo, se lo contaba en el art\u00edculo<span style=\"text-decoration: underline;\"><span style=\"color: #800080; text-decoration: underline;\"><a title=\"Yo tambi\u00e9n soy Salvados\u2026 o por un mercado el\u00e9ctrico transparente.\" href=\"https:\/\/solartradex.com\/blog\/yo-tambien-soy-salvados-mercado-electrico\/\" target=\"_blank\" rel=\"noopener\"><span style=\"color: #800080; text-decoration: underline;\"> Yo tambi\u00e9n soy Salvados&#8230; o por un mercado el\u00e9ctrico transparente<\/span><\/a><\/span><\/span>, el d\u00e9ficit de tarifa viene provocado por la obligada separaci\u00f3n jur\u00eddica y contable de actividades en el sector el\u00e9ctrico; la<span style=\"text-decoration: underline;\"><span style=\"color: #800080;\"> <a title=\"Ley 54\/1997\" href=\"https:\/\/www.boe.es\/buscar\/doc.php?id=BOE-A-1997-25340\" target=\"_blank\" rel=\"noopener\"><span style=\"color: #800080; text-decoration: underline;\">Ley 54\/1997<\/span><\/a><\/span><\/span> obliga a una separaci\u00f3n entre la actividad de generaci\u00f3n, distribuci\u00f3n y comercializaci\u00f3n por parte de las empresas el\u00e9ctricas, y eso provoca que estas empresas nos digan que pierden dinero con la distribuci\u00f3n ( d\u00e9ficit de tarifa), mientras se forran con la generaci\u00f3n gracias a los wind-fall profits y otros mecanismos poco eficientes de funcionamiento del mercado de generaci\u00f3n&#8230; \u00bf o no es cierto? Si junt\u00e1ramos otra vez todas las actividades, el d\u00e9ficit ya no existir\u00eda.<\/p>\n<p>Y todav\u00eda hay otro motivo por el que existe d\u00e9ficit en la parte de distribuci\u00f3n, y lo he descubierto recientemente con el<span style=\"text-decoration: underline;\"><span style=\"color: #800080;\"> <a title=\"Autoconsumo: Caso pr\u00e1ctico (VI)\" href=\"https:\/\/solartradex.com\/blog\/autoconsumo-caso-practico-vi\/\" target=\"_blank\" rel=\"noopener\"><span style=\"color: #800080; text-decoration: underline;\">contencioso que tenemos con Endesa Distribuci\u00f3n El\u00e9ctrica<\/span><\/a><\/span><\/span> por los costes que nos quieren cobrar por la primera verificaci\u00f3n fotovoltaica en nuestra instalaci\u00f3n de autoconsumo del chiriguito de Matar\u00f3; hay una falta total de supervisi\u00f3n y transparencia con los costes regulados, se hinchan injustificadamente los costes por las actividades reguladas y despu\u00e9s se reclama el d\u00e9ficit, as\u00ed de simple y claro&#8230; y por este motivo no nos da la gana de pagar 408 \u20ac por una revisi\u00f3n ocular de un contador, no nos da la gana!!<\/p>\n<p>Viendo todo este percal, y para que no me llamen insolidario, \u00bfqu\u00e9 propongo? Que cada por cada Euro que nos quiten de retribuci\u00f3n a las renovables, el Gobierno asuma un Euro de d\u00e9ficit, y las el\u00e9ctricas renuncien a Euro de costes regulados&#8230;. \u00bfes justo no? As\u00ed compartimos el d\u00e9ficit entre todas las partes implicadas, el Gobierno por haberse equivocado en sus previsiones, las el\u00e9ctricas por la mentira del d\u00e9ficit tarifario y las renovables por haber decidido de manera premeditada, y con alevos\u00eda invertir de forma insolidaria en un negocio amparado en la ley espa\u00f1ola.<\/p>\n<p>Solucionado el tema del d\u00e9ficit de tarifa, vamos por la segunda gran perla del se\u00f1or ministro durante su comparencia, escribo literalmente para que nadie pueda dudar de la veracidad de las palabras: \u00bb\u00a0<em>Se queja el se\u00f1or Alique de la factura elevada que Espa\u00f1a paga por importaciones de hidrocarburos. Yo tambi\u00e9n me quejo, pero con una diferencia, y es que el Gobierno se queja y procura por tanto disminuir esa dependencia de importaciones autorizando prospecciones e investigaciones de hidrocarburos en Espa\u00f1a por si \u2014perm\u00edtame la expresi\u00f3n\u2014 <strong>sonara la flauta y descubri\u00e9ramos petr\u00f3leo o gas en Espa\u00f1a<\/strong>, y en cambio usted se queja pero al propio tiempo dice: oiga, ni se le ocurra autorizar una prospecci\u00f3n no vayamos a descubrir petr\u00f3leo en Espa\u00f1a y tengamos un l\u00edo; tenemos un l\u00edo como descubramos petr\u00f3leo en Espa\u00f1a. Yo creo de verdad, se\u00f1or Alique, que si algo necesita este pa\u00eds es intentar mayor seguridad en los abastecimientos y eso significa no desperdiciar ni menospreciar ning\u00fan tipo de fuente que pudiera disminuir esa vulnerabilidad.<\/em>\u00bb<\/p>\n<p>O sea, que seg\u00fan el propio ministro se autoriza el <span style=\"text-decoration: underline;\"><span style=\"color: #800080;\"><a title=\"Fracking\" href=\"https:\/\/es.wikipedia.org\/wiki\/Fracturaci\u00f3n_hidr\u00e1ulica\" target=\"_blank\" rel=\"noopener\"><span style=\"color: #800080; text-decoration: underline;\">fracking<\/span><\/a><\/span><\/span> por si sonara la flauta&#8230;. por favor, se\u00f1or Soria d\u00e9jese de inventos del tebeo, me dice usted que recorta las ayudas a las renovables que \u00a0hoy son una realidad contrastada, que han demostrado su capacidad de reducir el precio del mercado el\u00e9ctrico y adem\u00e1s no nos generan ning\u00fan problema medioambiental, y en cambio dedica estos recursos a jugar a la ruleta rusa. \u00bfCuantos acu\u00edferos\u00a0tendr\u00e1 que contaminar para intentar \u00a0hacer sonar la flauta? \u00bf Y si no suena la flauta? Una vez m\u00e1s le propongo que todos estos millones invertidos al azar los dedique a compensar el d\u00e9ficit de tarifa, que al menos esto seguro que redundar\u00e1 en menores incrementos de precio al consumidor final en los pr\u00f3ximos a\u00f1os, y los pensionistas que tanto le preocupan seguro que se lo agradecer\u00e1n.<\/p>\n<p>Y finalmente y ya para cerrar, vamos con la parte dedicada al autoconsumo y al balance neto; en honor a la verdad tengo que decir que a nivel conceptual estoy plenamente de acuerdo con el planteamiento del se\u00f1or Soria, otra cosa ser\u00e1 cuando llegue el momento de cuantificar este concepto&#8230; dice el se\u00f1or ministro:<\/p>\n<div title=\"Page 43\">\n<p><em>\u00abAutoconsumo y balance neto. Somos partidarios, vamos a llevarlo en la pr\u00f3xima reforma. Ahora bien, hay que llevarlo sabiendo que quien opte por el autoconsumo o el balance neto, ha de contribuir a financiar las redes de infraestructuras si las utiliza. Es decir, probablemente quienes hoy piden con mucha insistencia el balance neto, est\u00e1n pensando en que lo solicitan porque les compensa el balance neto frente a la opci\u00f3n actual en la que est\u00e1n pagando una parte de los costes de infraestructuras. Pero si eso fuera as\u00ed habr\u00eda una parte de los consumidores que al optar por el balance neto dejar\u00edan al resto pagando una mayor proporci\u00f3n de los costes del sistema, y eso es lo que no podemos hacer porque entonces no estar\u00edamos distribuyendo de una manera equitativa los costes.<\/em><\/p>\n<p><em>Por tanto, lo vamos hacer, pero como autoconsumo; es decir, supongamos que alguien tiene un <strong>chiringuito en la playa<\/strong> \u2014perm\u00edtanme este ejemplo\u2014 se pone unas placas y pone el consumo que necesita, pero en el momento en que en su casa pone unas placas y dice: lo que produzca lo consumo, si me sobra algo lo vierto a la red, y ya cuando me haga falta lo neteo, hay que decirle: usted ha usado una\u00a0<\/em>carretera, que hemos pagado todos, por tanto, tambi\u00e9n tendr\u00e1 que contribuir en la financiaci\u00f3n porque, de lo contrario, estar\u00edamos dejando al resto del sistema que financie ese uso, y se producir\u00eda lo que en teor\u00eda econ\u00f3mica se llama free rider, que est\u00e1 consumiendo a costa de lo que pagan los dem\u00e1s.\u00bb<\/p>\n<\/div>\n<p>Tal y como os avanzaba, coincido totalmente con la idea de que qui\u00e9n utilice la red de distribuci\u00f3n debe pagarla, pero ni m\u00e1s ni menos que cualquier otro que la utilice. En este sentido entiendo que aquellos que apuesten por el balance neto deber\u00edan pagar unos peajes por utilizar la red de distribuci\u00f3n, en la parte que corresponde a la energ\u00eda que quieren recuperar para utilizarla en momentos de no producci\u00f3n solar. \u00bfY cuanto deber\u00edan pagar? Pues entiendo que ni m\u00e1s ni menos que los peajes que pagar cualquier consumidor por la energ\u00eda que recibe de la red \u00a0de distribuci\u00f3n.<\/p>\n<p>Por lo tanto mi propuesta de balance neto, es que s\u00f3lo se tengan que pagar peajes por la energ\u00eda que se env\u00eda a la red en forma de excedentes y se recupera posteriormente, ni m\u00e1s ni menos. De este modo el ahorro que conseguir\u00e1 un consumidor que se acoja a la modalidad de balance neto, ser\u00e1 el correspondiente al coste de la energ\u00eda en el mercado de generaci\u00f3n. Y para aquellos que no se acojan al balance neto, y prefieran quedarse con el autoconsumo instant\u00e1neo pues no habr\u00e1 peajes, porque no se puede aplicar ning\u00fan peaje por la energ\u00eda producida y consumida en el mismo instante, \u00bfcorrecto? Sino seria como colocar un contador de oxigeno debajo de nuestra nariz y facturarnos el aire que respiramos&#8230;<\/p>\n<p>Y que a ning\u00fan iluminado se le ocurra hacer trampas al solitario, y decida subir injustificadamente \u00a0el t\u00e9rmino de potencia de las tarifas, \u00a0y bajar el precio del t\u00e9rmino de energ\u00eda para desincentivar de este modo el autoconsumo, porque esto seria como gritarle a la Uni\u00f3n Europea, \u00abSe\u00f1ores, en Espa\u00f1a estamos en contra de la eficiencia energ\u00e9tica. Aqu\u00ed en Espa\u00f1a es igual si se consume mucho o poco, ya que la parte relevante de la factura es el t\u00e9rmino fijo de potencia contratada\u00bb, \u00bfa qu\u00e9 no seria l\u00f3gico?.<\/p>\n<p>En fin, como veis la comparecencia del se\u00f1or ministro dio para mucho, y aunque nuestra ilusi\u00f3n de tener una campa\u00f1a de publicidad gratis pagada por el Ministerio al final se qued\u00f3 en agua de borrajas, vali\u00f3 la pena ilusionarse y dedicar unas horas a atender la comparecencia del Sr. Soria, porque aunque no dijese muchas cosas, si que se le entendi\u00f3 casi todo.<\/p>\n<p>Para aquellos que quer\u00e1is dedicar medio s\u00e1bado a las veleidades del Sr. Soria, os dejo el enlace a su comparecencia ( texto \u00edntegro y video)&#8230;. \u00bf qu\u00e9 os parecen? \u00bfcomo cre\u00e9is que se presentar\u00e1 el nuevo marco regulatorio? \u00bfQue nos deparar\u00e1 el balance neto? Se admiten apuestas!!!<\/p>\n<p><span style=\"color: #800080;\"><a title=\"Comisi\u00f3n Energ\u00eda Senado\" href=\"https:\/\/www.senado.es\/web\/actividadparlamentaria\/sesionescomision\/detallecomisiones\/sesionescomision\/index.html?id=S011002&amp;legis=10\" target=\"_blank\" rel=\"noopener\"><span style=\"color: #800080;\">Sesi\u00f3n Senado 20 de Mayo<\/span><\/a><\/span><\/p>\n<p>Hasta la semana que viene!!!<\/p>\n\n\n<div class=\"kk-star-ratings kksr-auto kksr-align-left kksr-valign-bottom\"\n    data-payload='{&quot;align&quot;:&quot;left&quot;,&quot;id&quot;:&quot;3197&quot;,&quot;slug&quot;:&quot;default&quot;,&quot;valign&quot;:&quot;bottom&quot;,&quot;ignore&quot;:&quot;&quot;,&quot;reference&quot;:&quot;auto&quot;,&quot;class&quot;:&quot;&quot;,&quot;count&quot;:&quot;0&quot;,&quot;legendonly&quot;:&quot;&quot;,&quot;readonly&quot;:&quot;&quot;,&quot;score&quot;:&quot;0&quot;,&quot;starsonly&quot;:&quot;&quot;,&quot;best&quot;:&quot;5&quot;,&quot;gap&quot;:&quot;5&quot;,&quot;greet&quot;:&quot;Valora este post&quot;,&quot;legend&quot;:&quot;0\\\/5 - (0 votos)&quot;,&quot;size&quot;:&quot;24&quot;,&quot;title&quot;:&quot;\u00c9rase una vez un ministro, un chiringuito y un oligopolio&quot;,&quot;width&quot;:&quot;0&quot;,&quot;_legend&quot;:&quot;{score}\\\/{best} - ({count} {votes})&quot;,&quot;font_factor&quot;:&quot;1.25&quot;}'>\n            \n<div class=\"kksr-stars\">\n    \n<div class=\"kksr-stars-inactive\">\n            <div class=\"kksr-star\" data-star=\"1\" style=\"padding-right: 5px\">\n            \n\n<div class=\"kksr-icon\" style=\"width: 24px; height: 24px;\"><\/div>\n        <\/div>\n            <div class=\"kksr-star\" data-star=\"2\" style=\"padding-right: 5px\">\n            \n\n<div class=\"kksr-icon\" style=\"width: 24px; height: 24px;\"><\/div>\n        <\/div>\n            <div class=\"kksr-star\" data-star=\"3\" style=\"padding-right: 5px\">\n            \n\n<div class=\"kksr-icon\" style=\"width: 24px; height: 24px;\"><\/div>\n        <\/div>\n            <div class=\"kksr-star\" data-star=\"4\" style=\"padding-right: 5px\">\n            \n\n<div class=\"kksr-icon\" style=\"width: 24px; height: 24px;\"><\/div>\n        <\/div>\n            <div class=\"kksr-star\" data-star=\"5\" style=\"padding-right: 5px\">\n            \n\n<div class=\"kksr-icon\" style=\"width: 24px; height: 24px;\"><\/div>\n        <\/div>\n    <\/div>\n    \n<div class=\"kksr-stars-active\" style=\"width: 0px;\">\n            <div class=\"kksr-star\" style=\"padding-right: 5px\">\n            \n\n<div class=\"kksr-icon\" style=\"width: 24px; height: 24px;\"><\/div>\n        <\/div>\n            <div class=\"kksr-star\" style=\"padding-right: 5px\">\n            \n\n<div class=\"kksr-icon\" style=\"width: 24px; height: 24px;\"><\/div>\n        <\/div>\n            <div class=\"kksr-star\" style=\"padding-right: 5px\">\n            \n\n<div class=\"kksr-icon\" style=\"width: 24px; height: 24px;\"><\/div>\n        <\/div>\n            <div class=\"kksr-star\" style=\"padding-right: 5px\">\n            \n\n<div class=\"kksr-icon\" style=\"width: 24px; height: 24px;\"><\/div>\n        <\/div>\n            <div class=\"kksr-star\" style=\"padding-right: 5px\">\n            \n\n<div class=\"kksr-icon\" style=\"width: 24px; height: 24px;\"><\/div>\n        <\/div>\n    <\/div>\n<\/div>\n                \n\n<div class=\"kksr-legend\" style=\"font-size: 19.2px;\">\n            <span class=\"kksr-muted\">Valora este post<\/span>\n    <\/div>\n    <\/div>\n","protected":false},"excerpt":{"rendered":"<p>El pasado mi\u00e9rcoles, hace justo una semana,\u00a0recib\u00ed un mail inform\u00e1ndome de que nuestro se\u00f1or ministro de Industria, Energ\u00eda y Turismo hab\u00eda puesto el ejemplo de un chiringuito de playa para hablar de sus planes para el autoconsumo y el balance neto durante su comparecencia del lunes 20 de mayo ante la comisi\u00f3n de Industria, Energ\u00eda &hellip; <a href=\"https:\/\/solartradex.com\/blog\/erase-una-vez-un-ministro-un-chiringuito-y-un-oligopolio\/\" class=\"more-link\">Seguir leyendo <span class=\"screen-reader-text\">\u00c9rase una vez un ministro, un chiringuito y un oligopolio<\/span> <span class=\"meta-nav\">&rarr;<\/span><\/a><\/p>\n","protected":false},"author":2,"featured_media":0,"comment_status":"open","ping_status":"closed","sticky":false,"template":"","format":"standard","meta":{"inline_featured_image":false,"_mbp_gutenberg_autopost":false,"footnotes":""},"categories":[],"tags":[],"class_list":["post-3197","post","type-post","status-publish","format-standard","hentry"],"fimg_url":false,"post_mailing_queue_ids":[],"_links":{"self":[{"href":"https:\/\/solartradex.com\/blog\/wp-json\/wp\/v2\/posts\/3197","targetHints":{"allow":["GET"]}}],"collection":[{"href":"https:\/\/solartradex.com\/blog\/wp-json\/wp\/v2\/posts"}],"about":[{"href":"https:\/\/solartradex.com\/blog\/wp-json\/wp\/v2\/types\/post"}],"author":[{"embeddable":true,"href":"https:\/\/solartradex.com\/blog\/wp-json\/wp\/v2\/users\/2"}],"replies":[{"embeddable":true,"href":"https:\/\/solartradex.com\/blog\/wp-json\/wp\/v2\/comments?post=3197"}],"version-history":[{"count":2,"href":"https:\/\/solartradex.com\/blog\/wp-json\/wp\/v2\/posts\/3197\/revisions"}],"predecessor-version":[{"id":7409,"href":"https:\/\/solartradex.com\/blog\/wp-json\/wp\/v2\/posts\/3197\/revisions\/7409"}],"wp:attachment":[{"href":"https:\/\/solartradex.com\/blog\/wp-json\/wp\/v2\/media?parent=3197"}],"wp:term":[{"taxonomy":"category","embeddable":true,"href":"https:\/\/solartradex.com\/blog\/wp-json\/wp\/v2\/categories?post=3197"},{"taxonomy":"post_tag","embeddable":true,"href":"https:\/\/solartradex.com\/blog\/wp-json\/wp\/v2\/tags?post=3197"}],"curies":[{"name":"wp","href":"https:\/\/api.w.org\/{rel}","templated":true}]}}