{"id":3372,"date":"2013-06-18T17:52:59","date_gmt":"2013-06-18T15:52:59","guid":{"rendered":"http:\/\/solartradex.com\/blog\/?p=3372"},"modified":"2023-06-19T22:13:09","modified_gmt":"2023-06-19T20:13:09","slug":"eficiencia-energetica-el-nuevo-paradigma-de-la-energia-solar","status":"publish","type":"post","link":"https:\/\/solartradex.com\/blog\/eficiencia-energetica-el-nuevo-paradigma-de-la-energia-solar\/","title":{"rendered":"Eficiencia Energ\u00e9tica Solar: El nuevo paradigma"},"content":{"rendered":"<p>Si algo hemos aprendido durante la corta vida del autoconsumo solar es que con su llegada hemos pasado de un escenario en el que se trataba de maximizar la superf\u00edcie ocupada por m\u00f3dulos solares en aras de alcanzar la mayor producci\u00f3n posible, sin\u00f3nimo de rentabilidad, a un escenario en el que debemos ajustar la potencia solar instalada con el objetivo de \u00a0minimizar la producci\u00f3n de excedentes y conseguir as\u00ed el equilibrio \u00f3ptimo entre ahorro y tiempo de retorno de la inversi\u00f3n.<\/p>\n<p>As\u00ed las cosas, hemos pasado de tener un producto financiero a un producto de ahorro, \u00a0ya no se trata de saber cu\u00e1nto voy a ganar, sino de cu\u00e1nto voy a ahorrar&#8230;. o en otras palabras, nuestras instalaciones ya no deben ser tan s\u00f3lo eficaces ( ya se ha demostrado que lo son y saben producir), sino tambi\u00e9n eficientes; esta es la clave y el leit-motiv que debe marcar la senda del autoconsumo solar partir de ahora.<\/p>\n<p>Esta semana quiero hablar acerca de este nuevo paradigma que nace con la llegada del autoconsumo, de c\u00f3mo entiendo que deber\u00edamos\u00a0plantear un proyecto a nivel comercial o industrial, y de como poder encajar nuestro proyecto de autoconsumo dentro de un concepto mucho m\u00e1s amplio llamado eficiencia energ\u00e9tica&#8230;.. esta semana fui invitado por los amigos de Circutor a pasar todo un viernes ( literal) en su f\u00e1brica, y la verdad es que un mundo lleno de posibilidades m\u00e1gicas se abri\u00f3 ante mis ojos&#8230;.Bienvenidos al tiempo de la Eficiencia Energ\u00e9tica!!!!<\/p>\n<p><!--more--><\/p>\n<p>Quiz\u00e1s para algunos de vosotros todo esto que os voy a contar es m\u00e1s que evidente y soy yo el que llego tarde&#8230;, pero es que cada d\u00eda que pasa me doy m\u00e1s cuenta que algunos de los que venimos de los reales decretos antiguos, todav\u00eda sufrimos de cierto secuestro emocional respecto al antiguo sistema de primas para la energ\u00eda solar que a veces, incluso nos condiciona a intentar instalar el m\u00e1ximo de potencia posible sin considerar otros aspectos m\u00e1s all\u00e1 del propio sistema solar. Me explico&#8230;.<\/p>\n<p>\u00bfSeria l\u00f3gico intentar instalar un sistema de autoconsumo solar sin antes plantearnos ni razonar si existen otras posibilidades para reducir el consumo del cliente? \u00bfQu\u00e9 pasar\u00eda si instalo mi sistema de autoconsumo y al cabo de 12 meses el cliente decide cambiar las iluminarias existentes por LEDS? \u00bfJustificar\u00eda el nuevo consumo el dimensionado actual del sistema de autoconsumo? \u00bfNo seria m\u00e1s l\u00f3gico cambiar primero el sistema de alumbrado y posteriormente dimensionar el sistema de autoconsumo?<\/p>\n<p>Por todo esto, cada dia me convenzo m\u00e1s de que debemos entender el autoconsumo solar tan s\u00f3lo como una parte, relevante pero parte, de un concepto mucho m\u00e1s amplio llamado eficiencia energ\u00e9tica&#8230;. ya no nos sirve localizar una cubierta, un cliente con acceso a financiaci\u00f3n, apuntar y disparar&#8230; \u00a0a partir de ahora, si queremos aportar un valor real a nuestro cliente entiendo que deberemos realizar un ejercicio mucho m\u00e1s amplio en el que muy posiblemente la instalaci\u00f3n de un sistema de autoconsumo solar sea tan s\u00f3lo el \u00faltimo estadio de un proyecto de eficiencia energ\u00e9tica mucho m\u00e1s global.<\/p>\n<div id=\"ez-toc-container\" class=\"ez-toc-v2_0_82_2 counter-hierarchy ez-toc-counter ez-toc-grey ez-toc-container-direction\">\n<div class=\"ez-toc-title-container\">\n<p class=\"ez-toc-title\" style=\"cursor:inherit\">Contenidos<\/p>\n<span class=\"ez-toc-title-toggle\"><a href=\"#\" class=\"ez-toc-pull-right ez-toc-btn ez-toc-btn-xs ez-toc-btn-default ez-toc-toggle\" aria-label=\"Alternar tabla de contenidos\"><span class=\"ez-toc-js-icon-con\"><span class=\"\"><span class=\"eztoc-hide\" style=\"display:none;\">Toggle<\/span><span class=\"ez-toc-icon-toggle-span\"><svg style=\"fill: #999;color:#999\" xmlns=\"http:\/\/www.w3.org\/2000\/svg\" class=\"list-377408\" width=\"20px\" height=\"20px\" viewBox=\"0 0 24 24\" fill=\"none\"><path d=\"M6 6H4v2h2V6zm14 0H8v2h12V6zM4 11h2v2H4v-2zm16 0H8v2h12v-2zM4 16h2v2H4v-2zm16 0H8v2h12v-2z\" fill=\"currentColor\"><\/path><\/svg><svg style=\"fill: #999;color:#999\" class=\"arrow-unsorted-368013\" xmlns=\"http:\/\/www.w3.org\/2000\/svg\" width=\"10px\" height=\"10px\" viewBox=\"0 0 24 24\" version=\"1.2\" baseProfile=\"tiny\"><path d=\"M18.2 9.3l-6.2-6.3-6.2 6.3c-.2.2-.3.4-.3.7s.1.5.3.7c.2.2.4.3.7.3h11c.3 0 .5-.1.7-.3.2-.2.3-.5.3-.7s-.1-.5-.3-.7zM5.8 14.7l6.2 6.3 6.2-6.3c.2-.2.3-.5.3-.7s-.1-.5-.3-.7c-.2-.2-.4-.3-.7-.3h-11c-.3 0-.5.1-.7.3-.2.2-.3.5-.3.7s.1.5.3.7z\"\/><\/svg><\/span><\/span><\/span><\/a><\/span><\/div>\n<nav><ul class='ez-toc-list ez-toc-list-level-1 eztoc-toggle-hide-by-default' ><li class='ez-toc-page-1 ez-toc-heading-level-2'><a class=\"ez-toc-link ez-toc-heading-1\" href=\"https:\/\/solartradex.com\/blog\/eficiencia-energetica-el-nuevo-paradigma-de-la-energia-solar\/#Estadios_previos_a_plantear\" >Estadios previos a plantear<\/a><ul class='ez-toc-list-level-3' ><li class='ez-toc-heading-level-3'><a class=\"ez-toc-link ez-toc-heading-2\" href=\"https:\/\/solartradex.com\/blog\/eficiencia-energetica-el-nuevo-paradigma-de-la-energia-solar\/#Monitoriza_la_instalacion\" >Monitoriza la instalaci\u00f3n<\/a><\/li><li class='ez-toc-page-1 ez-toc-heading-level-3'><a class=\"ez-toc-link ez-toc-heading-3\" href=\"https:\/\/solartradex.com\/blog\/eficiencia-energetica-el-nuevo-paradigma-de-la-energia-solar\/#Diagnosis_energetica_precisa_del_emplazamiento_y_sus_procesos\" >Diagnosis energ\u00e9tica precisa del emplazamiento y sus procesos<\/a><\/li><li class='ez-toc-page-1 ez-toc-heading-level-3'><a class=\"ez-toc-link ez-toc-heading-4\" href=\"https:\/\/solartradex.com\/blog\/eficiencia-energetica-el-nuevo-paradigma-de-la-energia-solar\/#Optimiza_contratacion_electrica\" >Optimiza contrataci\u00f3n el\u00e9ctrica<\/a><\/li><\/ul><\/li><li class='ez-toc-page-1 ez-toc-heading-level-2'><a class=\"ez-toc-link ez-toc-heading-5\" href=\"https:\/\/solartradex.com\/blog\/eficiencia-energetica-el-nuevo-paradigma-de-la-energia-solar\/#Eficiencia_energetica_solar_con_sistema_de_autoconsumo_solar\" >Eficiencia energ\u00e9tica solar con sistema de autoconsumo solar<\/a><\/li><\/ul><\/nav><\/div>\n<h2><span class=\"ez-toc-section\" id=\"Estadios_previos_a_plantear\"><\/span><strong>Estadios previos a plantear<\/strong><span class=\"ez-toc-section-end\"><\/span><\/h2>\n<h3><span class=\"ez-toc-section\" id=\"Monitoriza_la_instalacion\"><\/span>Monitoriza la instalaci\u00f3n<span class=\"ez-toc-section-end\"><\/span><\/h3>\n<p>En primer lugar y sin ninguna duda, hablar\u00edamos de monitorizar la instalaci\u00f3n&#8230;. de conocer cuales son sus patrones de consumo, \u00a0cuales son los consumos que pueden ser susceptibles de ser reducidos o eliminados, cuales son los consumos modulables que pueden ser desplazados a otras franjas horarias, ya sean horas valle m\u00e1s baratas o horas punta con m\u00e1xima irradiaci\u00f3n&#8230; y finalmente cuales son los consumos m\u00ednimos en r\u00e9gimen permanente que me pueden permitir dimensionar la instalaci\u00f3n para alcanzar el equilibrio \u00f3ptimo que coment\u00e1bamos al inicio entre ahorro y tiempo de retorno de la inversi\u00f3n. En resumen y seg\u00fan palabras de Lord Kelvin, lo que no se mide no se puede mejorar.<\/p>\n<h3><span class=\"ez-toc-section\" id=\"Diagnosis_energetica_precisa_del_emplazamiento_y_sus_procesos\"><\/span>Diagnosis energ\u00e9tica precisa del emplazamiento y sus procesos<span class=\"ez-toc-section-end\"><\/span><\/h3>\n<p>Una vez hayamos conseguido dibujar un mapa energ\u00e9tico claro del cliente, el segundo estadio que deber\u00edamos acometer ser\u00e1 el de realizar una diagnosis energ\u00e9tica precisa del emplazamiento y sus procesos&#8230;. \u00bfqu\u00e9 medidas podemos proponer para reducir los consumos actuales del cliente? \u00bfProponemos cambiar la iluminaci\u00f3n de nuestro cliente? \u00bf Cambiamos los compresores de las neveras? \u00bfInstalamos variadores de frecuencia que nos permitan ahorrar consumo? Las medidas a ejecutar pueden ser muy variadas y depender\u00e1n fundamentalmente de la tipolog\u00eda de cliente y de sus procesos, no obstante es muy necesario, imprescindible, tratar de reducir el consumo del cliente para ajustar a la perfecci\u00f3n el tama\u00f1o del nuevo sistema solar, y evitar los fat\u00eddicos excedentes!!<\/p>\n<h3><span class=\"ez-toc-section\" id=\"Optimiza_contratacion_electrica\"><\/span>Optimiza contrataci\u00f3n el\u00e9ctrica<span class=\"ez-toc-section-end\"><\/span><\/h3>\n<p>En tercer lugar, y una vez reducido el consumo, trataremos de mejorar al m\u00e1ximo el precio que paga nuestro cliente por cada kWh que todav\u00eda tendr\u00e1 que comprar a la compa\u00f1\u00eda el\u00e9ctrica de turno, en otras palabras deberemos optimizar \u00a0su contrataci\u00f3n el\u00e9ctrica o de gas con su comercializador&#8230;. \u00bf est\u00e1 correctamente contratada la potencia el\u00e9ctrica de nuestro cliente? \u00bf Y la tarifa? \u00bf Discriminaci\u00f3n horaria o precio fijo? \u00bfExiste alg\u00fan otro comercializador que ofrezca mejores condiciones? Ser\u00e1 porque la factura el\u00e9ctrica es incomprensible para la mayor\u00eda de los mortales, pero bien os aseguro que la mayor\u00eda de las veces que analizo el caso de un cliente, aparecen ahorros significativos vinculados a una mejorable contrataci\u00f3n energ\u00e9tica.<\/p>\n<h2><span class=\"ez-toc-section\" id=\"Eficiencia_energetica_solar_con_sistema_de_autoconsumo_solar\"><\/span>Eficiencia energ\u00e9tica solar con sistema de autoconsumo solar<span class=\"ez-toc-section-end\"><\/span><\/h2>\n<p>Y ser\u00e1 cuando hayamos conseguido reducir \u00a0lo m\u00e1ximo posible el consumo de nuestro cliente, y \u00a0mejorado el precio que paga por su energ\u00eda, cuando llegar\u00e1 el momento m\u00e1gico de plantear con conocimiento de causa el porqu\u00e9 instalar un sistema de autoconsumo solar que permita generar parte de la energ\u00eda necesaria para cubrir el consumo que no hemos podido reducir&#8230;.\u00bfl\u00f3gico no? E incluso llegados a este punto, deberemos aportar un plus adicional a nuestro cliente&#8230;.\u00bfinstalamos la potencia m\u00ednima necesaria y punto? O quiz\u00e1s \u00bf nos planteamos si conviene m\u00e1s desplazar ciertos consumos a las horas de m\u00e1xima irradiaci\u00f3n para cubrirlos con energ\u00eda solar? \u00bfQu\u00e9 hacemos con los excedentes que se puedan producir? \u00bfLos vendemos a la compa\u00f1\u00eda el\u00e9ctrica o instalamos alg\u00fan dispositivo que nos permita, por ejemplo, calentar agua caliente sanitaria y almacenar de este modo energ\u00eda t\u00e9rmica? O mejor a\u00fan, \u00bfpor qu\u00e9 no actuamos sobre las neveras cuando haya excedentes para que produzcan m\u00e1s fr\u00edo y ahorramos energ\u00eda en horas de menor irradiaci\u00f3n? Estos son s\u00f3lo algunas de las ideas que podemos plantear en funci\u00f3n de cada casu\u00edstica, y que nos dan una peque\u00f1a idea del sin fin de posibilidades que puede ofrecer un proyecto de esta \u00edndole.<\/p>\n<p>Resumiendo, y tal como os he comentado anteriormente, a partir de ahora no se tratar\u00e1 tan s\u00f3lo ligarnos a la m\u00e1s guapa del baile, sino de ser caballeros y plantearnos honestamente que podemos hacer por ella y si somos merecedores de su amor &#8230;.. y ello conllevar\u00e1 grandes dosis de honestidad y capacitaci\u00f3n, todo un reto para los profesionales del sector.<\/p>\n<p>Estoy convencido que un mundo lleno de oportunidades se abre para los profesionales del sector, los primeros equipos de gesti\u00f3n inteligente ya han llegado al mercado, fabricantes de inversores como SMA, Ingeteam o Fronius est\u00e1n trabajando para encajar sus productos dentro de este nuevo paradigma y sus primeras propuestas presentadas son m\u00e1s que interesantes&#8230;. sin olvidar a Circutor, empresa a la que voy a dedicar pr\u00f3ximamente un art\u00edculo entero para hablar de su EDS, un producto brillante que nos va a permitir \u00a0gestionar de manera inteligente varias cargas en funci\u00f3n de la producci\u00f3n instant\u00e1nea de nuestro sistema solar&#8230; una pasada!!!<\/p>\n<p>Lo dejo aqu\u00ed&#8230;. me voy pitando para M\u00fanich, donde desde ma\u00f1ana tiene lugar <span style=\"text-decoration: underline;\"><span style=\"color: #800080;\"><a title=\"Intersolar\" href=\"https:\/\/www.intersolar.de\/home\" target=\"_blank\" rel=\"noopener\"><span style=\"color: #800080; text-decoration: underline;\">Intersolar<\/span><\/a><\/span><\/span>, la feria europea m\u00e1s importante del sector solar, la semana que viene os cuento que he\/hemos visto y de qu\u00e9 se habla.<\/p>\n<p>C\u00f3mo siempre est\u00e1is invitados a participar con vuestros comentarios&#8230;. si a veces no respondo, ruego me disculp\u00e9is&#8230; pero mis horas empiezan a ser finitas, lo siento.<\/p>\n<p>Hasta la semana que viene. Un abrazo!!!<script type=\"application\/ld+json\">{\n    \"@context\": \"https:\/\/schema.org\",\n    \"@type\": \"FAQPage\",\n    \"mainEntity\": [\n        {\n            \"@type\": \"Question\",\n            \"name\": \"Monitoriza la instalaci\u00f3n\",\n            \"acceptedAnswer\": {\n                \"@type\": \"Answer\",\n                \"text\": \"En primer lugar y sin ninguna duda, hablar\u00edamos de monitorizar la instalaci\u00f3n.... de conocer cuales son sus patrones de consumo, \u00a0cuales son los consumos que pueden ser susceptibles de ser reducidos o eliminados, cuales son los consumos modulables que pueden ser desplazados a otras franjas horarias, ya sean horas valle m\u00e1s baratas o horas punta con m\u00e1xima irradiaci\u00f3n... y finalmente cuales son los consumos m\u00ednimos en r\u00e9gimen permanente que me pueden permitir dimensionar la instalaci\u00f3n para alcanzar el equilibrio \u00f3ptimo que coment\u00e1bamos al inicio entre ahorro y tiempo de retorno de la inversi\u00f3n. En resumen y seg\u00fan palabras de Lord Kelvin, lo que no se mide no se puede mejorar.\"\n            }\n        },\n        {\n            \"@type\": \"Question\",\n            \"name\": \"Diagnosis energ\u00e9tica precisa del emplazamiento y sus procesos\",\n            \"acceptedAnswer\": {\n                \"@type\": \"Answer\",\n                \"text\": \"Una vez hayamos conseguido dibujar un mapa energ\u00e9tico claro del cliente, el segundo estadio que deber\u00edamos acometer ser\u00e1 el de realizar una diagnosis energ\u00e9tica precisa del emplazamiento y sus procesos.... \u00bfqu\u00e9 medidas podemos proponer para reducir los consumos actuales del cliente? \u00bfProponemos cambiar la iluminaci\u00f3n de nuestro cliente? \u00bf Cambiamos los compresores de las neveras? \u00bfInstalamos variadores de frecuencia que nos permitan ahorrar consumo? Las medidas a ejecutar pueden ser muy variadas y depender\u00e1n fundamentalmente de la tipolog\u00eda de cliente y de sus procesos, no obstante es muy necesario, imprescindible, tratar de reducir el consumo del cliente para ajustar a la perfecci\u00f3n el tama\u00f1o del nuevo sistema solar, y evitar los fat\u00eddicos excedentes!!\"\n            }\n        },\n        {\n            \"@type\": \"Question\",\n            \"name\": \"Optimiza contrataci\u00f3n el\u00e9ctrica\",\n            \"acceptedAnswer\": {\n                \"@type\": \"Answer\",\n                \"text\": \"En tercer lugar, y una vez reducido el consumo, trataremos de mejorar al m\u00e1ximo el precio que paga nuestro cliente por cada kWh que todav\u00eda tendr\u00e1 que comprar a la compa\u00f1\u00eda el\u00e9ctrica de turno, en otras palabras deberemos optimizar \u00a0su contrataci\u00f3n el\u00e9ctrica o de gas con su comercializador.... \u00bf est\u00e1 correctamente contratada la potencia el\u00e9ctrica de nuestro cliente? \u00bf Y la tarifa? \u00bf Discriminaci\u00f3n horaria o precio fijo? \u00bfExiste alg\u00fan otro comercializador que ofrezca mejores condiciones? Ser\u00e1 porque la factura el\u00e9ctrica es incomprensible para la mayor\u00eda de los mortales, pero bien os aseguro que la mayor\u00eda de las veces que analizo el caso de un cliente, aparecen ahorros significativos vinculados a una mejorable contrataci\u00f3n energ\u00e9tica.\"\n            }\n        },\n        {\n            \"@type\": \"Question\",\n            \"name\": \"Eficiencia energ\u00e9tica solar con sistema de autoconsumo solar\",\n            \"acceptedAnswer\": {\n                \"@type\": \"Answer\",\n                \"text\": \"Y ser\u00e1 cuando hayamos conseguido reducir \u00a0lo m\u00e1ximo posible el consumo de nuestro cliente, y \u00a0mejorado el precio que paga por su energ\u00eda, cuando llegar\u00e1 el momento m\u00e1gico de plantear con conocimiento de causa el porqu\u00e9 instalar un sistema de autoconsumo solar que permita generar parte de la energ\u00eda necesaria para cubrir el consumo que no hemos podido reducir....\u00bfl\u00f3gico no? E incluso llegados a este punto, deberemos aportar un plus adicional a nuestro cliente....\u00bfinstalamos la potencia m\u00ednima necesaria y punto? O quiz\u00e1s \u00bf nos planteamos si conviene m\u00e1s desplazar ciertos consumos a las horas de m\u00e1xima irradiaci\u00f3n para cubrirlos con energ\u00eda solar? \u00bfQu\u00e9 hacemos con los excedentes que se puedan producir? \u00bfLos vendemos a la compa\u00f1\u00eda el\u00e9ctrica o instalamos alg\u00fan dispositivo que nos permita, por ejemplo, calentar agua caliente sanitaria y almacenar de este modo energ\u00eda t\u00e9rmica? O mejor a\u00fan, \u00bfpor qu\u00e9 no actuamos sobre las neveras cuando haya excedentes para que produzcan m\u00e1s fr\u00edo y ahorramos energ\u00eda en horas de menor irradiaci\u00f3n? Estos son s\u00f3lo algunas de las ideas que podemos plantear en funci\u00f3n de cada casu\u00edstica, y que nos dan una peque\u00f1a idea del sin fin de posibilidades que puede ofrecer un proyecto de esta \u00edndole.Resumiendo, y tal como os he comentado anteriormente, a partir de ahora no se tratar\u00e1 tan s\u00f3lo ligarnos a la m\u00e1s guapa del baile, sino de ser caballeros y plantearnos honestamente que podemos hacer por ella y si somos merecedores de su amor ..... y ello conllevar\u00e1 grandes dosis de honestidad y capacitaci\u00f3n, todo un reto para los profesionales del sector.Estoy convencido que un mundo lleno de oportunidades se abre para los profesionales del sector, los primeros equipos de gesti\u00f3n inteligente ya han llegado al mercado, fabricantes de inversores como SMA, Ingeteam o Fronius est\u00e1n trabajando para encajar sus productos dentro de este nuevo paradigma y sus primeras propuestas presentadas son m\u00e1s que interesantes.... sin olvidar a Circutor, empresa a la que voy a dedicar pr\u00f3ximamente un art\u00edculo entero para hablar de su EDS, un producto brillante que nos va a permitir \u00a0gestionar de manera inteligente varias cargas en funci\u00f3n de la producci\u00f3n instant\u00e1nea de nuestro sistema solar... una pasada!!!Lo dejo aqu\u00ed.... me voy pitando para M\u00fanich, donde desde ma\u00f1ana tiene lugar Intersolar, la feria europea m\u00e1s importante del sector solar, la semana que viene os cuento que he\/hemos visto y de qu\u00e9 se habla.C\u00f3mo siempre est\u00e1is invitados a participar con vuestros comentarios.... si a veces no respondo, ruego me disculp\u00e9is... pero mis horas empiezan a ser finitas, lo siento.Hasta la semana que viene. Un abrazo!!!\"\n            }\n        }\n    ]\n}<\/script><\/p>\n\n\n<div class=\"kk-star-ratings kksr-auto kksr-align-left kksr-valign-bottom\"\n    data-payload='{&quot;align&quot;:&quot;left&quot;,&quot;id&quot;:&quot;3372&quot;,&quot;slug&quot;:&quot;default&quot;,&quot;valign&quot;:&quot;bottom&quot;,&quot;ignore&quot;:&quot;&quot;,&quot;reference&quot;:&quot;auto&quot;,&quot;class&quot;:&quot;&quot;,&quot;count&quot;:&quot;0&quot;,&quot;legendonly&quot;:&quot;&quot;,&quot;readonly&quot;:&quot;&quot;,&quot;score&quot;:&quot;0&quot;,&quot;starsonly&quot;:&quot;&quot;,&quot;best&quot;:&quot;5&quot;,&quot;gap&quot;:&quot;5&quot;,&quot;greet&quot;:&quot;Valora este post&quot;,&quot;legend&quot;:&quot;0\\\/5 - (0 votos)&quot;,&quot;size&quot;:&quot;24&quot;,&quot;title&quot;:&quot;Eficiencia Energ\u00e9tica Solar: El nuevo paradigma&quot;,&quot;width&quot;:&quot;0&quot;,&quot;_legend&quot;:&quot;{score}\\\/{best} - ({count} {votes})&quot;,&quot;font_factor&quot;:&quot;1.25&quot;}'>\n            \n<div class=\"kksr-stars\">\n    \n<div class=\"kksr-stars-inactive\">\n            <div class=\"kksr-star\" data-star=\"1\" style=\"padding-right: 5px\">\n            \n\n<div class=\"kksr-icon\" style=\"width: 24px; height: 24px;\"><\/div>\n        <\/div>\n            <div class=\"kksr-star\" data-star=\"2\" style=\"padding-right: 5px\">\n            \n\n<div class=\"kksr-icon\" style=\"width: 24px; height: 24px;\"><\/div>\n        <\/div>\n            <div class=\"kksr-star\" data-star=\"3\" style=\"padding-right: 5px\">\n            \n\n<div class=\"kksr-icon\" style=\"width: 24px; height: 24px;\"><\/div>\n        <\/div>\n            <div class=\"kksr-star\" data-star=\"4\" style=\"padding-right: 5px\">\n            \n\n<div class=\"kksr-icon\" style=\"width: 24px; height: 24px;\"><\/div>\n        <\/div>\n            <div class=\"kksr-star\" data-star=\"5\" style=\"padding-right: 5px\">\n            \n\n<div class=\"kksr-icon\" style=\"width: 24px; height: 24px;\"><\/div>\n        <\/div>\n    <\/div>\n    \n<div class=\"kksr-stars-active\" style=\"width: 0px;\">\n            <div class=\"kksr-star\" style=\"padding-right: 5px\">\n            \n\n<div class=\"kksr-icon\" style=\"width: 24px; height: 24px;\"><\/div>\n        <\/div>\n            <div class=\"kksr-star\" style=\"padding-right: 5px\">\n            \n\n<div class=\"kksr-icon\" style=\"width: 24px; height: 24px;\"><\/div>\n        <\/div>\n            <div class=\"kksr-star\" style=\"padding-right: 5px\">\n            \n\n<div class=\"kksr-icon\" style=\"width: 24px; height: 24px;\"><\/div>\n        <\/div>\n            <div class=\"kksr-star\" style=\"padding-right: 5px\">\n            \n\n<div class=\"kksr-icon\" style=\"width: 24px; height: 24px;\"><\/div>\n        <\/div>\n            <div class=\"kksr-star\" style=\"padding-right: 5px\">\n            \n\n<div class=\"kksr-icon\" style=\"width: 24px; height: 24px;\"><\/div>\n        <\/div>\n    <\/div>\n<\/div>\n                \n\n<div class=\"kksr-legend\" style=\"font-size: 19.2px;\">\n            <span class=\"kksr-muted\">Valora este post<\/span>\n    <\/div>\n    <\/div>\n","protected":false},"excerpt":{"rendered":"<p>Si algo hemos aprendido durante la corta vida del autoconsumo solar es que con su llegada hemos pasado de un escenario en el que se trataba de maximizar la superf\u00edcie ocupada por m\u00f3dulos solares en aras de alcanzar la mayor producci\u00f3n posible, sin\u00f3nimo de rentabilidad, a un escenario en el que debemos ajustar la potencia &hellip; <a href=\"https:\/\/solartradex.com\/blog\/eficiencia-energetica-el-nuevo-paradigma-de-la-energia-solar\/\" class=\"more-link\">Seguir leyendo <span class=\"screen-reader-text\">Eficiencia Energ\u00e9tica Solar: El nuevo paradigma<\/span> <span class=\"meta-nav\">&rarr;<\/span><\/a><\/p>\n","protected":false},"author":2,"featured_media":3384,"comment_status":"open","ping_status":"closed","sticky":false,"template":"","format":"standard","meta":{"inline_featured_image":false,"_mbp_gutenberg_autopost":false,"footnotes":""},"categories":[99],"tags":[],"class_list":["post-3372","post","type-post","status-publish","format-standard","has-post-thumbnail","hentry","category-eficiencia-energetica"],"fimg_url":"https:\/\/solartradex.com\/blog\/wp-content\/uploads\/2013\/06\/Fotolia_39110201_XS.jpg","post_mailing_queue_ids":[],"_links":{"self":[{"href":"https:\/\/solartradex.com\/blog\/wp-json\/wp\/v2\/posts\/3372","targetHints":{"allow":["GET"]}}],"collection":[{"href":"https:\/\/solartradex.com\/blog\/wp-json\/wp\/v2\/posts"}],"about":[{"href":"https:\/\/solartradex.com\/blog\/wp-json\/wp\/v2\/types\/post"}],"author":[{"embeddable":true,"href":"https:\/\/solartradex.com\/blog\/wp-json\/wp\/v2\/users\/2"}],"replies":[{"embeddable":true,"href":"https:\/\/solartradex.com\/blog\/wp-json\/wp\/v2\/comments?post=3372"}],"version-history":[{"count":2,"href":"https:\/\/solartradex.com\/blog\/wp-json\/wp\/v2\/posts\/3372\/revisions"}],"predecessor-version":[{"id":9316,"href":"https:\/\/solartradex.com\/blog\/wp-json\/wp\/v2\/posts\/3372\/revisions\/9316"}],"wp:featuredmedia":[{"embeddable":true,"href":"https:\/\/solartradex.com\/blog\/wp-json\/wp\/v2\/media\/3384"}],"wp:attachment":[{"href":"https:\/\/solartradex.com\/blog\/wp-json\/wp\/v2\/media?parent=3372"}],"wp:term":[{"taxonomy":"category","embeddable":true,"href":"https:\/\/solartradex.com\/blog\/wp-json\/wp\/v2\/categories?post=3372"},{"taxonomy":"post_tag","embeddable":true,"href":"https:\/\/solartradex.com\/blog\/wp-json\/wp\/v2\/tags?post=3372"}],"curies":[{"name":"wp","href":"https:\/\/api.w.org\/{rel}","templated":true}]}}