{"id":3879,"date":"2013-10-16T08:16:40","date_gmt":"2013-10-16T06:16:40","guid":{"rendered":"http:\/\/solartradex.com\/blog\/?p=3879"},"modified":"2023-06-19T22:13:08","modified_gmt":"2023-06-19T20:13:08","slug":"el-espiritu-de-schonau-o-como-romper-un-oligopolio","status":"publish","type":"post","link":"https:\/\/solartradex.com\/blog\/el-espiritu-de-schonau-o-como-romper-un-oligopolio\/","title":{"rendered":"El esp\u00edritu de Sch\u00f6nau o c\u00f3mo romper un oligopolio."},"content":{"rendered":"<p>Hace un par de semanas os habl\u00e9 de la <span style=\"text-decoration: underline;\"><span style=\"color: #800080;\"><span style=\"color: #800080; text-decoration: underline;\">Escuela de Septiembre<\/span><\/span><\/span> que organiz\u00f3 <span style=\"text-decoration: underline;\"><span style=\"color: #800080;\"><a title=\"Som Energia\" href=\"https:\/\/www.somenergia.coop\/es\/\" target=\"_blank\" rel=\"noopener\"><span style=\"color: #800080; text-decoration: underline;\">Som Energia<\/span><\/a><\/span><\/span> en Tiana ( Barcelona), y en la que nos reunimos m\u00e1s de 300 socios de la cooperativa ( hoy ya somos 10.332 socios) para aprender, debatir y reflexionar acerca de la complicada situaci\u00f3n energ\u00e9tica estamos viviendo, del modelo energ\u00e9tico sostenible al que aspiramos y lo que es m\u00e1s importante, qu\u00e9 podemos hacer para alcanzarlo.<\/p>\n<p>Entre las m\u00faltiples actividades, talleres y conferencias que se organizaron, hubo una que nos lleg\u00f3 al fondo del coraz\u00f3n&#8230;. la proyecci\u00f3n del film\u00a0<strong>\u00abEl esp\u00edritu de Sch\u00f6nau\u00bb<\/strong>; un excelente documental acerca de los acontecido durante la \u00faltima d\u00e9cada del siglo pasado en este bello municipio de Baviera, donde a\u00a0ra\u00edz del <span style=\"text-decoration: underline;\"><span style=\"color: #800080;\"><a title=\"Accidente nuclear Chernobyl\" href=\"https:\/\/www.terra.org\/categorias\/articulos\/desastre-de-chernobyl-y-la-desinformacion-27-anos-despues\" target=\"_blank\" rel=\"noopener\"><span style=\"color: #800080; text-decoration: underline;\">accidente en la central nuclear de Chernobyl<\/span><\/a><\/span><\/span>, \u00a0se organiz\u00f3 un movimiento c\u00edvico ciudadano para poner fin al suministro de energ\u00eda de origen nuclear y que finalmente termin\u00f3 con la construcci\u00f3n de un nuevo modelo energ\u00e9tico basado en la participaci\u00f3n ciudadana y las energ\u00edas renovables.<\/p>\n<p style=\"text-align: center;\"><img fetchpriority=\"high\" decoding=\"async\" class=\"size-full wp-image-3887 aligncenter\" src=\"https:\/\/solartradex.com\/blog\/wp-content\/uploads\/2013\/10\/Fotolia_53506749_XS.jpg\" alt=\"Esp\u00edritu de Sch\u00f6nau SolarTradex\" width=\"427\" height=\"281\" title=\"\" srcset=\"https:\/\/solartradex.com\/blog\/wp-content\/uploads\/2013\/10\/Fotolia_53506749_XS.jpg 427w, https:\/\/solartradex.com\/blog\/wp-content\/uploads\/2013\/10\/Fotolia_53506749_XS-300x197.jpg 300w, https:\/\/solartradex.com\/blog\/wp-content\/uploads\/2013\/10\/Fotolia_53506749_XS-260x171.jpg 260w, https:\/\/solartradex.com\/blog\/wp-content\/uploads\/2013\/10\/Fotolia_53506749_XS-160x105.jpg 160w, https:\/\/solartradex.com\/blog\/wp-content\/uploads\/2013\/10\/Fotolia_53506749_XS-180x118.jpg 180w, https:\/\/solartradex.com\/blog\/wp-content\/uploads\/2013\/10\/Fotolia_53506749_XS-36x23.jpg 36w, https:\/\/solartradex.com\/blog\/wp-content\/uploads\/2013\/10\/Fotolia_53506749_XS-135x88.jpg 135w, https:\/\/solartradex.com\/blog\/wp-content\/uploads\/2013\/10\/Fotolia_53506749_XS-150x98.jpg 150w, https:\/\/solartradex.com\/blog\/wp-content\/uploads\/2013\/10\/Fotolia_53506749_XS-32x21.jpg 32w\" sizes=\"(max-width: 427px) 100vw, 427px\" \/><\/p>\n<p><!--more-->Una lucha de varios a\u00f1os, \u00a0en la que los ciudadanos de Sch\u00f6nau demostraron que con valores, tes\u00f3n y mucha ilusi\u00f3n era posible romper con el oligopolio que les hab\u00eda estado suministrando la electricidad hist\u00f3ricamente y que incluso les llev\u00f3 a recomprar la red de distribuci\u00f3n el\u00e9ctrica y a hacerse cargo del suministro integro de electricidad en todo el municipio.<\/p>\n<p>Hoy Sch\u00f6nau es un pueblo energ\u00e9ticamente libre, democr\u00e1tico, limpio y sobretodo en el que sus ciudadanos encuentran sentido y se enorgullecen de su lucha pac\u00edfica contra el oligopolio el\u00e9ctrico&#8230;.<\/p>\n<p>\u00bfhay alguien en esta sala ( o incluso en la de al lado) al que no le gustar\u00eda tener un nuevo sistema energ\u00e9tico basado en las energ\u00edas renovables?<\/p>\n<p>\u00bfos imagin\u00e1is trasladar esta lucha a Espa\u00f1a?<\/p>\n<p>\u00bf por qu\u00e9 no empezar a cambiar el modelo energ\u00e9tico actual dando la espalda a las empresas de UNESA que tan s\u00f3lo buscan perpetuar su propio modelo energ\u00e9tico basado en maximizar los beneficios empresariales a costa abortar cualquier m\u00ednima expresi\u00f3n de libertad como puede ser el autoconsumo solar?<\/p>\n<p>Hoy lo vamos a dejar en este punto, no sin antes insistir de nuevo que dediqu\u00e9is 1 hora de vuestro tiempo a disfrutar de este maravilloso documental, un aut\u00e9ntico ba\u00f1o de energ\u00eda positiva&#8230;.. vale mucho la pena!!! Y da mucho qu\u00e9 pensar&#8230;.<\/p>\n<p>PD: quiero agradecer a <span style=\"text-decoration: underline;\"><span style=\"color: #800080; text-decoration: underline;\"><a title=\"Ero Lugilde\" href=\"https:\/\/twitter.com\/EritoPower\" target=\"_blank\" rel=\"noopener\"><span style=\"color: #800080; text-decoration: underline;\">Ero Lugilde<\/span><\/a> <\/span><\/span>el grupo local de Som Energia Baix Montseny que se haya encargado de la subtitulaci\u00f3n de este documental y de ponerlo a disposici\u00f3n de todos. Mil Gracias!!!<\/p>\n<p><iframe title=\"Documental &quot;L&#039;esperit de Sch\u00f6nau&quot; (Subt)\" width=\"604\" height=\"340\" src=\"https:\/\/www.youtube.com\/embed\/BGAW_SwYkTw?list=UUhCLhAxyX5QYpigsbFjPPDg\" frameborder=\"0\" allow=\"accelerometer; autoplay; clipboard-write; encrypted-media; gyroscope; picture-in-picture; web-share\" referrerpolicy=\"strict-origin-when-cross-origin\" allowfullscreen><\/iframe><\/p>\n\n\n<div class=\"kk-star-ratings kksr-auto kksr-align-left kksr-valign-bottom\"\n    data-payload='{&quot;align&quot;:&quot;left&quot;,&quot;id&quot;:&quot;3879&quot;,&quot;slug&quot;:&quot;default&quot;,&quot;valign&quot;:&quot;bottom&quot;,&quot;ignore&quot;:&quot;&quot;,&quot;reference&quot;:&quot;auto&quot;,&quot;class&quot;:&quot;&quot;,&quot;count&quot;:&quot;0&quot;,&quot;legendonly&quot;:&quot;&quot;,&quot;readonly&quot;:&quot;&quot;,&quot;score&quot;:&quot;0&quot;,&quot;starsonly&quot;:&quot;&quot;,&quot;best&quot;:&quot;5&quot;,&quot;gap&quot;:&quot;5&quot;,&quot;greet&quot;:&quot;Valora este post&quot;,&quot;legend&quot;:&quot;0\\\/5 - (0 votos)&quot;,&quot;size&quot;:&quot;24&quot;,&quot;title&quot;:&quot;El esp\u00edritu de Sch\u00f6nau o c\u00f3mo romper un oligopolio.&quot;,&quot;width&quot;:&quot;0&quot;,&quot;_legend&quot;:&quot;{score}\\\/{best} - ({count} {votes})&quot;,&quot;font_factor&quot;:&quot;1.25&quot;}'>\n            \n<div class=\"kksr-stars\">\n    \n<div class=\"kksr-stars-inactive\">\n            <div class=\"kksr-star\" data-star=\"1\" style=\"padding-right: 5px\">\n            \n\n<div class=\"kksr-icon\" style=\"width: 24px; height: 24px;\"><\/div>\n        <\/div>\n            <div class=\"kksr-star\" data-star=\"2\" style=\"padding-right: 5px\">\n            \n\n<div class=\"kksr-icon\" style=\"width: 24px; height: 24px;\"><\/div>\n        <\/div>\n            <div class=\"kksr-star\" data-star=\"3\" style=\"padding-right: 5px\">\n            \n\n<div class=\"kksr-icon\" style=\"width: 24px; height: 24px;\"><\/div>\n        <\/div>\n            <div class=\"kksr-star\" data-star=\"4\" style=\"padding-right: 5px\">\n            \n\n<div class=\"kksr-icon\" style=\"width: 24px; height: 24px;\"><\/div>\n        <\/div>\n            <div class=\"kksr-star\" data-star=\"5\" style=\"padding-right: 5px\">\n            \n\n<div class=\"kksr-icon\" style=\"width: 24px; height: 24px;\"><\/div>\n        <\/div>\n    <\/div>\n    \n<div class=\"kksr-stars-active\" style=\"width: 0px;\">\n            <div class=\"kksr-star\" style=\"padding-right: 5px\">\n            \n\n<div class=\"kksr-icon\" style=\"width: 24px; height: 24px;\"><\/div>\n        <\/div>\n            <div class=\"kksr-star\" style=\"padding-right: 5px\">\n            \n\n<div class=\"kksr-icon\" style=\"width: 24px; height: 24px;\"><\/div>\n        <\/div>\n            <div class=\"kksr-star\" style=\"padding-right: 5px\">\n            \n\n<div class=\"kksr-icon\" style=\"width: 24px; height: 24px;\"><\/div>\n        <\/div>\n            <div class=\"kksr-star\" style=\"padding-right: 5px\">\n            \n\n<div class=\"kksr-icon\" style=\"width: 24px; height: 24px;\"><\/div>\n        <\/div>\n            <div class=\"kksr-star\" style=\"padding-right: 5px\">\n            \n\n<div class=\"kksr-icon\" style=\"width: 24px; height: 24px;\"><\/div>\n        <\/div>\n    <\/div>\n<\/div>\n                \n\n<div class=\"kksr-legend\" style=\"font-size: 19.2px;\">\n            <span class=\"kksr-muted\">Valora este post<\/span>\n    <\/div>\n    <\/div>\n","protected":false},"excerpt":{"rendered":"<p>Hace un par de semanas os habl\u00e9 de la Escuela de Septiembre que organiz\u00f3 Som Energia en Tiana ( Barcelona), y en la que nos reunimos m\u00e1s de 300 socios de la cooperativa ( hoy ya somos 10.332 socios) para aprender, debatir y reflexionar acerca de la complicada situaci\u00f3n energ\u00e9tica estamos viviendo, del modelo energ\u00e9tico &hellip; <a href=\"https:\/\/solartradex.com\/blog\/el-espiritu-de-schonau-o-como-romper-un-oligopolio\/\" class=\"more-link\">Seguir leyendo <span class=\"screen-reader-text\">El esp\u00edritu de Sch\u00f6nau o c\u00f3mo romper un oligopolio.<\/span> <span class=\"meta-nav\">&rarr;<\/span><\/a><\/p>\n","protected":false},"author":2,"featured_media":0,"comment_status":"open","ping_status":"closed","sticky":false,"template":"","format":"standard","meta":{"inline_featured_image":false,"_mbp_gutenberg_autopost":false,"footnotes":""},"categories":[],"tags":[],"class_list":["post-3879","post","type-post","status-publish","format-standard","hentry"],"fimg_url":false,"post_mailing_queue_ids":[],"_links":{"self":[{"href":"https:\/\/solartradex.com\/blog\/wp-json\/wp\/v2\/posts\/3879","targetHints":{"allow":["GET"]}}],"collection":[{"href":"https:\/\/solartradex.com\/blog\/wp-json\/wp\/v2\/posts"}],"about":[{"href":"https:\/\/solartradex.com\/blog\/wp-json\/wp\/v2\/types\/post"}],"author":[{"embeddable":true,"href":"https:\/\/solartradex.com\/blog\/wp-json\/wp\/v2\/users\/2"}],"replies":[{"embeddable":true,"href":"https:\/\/solartradex.com\/blog\/wp-json\/wp\/v2\/comments?post=3879"}],"version-history":[{"count":2,"href":"https:\/\/solartradex.com\/blog\/wp-json\/wp\/v2\/posts\/3879\/revisions"}],"predecessor-version":[{"id":7312,"href":"https:\/\/solartradex.com\/blog\/wp-json\/wp\/v2\/posts\/3879\/revisions\/7312"}],"wp:attachment":[{"href":"https:\/\/solartradex.com\/blog\/wp-json\/wp\/v2\/media?parent=3879"}],"wp:term":[{"taxonomy":"category","embeddable":true,"href":"https:\/\/solartradex.com\/blog\/wp-json\/wp\/v2\/categories?post=3879"},{"taxonomy":"post_tag","embeddable":true,"href":"https:\/\/solartradex.com\/blog\/wp-json\/wp\/v2\/tags?post=3879"}],"curies":[{"name":"wp","href":"https:\/\/api.w.org\/{rel}","templated":true}]}}