{"id":3900,"date":"2013-10-30T08:19:13","date_gmt":"2013-10-30T07:19:13","guid":{"rendered":"http:\/\/solartradex.com\/blog\/?p=3900"},"modified":"2023-06-19T22:13:08","modified_gmt":"2023-06-19T20:13:08","slug":"por-que-el-peaje-de-respaldo-es-improcedente-y-discriminatorio","status":"publish","type":"post","link":"https:\/\/solartradex.com\/blog\/por-que-el-peaje-de-respaldo-es-improcedente-y-discriminatorio\/","title":{"rendered":"\u00bfPor qu\u00e9 el peaje de respaldo es improcedente y discriminatorio?"},"content":{"rendered":"<p>Ma\u00f1ana jueves 31 de octubre tiene lugar en el pleno del Congreso de los Diputados el debate de las enmiendas correspondientes al <span style=\"text-decoration: underline;\"><span style=\"color: #800080;\"><a title=\"Proyecto de Ley del Sector El\u00e9ctrico\" href=\"https:\/\/www.congreso.es\/public_oficiales\/L10\/CONG\/BOCG\/A\/BOCG-10-A-65-1.PDF#page=1\" target=\"_blank\" rel=\"noopener\"><span style=\"color: #800080; text-decoration: underline;\">Proyecto de Ley del Sector El\u00e9ctrico<\/span><\/a><\/span><\/span>; futura ley que debe ordenar el mercado el\u00e9ctrico espa\u00f1ol y que el Ministerio de Industria, Energ\u00eda y Turismo ha presentado como la soluci\u00f3n m\u00e1gica y definitiva al popular ( y nunca mejor dicho, no en vano fue Rodrigo Rato quien acu\u00f1\u00f3 este t\u00e9rmino en el a\u00f1o 2002) d\u00e9ficit tarifario&#8230;. ojal\u00e1 fuese este el problema definitivo y final, aunque mucho me temo que poner el foco ah\u00ed, tan s\u00f3lo se trata de una soluci\u00f3n cortoplacista que no resolver\u00e1, ni por asomo, los problemas reales del sector, &nbsp;entre los que destacan, el ineficiente sistema de casaci\u00f3n de precios del mercado de generaci\u00f3n y la falta de transparencia y objetividad en la asignaci\u00f3n de los costes regulados en la actividad de distribuci\u00f3n, dos mecanismos que tienen mucho que ver con el tan denostado d\u00e9ficit de tarifa.<\/p>\n<p>No obstante, el art\u00edculo de hoy no lo dedicar\u00e9 a la resoluci\u00f3n de la misteriosa cuesti\u00f3n del d\u00e9ficit, sino al tema del autoconsumo y muy especialmente a discutir sobre la procedencia o no, del tambi\u00e9n popular ( que mala pata que tenemos con estos inventos tan populares!!!) peaje de respaldo que ha propuesto el Sr. Soria, y que deber\u00e1 discutirse ma\u00f1ana como una parte significativa del articulado del Proyecto de Ley&#8230; &nbsp;y si hay alg\u00fan diputado en esta sala, le ruego que tome en consideraci\u00f3n mis comentarios.<\/p>\n<p style=\"text-align: center;\"><img fetchpriority=\"high\" decoding=\"async\" class=\"aligncenter size-full wp-image-3924\" alt=\"peaje de respaldo SolarTradex\" src=\"https:\/\/solartradex.com\/blog\/wp-content\/uploads\/2013\/10\/Fotolia_53077549_XS.jpg\" width=\"425\" height=\"283\" title=\"\" srcset=\"https:\/\/solartradex.com\/blog\/wp-content\/uploads\/2013\/10\/Fotolia_53077549_XS.jpg 425w, https:\/\/solartradex.com\/blog\/wp-content\/uploads\/2013\/10\/Fotolia_53077549_XS-300x199.jpg 300w, https:\/\/solartradex.com\/blog\/wp-content\/uploads\/2013\/10\/Fotolia_53077549_XS-260x173.jpg 260w, https:\/\/solartradex.com\/blog\/wp-content\/uploads\/2013\/10\/Fotolia_53077549_XS-160x106.jpg 160w, https:\/\/solartradex.com\/blog\/wp-content\/uploads\/2013\/10\/Fotolia_53077549_XS-180x119.jpg 180w, https:\/\/solartradex.com\/blog\/wp-content\/uploads\/2013\/10\/Fotolia_53077549_XS-36x23.jpg 36w, https:\/\/solartradex.com\/blog\/wp-content\/uploads\/2013\/10\/Fotolia_53077549_XS-135x89.jpg 135w, https:\/\/solartradex.com\/blog\/wp-content\/uploads\/2013\/10\/Fotolia_53077549_XS-150x99.jpg 150w, https:\/\/solartradex.com\/blog\/wp-content\/uploads\/2013\/10\/Fotolia_53077549_XS-32x21.jpg 32w\" sizes=\"(max-width: 425px) 100vw, 425px\" \/><\/a><\/p>\n<p><!--more-->Y es que precisamente en el art\u00edculo 9, punto 3, dedicado al autoconsumo, es donde &nbsp;se puede vislumbrar la voluntad del ministerio de introducir este peaje de respaldo:<\/p>\n<p>\u00ab<em>3. Todos los consumidores sujetos a cualquier modalidad de autoconsumo tendr\u00e1n la obligaci\u00f3n de contribuir a los costes y servicios del sistema <span style=\"text-decoration: underline;\">por la energ\u00eda autoconsumida<\/span>, cuando la instalaci\u00f3n de generaci\u00f3n o de consumo est\u00e9 conectada total o parcialmente al sistema el\u00e9ctrico.<\/em><\/p>\n<p><em>Para ello estar\u00e1n obligados a pagar los <span style=\"text-decoration: underline;\">mismos peajes<\/span> de acceso a las redes, cargos asociados a los costes del sistema y costes para la provisi\u00f3n de los servicios de respaldo del sistema q<span style=\"text-decoration: underline;\">ue correspondan a un consumidor no sujeto a ninguna de las modalidades de autoconsumo<\/span> descritas en el apartado anterior.\u00bb<\/em><\/p>\n<p>He querido transcribir textualmente el texto propuesto, porque tras leerlo repetidas veces, interpreto ciertas inconsistencias o incongruencias en su redactado&#8230;.. por un lado nos hablan de contribuir a los costes y servicios del sistema por la energ\u00eda autoconsumida, esto es, por la energ\u00eda generada y consumida instant\u00e1neamente sin que ning\u00fan electr\u00f3n pise territorio ajeno, l\u00e9ase red de distribuci\u00f3n; pero en cambio, por otro lado se obliga a los autoconsumidores a pagar los mismos peajes y cargos que el resto de consumidores que no tienen ninguna instalaci\u00f3n de autoconsumo y que por lo tanto no pagan peaje de respaldo alguno, ergo&#8230;\u00bf deberemos pues pagar este peaje de respaldo?<\/p>\n<p>Imagino&nbsp;que ser\u00e1 por las prisas y la voluntad de cogernos desprevenidos y generar confusi\u00f3n, pero la verdad es que el redactado deja mucho, pero que mucho que desear&#8230; &nbsp;por favor rev\u00edsenlo y acl\u00e1rense con lo que quieren legislar, nos estamos jugando el pan de muchas familias.<\/p>\n<p>Por lo tanto deberemos estar muy atentos ma\u00f1ana jueves, a como se desarrolla este debate de las enmiendas al Proyecto de Ley, para conocer como quedar\u00e1 redactado el art\u00edculo en cuesti\u00f3n, y que podemos esperar del autoconsumo en los pr\u00f3ximos meses.<\/p>\n<p>Recordemos que &nbsp;en este sentido, tanto Grupo Socialista, UPyD, IU y CiU ya han anunciado enmiendas a la totalidad, e imagino que el resto de grupos van en camino.<\/p>\n<p>Confusiones sem\u00e1nticas, literarias y de &nbsp;transcripci\u00f3n al margen, lo que es p\u00fablico y notorio, porque el<span style=\"text-decoration: underline;\"><span style=\"color: #800080; text-decoration: underline;\"><a title=\"Carta abierta al Secretario de Estado de Energ\u00eda, Sr. Alberto Nadal.\" href=\"https:\/\/solartradex.com\/blog\/carta-abierta-al-secretario-de-estado-de-energia-sr-alberto-nadal\/\" target=\"_blank\" rel=\"noopener\"><span style=\"color: #800080; text-decoration: underline;\"> Sr. Alberto Nadal, Secretario de Estado de Energ\u00eda<\/span><\/a>,<\/span><\/span> as\u00ed lo ha venido argumentando en sus apariciones p\u00fablicas m\u00e1s recientes, es la voluntad del Gobierno de instaurar este peaje de respaldo; pero <strong>\u00bf es realmente procedente este peaje de respaldo? \u00bf qui\u00e9n debe pagar el respaldo al sistema?<\/strong><\/p>\n<p>No teng\u00e1is ninguna duda, el respaldo al sistema, y siempre ha sido as\u00ed, corresponde sufragarlo a los consumidores por la energ\u00eda consumida, nunca por la energ\u00eda ahorrada!!!<\/p>\n<p>De este modo los consumidores siempre han pagado el respaldo del sistema por si en alg\u00fan momento decidieran empezar a consumir m\u00e1s de lo habitual o dicho de otro modo, para&nbsp;cubrir las variabilidades en la demanda de consumo, y&nbsp; garantizar as\u00ed la disponibilidad de potencia que principalmente garantizan las centrales de gas que est\u00e1n disponibles para operar. <strong>\u00bf Y c\u00f3mo pagan los consumidores este peaje de respaldo?<\/strong><\/p>\n<p><strong>T\u00e9rmino de potencia en nuestro contrato de suministro.<\/strong><\/p>\n<p>El t\u00e9rmino fijo de contrataci\u00f3n reconoce el derecho de los consumidores a demandar en un momento determinado el total de potencia contratada. Consecuentemente los autoconsumidores seguir\u00e1n pagando el 100% de la potencia contratada como garant\u00eda para poder consumir, en caso de falta de sol, el total de la potencia contratada que les permita cubrir totalmente sus necesidades energ\u00e9ticas.<\/p>\n<p>Por otro lado no olvidemos tampoco que recientemente, mediante la publicaci\u00f3n de la <span style=\"text-decoration: underline;\"><span style=\"color: #800080;\"><a title=\"IET 1491\/2013\" href=\"https:\/\/www.boe.es\/buscar\/act.php?id=BOE-A-2013-8561\" target=\"_blank\" rel=\"noopener\"><span style=\"color: #800080; text-decoration: underline;\">IET1491\/2013<\/span><\/a><\/span><\/span>, tuvo lugar una importante modificaci\u00f3n en la estructura de las tarifas de acceso que llev\u00f3 a aumentar muy considerablemente el valor del t\u00e9rmino de potencia, precisamente con el argumento de que era necesario que \u00e9ste, cubriera la totalidad de los costes fijos del sistema el\u00e9ctrico&#8230;. por lo tanto el argumento de que si todo el mundo autoconsumiera no se cubrir\u00edan los costes fijos del sistema, carece de total fundamento.<\/p>\n<p><strong>Pagos por capacidad.<\/strong><\/p>\n<p>La<span style=\"text-decoration: underline;\"><span style=\"color: #800080;\"> <a title=\"ITC\/3127\/2011\" href=\"https:\/\/www.boe.es\/eli\/es\/o\/2011\/11\/17\/itc3127\" target=\"_blank\" rel=\"noopener\"><span style=\"color: #800080; text-decoration: underline;\">Orden ITC\/3127\/2011<\/span><\/a><\/span><\/span> regula el servicio de disponibilidad de potencia de los pagos por capacidad, y en concreto define textualmente \u00ab<em>el <b>servicio de disponibilidad <\/b>como la puesta a disposici\u00f3n del Operador del Sistema (OS) de toda o parte de la potencia de una serie de instalaciones de producci\u00f3n, en concreto, aquellas instalaciones t\u00e9rmicas de producci\u00f3n de energ\u00eda el\u00e9ctrica de r\u00e9gimen ordinario inscritas en la Secci\u00f3n Primera del Registro Administrativo de Instalaciones de Producci\u00f3n de Energ\u00eda El\u00e9ctrica, que pudieran no estar disponibles en los periodos de punta del sistema a falta de la retribuci\u00f3n por este concepto, al ser tecnolog\u00edas marginales del mercado diario, es decir, las centrales de fuel-oil, las centrales de ciclo combinado y las de carb\u00f3n, y tambi\u00e9n aquellas instalaciones hidr\u00e1ulicas de bombeo puro, bombeo mixto y embalse.\u00bb<\/em><\/p>\n<p>Pues bien, estos pagos por capacidad los asume el consumidor dentro del precio de la energ\u00eda que se negocia cada hora en el mercado de generaci\u00f3n, y en concreto para el a\u00f1o 2012, y seg\u00fan se muestra en el <span style=\"text-decoration: underline;\"><span style=\"color: #800080;\"><a title=\"OMIE\" href=\"https:\/\/www.omie.es\/es\/mercado-de-electricidad\" target=\"_blank\" rel=\"noopener\"><span style=\"color: #800080; text-decoration: underline;\">siguiente gr\u00e1fico de OMIE<\/span><\/a><\/span><\/span>, tuvieron un valor de 6,10 \u20ac\/MWh negociado en el mercado de generaci\u00f3n, o lo que es lo mismo, aproximadamente un 10% del total del precio del mercado diario.<\/p>\n<p style=\"text-align: left;\"><img decoding=\"async\" class=\" wp-image-3911 aligncenter\" alt=\"Pagos por capacidad SolarTradex\" src=\"https:\/\/solartradex.com\/blog\/wp-content\/uploads\/2013\/10\/Captura-de-pantalla-2013-10-30-a-las-00.08.14.png\" width=\"607\" height=\"224\" title=\"\" srcset=\"https:\/\/solartradex.com\/blog\/wp-content\/uploads\/2013\/10\/Captura-de-pantalla-2013-10-30-a-las-00.08.14.png 749w, https:\/\/solartradex.com\/blog\/wp-content\/uploads\/2013\/10\/Captura-de-pantalla-2013-10-30-a-las-00.08.14-300x110.png 300w, https:\/\/solartradex.com\/blog\/wp-content\/uploads\/2013\/10\/Captura-de-pantalla-2013-10-30-a-las-00.08.14-260x96.png 260w, https:\/\/solartradex.com\/blog\/wp-content\/uploads\/2013\/10\/Captura-de-pantalla-2013-10-30-a-las-00.08.14-160x59.png 160w, https:\/\/solartradex.com\/blog\/wp-content\/uploads\/2013\/10\/Captura-de-pantalla-2013-10-30-a-las-00.08.14-180x66.png 180w, https:\/\/solartradex.com\/blog\/wp-content\/uploads\/2013\/10\/Captura-de-pantalla-2013-10-30-a-las-00.08.14-36x13.png 36w, https:\/\/solartradex.com\/blog\/wp-content\/uploads\/2013\/10\/Captura-de-pantalla-2013-10-30-a-las-00.08.14-135x49.png 135w, https:\/\/solartradex.com\/blog\/wp-content\/uploads\/2013\/10\/Captura-de-pantalla-2013-10-30-a-las-00.08.14-150x55.png 150w, https:\/\/solartradex.com\/blog\/wp-content\/uploads\/2013\/10\/Captura-de-pantalla-2013-10-30-a-las-00.08.14-32x11.png 32w\" sizes=\"(max-width: 607px) 100vw, 607px\" \/><\/a><\/p>\n<p style=\"text-align: left;\">Por lo tanto, si son los consumidores los que siempre han pagado este concepto por la energ\u00eda consumida, \u00bfpor qu\u00e9 ahora se quiere cambiar las reglas del juego y penalizar a los autoconsumidores con el peaje de respaldo por la energ\u00eda ahorrada? \u00bfA caso pagan peaje de respaldo aquellos consumidores que reducen su demanda mediante la implantaci\u00f3n de medidas de eficiencia energ\u00e9tica? \u00bfNo es la energ\u00eda solar una buena medida de eficiencia energ\u00e9tica?<\/p>\n<p style=\"text-align: left;\">No es descabellado afirmar, que la aprobaci\u00f3n del peaje de respaldo, supondr\u00eda a nivel conceptual, que no cuantitativo, pagar por triplicado el respaldo al sistema, primero&nbsp;v\u00eda<strong> t\u00e9rmino de potencia, <\/strong>&nbsp;despu\u00e9s v\u00eda<strong> pagos por capacidad, <\/strong>y finalmente v\u00eda<strong> peaje de respaldo<\/strong>&#8230; casi nada \u00bfno?<\/p>\n<p style=\"text-align: left;\">Si tan preocupados estamos por el respaldo al sistema \u00bfpor qu\u00e9 no se acepta y legaliza la <strong>instalaci\u00f3n de bater\u00edas<\/strong> que permitan dar respaldo a las instalaciones solares cuando no haya suficiente producci\u00f3n solar? A no!!! Eso no puede ser&#8230; que aqu\u00ed las el\u00e9ctricas no ganar\u00edan nada.<\/p>\n<p style=\"text-align: left;\">\u00bfY por qu\u00e9 deben pagar peaje de respaldo las instalaciones de generaci\u00f3n mediante autoconsumo, y no las centrales de generaci\u00f3n convencional? \u00bfacaso no dejan de funcionar algunas veces? Es mucho m\u00e1s probable que se necesite el respaldo de otras centrales gas en el caso de que una central de producci\u00f3n de las que opera normalmente falle, que en el caso de que la falta de disponibilidad corresponda a una central de autoconsumo solar de tama\u00f1o mucho m\u00e1s reducido.<\/p>\n<p style=\"text-align: left;\">Mucho me temo pero, que analizada la cuesti\u00f3n, la pregunta correcta deber\u00eda ser, <strong>\u00bf es justificable que el autoconsumo tenga que retribuir a las centrales de gas construidas por empresas privadas al amparo de una mala planificaci\u00f3n y en un contexto de mercado de generaci\u00f3n liberalizado?<\/strong><\/p>\n<p style=\"text-align: left;\">Y es que los siguientes datos son delatadores&#8230; la potencia instalada en Espa\u00f1a a finales del 2012, alcanzaba seg\u00fan datos de REE, los 100.800 MW, de los que el 25% correspond\u00edan a centrales de ciclo combinado de gas. Observemos ahora la como se cubri\u00f3 la demanda en la hora de mayor consumo en todo el a\u00f1o 2012:<\/p>\n<p style=\"text-align: center;\"><img decoding=\"async\" class=\"size-full wp-image-3917 aligncenter\" alt=\"Cobertura de demanda SolarTradex\" src=\"https:\/\/solartradex.com\/blog\/wp-content\/uploads\/2013\/10\/Captura-de-pantalla-2013-10-30-a-las-00.31.56.png\" width=\"270\" height=\"253\" title=\"\" srcset=\"https:\/\/solartradex.com\/blog\/wp-content\/uploads\/2013\/10\/Captura-de-pantalla-2013-10-30-a-las-00.31.56.png 270w, https:\/\/solartradex.com\/blog\/wp-content\/uploads\/2013\/10\/Captura-de-pantalla-2013-10-30-a-las-00.31.56-260x243.png 260w, https:\/\/solartradex.com\/blog\/wp-content\/uploads\/2013\/10\/Captura-de-pantalla-2013-10-30-a-las-00.31.56-160x149.png 160w, https:\/\/solartradex.com\/blog\/wp-content\/uploads\/2013\/10\/Captura-de-pantalla-2013-10-30-a-las-00.31.56-180x168.png 180w, https:\/\/solartradex.com\/blog\/wp-content\/uploads\/2013\/10\/Captura-de-pantalla-2013-10-30-a-las-00.31.56-36x33.png 36w, https:\/\/solartradex.com\/blog\/wp-content\/uploads\/2013\/10\/Captura-de-pantalla-2013-10-30-a-las-00.31.56-135x126.png 135w, https:\/\/solartradex.com\/blog\/wp-content\/uploads\/2013\/10\/Captura-de-pantalla-2013-10-30-a-las-00.31.56-150x140.png 150w, https:\/\/solartradex.com\/blog\/wp-content\/uploads\/2013\/10\/Captura-de-pantalla-2013-10-30-a-las-00.31.56-32x29.png 32w\" sizes=\"(max-width: 270px) 100vw, 270px\" \/><\/a><\/p>\n<p style=\"text-align: left;\">Consecuentemente podemos observar, que en el momento de mayor demanda ( entre 43.000- 50.000 MW instant\u00e1neos aproximadamente), tan s\u00f3lo el 23% de esta fue cubierta con ciclos combinados, o dicho de otro modo, se quedaron fuera del programa horario aproximadamente unos 12.500 MW de ciclos combinados&#8230;.\u00bf a ver si el objetivo de final del peaje de respaldo ser\u00e1 compensar a los ciclos combinados por su mal atino a la hora de planificar sus inversiones?&#8230;. no creo, \u00bfno?, \u00bfo quiz\u00e1s si?<\/p>\n<p style=\"text-align: left;\">Es por todos estos motivos que podemos corroborar y suscribir el diagn\u00f3stico de la antigua Comisi\u00f3n Nacional de la Energ\u00eda, y de la Comisi\u00f3n Nacional de la Competencia, cuando en sus informes preceptivos conclu\u00edan, que el peaje de respaldo es <strong>improcedente<\/strong> por no corresponder los costes que quieren imput\u00e1rsele, y <strong>discriminatorio<\/strong> porque penaliza algunas formas de ahorro energ\u00e9tico frente a otras como bien podr\u00eda ser la sustituci\u00f3n de Led&#8217;s, discriminando entre distintas formas de ahorro energ\u00e9tico que pueden elegir &nbsp;los consumidores.<\/p>\n<p style=\"text-align: left;\">Lo dejamos aqu\u00ed, no sin antes insistir de nuevo en la importancia del debate de discusi\u00f3n de enmiendas que tendr\u00e1 lugar ma\u00f1ana jueves en el Congreso, no os lo perd\u00e1is!! Y &nbsp;principalmente del art\u00edculo 9 en el que nos estaremos jugando un parte muy importante del devenir del sector solar a lo largo de los pr\u00f3ximos meses. Que la luz nos acompa\u00f1e&#8230;<\/p>\n<p style=\"text-align: left;\">Y hoy como caso excepcional permitidme una addenda al art\u00edculo, quiero lamentar muy sinceramente y acompa\u00f1ar en el sentimiento a las familias de los 6 mineros muertos ayer en Pola de Gord\u00f3n ( Castilla y Le\u00f3n), me impact\u00f3 de sobremanera conocer las historias personales de cada uno de ellos, qu\u00e9 desgracia&#8230;<\/p>\n<p style=\"text-align: left;\">Por favor, que nadie me tache de ventajista, pero, se\u00f1ores del gobierno, \u00bfcuantas vidas humanas deberemos seguir poniendo en riesgo gracias a su apuesta por el carb\u00f3n nacional?, \u00bf qu\u00e9 sentido tiene seguir apoyando una fuente de energ\u00eda aut\u00f3ctona, pero cara, poco eficiente, contaminante y adem\u00e1s que pone en riesgo la calidad de vida e incluso, muchas veces la vida de&nbsp;miles de familias? \u00bf por qu\u00e9 no dedicamos los esfuerzos y el dinero dedicado a reconvertir un &nbsp;sector que si o si, deber\u00e1 desaparecer el a\u00f1o 2018 por mandato de la Uni\u00f3n Europea? Por favor, no perdamos la oportunidad y lideremos el cambio&#8230;. un futuro pr\u00f3spero y sostenible es posible para el sector del carb\u00f3n.<\/p>\n<p style=\"text-align: left;\">Hasta la semana que viene!!<\/p>\n\n\n<div class=\"kk-star-ratings kksr-auto kksr-align-left kksr-valign-bottom\"\n    data-payload='{&quot;align&quot;:&quot;left&quot;,&quot;id&quot;:&quot;3900&quot;,&quot;slug&quot;:&quot;default&quot;,&quot;valign&quot;:&quot;bottom&quot;,&quot;ignore&quot;:&quot;&quot;,&quot;reference&quot;:&quot;auto&quot;,&quot;class&quot;:&quot;&quot;,&quot;count&quot;:&quot;0&quot;,&quot;legendonly&quot;:&quot;&quot;,&quot;readonly&quot;:&quot;&quot;,&quot;score&quot;:&quot;0&quot;,&quot;starsonly&quot;:&quot;&quot;,&quot;best&quot;:&quot;5&quot;,&quot;gap&quot;:&quot;5&quot;,&quot;greet&quot;:&quot;Valora este post&quot;,&quot;legend&quot;:&quot;0\\\/5 - (0 votos)&quot;,&quot;size&quot;:&quot;24&quot;,&quot;title&quot;:&quot;\u00bfPor qu\u00e9 el peaje de respaldo es improcedente y discriminatorio?&quot;,&quot;width&quot;:&quot;0&quot;,&quot;_legend&quot;:&quot;{score}\\\/{best} - ({count} {votes})&quot;,&quot;font_factor&quot;:&quot;1.25&quot;}'>\n            \n<div class=\"kksr-stars\">\n    \n<div class=\"kksr-stars-inactive\">\n            <div class=\"kksr-star\" data-star=\"1\" style=\"padding-right: 5px\">\n            \n\n<div class=\"kksr-icon\" style=\"width: 24px; height: 24px;\"><\/div>\n        <\/div>\n            <div class=\"kksr-star\" data-star=\"2\" style=\"padding-right: 5px\">\n            \n\n<div class=\"kksr-icon\" style=\"width: 24px; height: 24px;\"><\/div>\n        <\/div>\n            <div class=\"kksr-star\" data-star=\"3\" style=\"padding-right: 5px\">\n            \n\n<div class=\"kksr-icon\" style=\"width: 24px; height: 24px;\"><\/div>\n        <\/div>\n            <div class=\"kksr-star\" data-star=\"4\" style=\"padding-right: 5px\">\n            \n\n<div class=\"kksr-icon\" style=\"width: 24px; height: 24px;\"><\/div>\n        <\/div>\n            <div class=\"kksr-star\" data-star=\"5\" style=\"padding-right: 5px\">\n            \n\n<div class=\"kksr-icon\" style=\"width: 24px; height: 24px;\"><\/div>\n        <\/div>\n    <\/div>\n    \n<div class=\"kksr-stars-active\" style=\"width: 0px;\">\n            <div class=\"kksr-star\" style=\"padding-right: 5px\">\n            \n\n<div class=\"kksr-icon\" style=\"width: 24px; height: 24px;\"><\/div>\n        <\/div>\n            <div class=\"kksr-star\" style=\"padding-right: 5px\">\n            \n\n<div class=\"kksr-icon\" style=\"width: 24px; height: 24px;\"><\/div>\n        <\/div>\n            <div class=\"kksr-star\" style=\"padding-right: 5px\">\n            \n\n<div class=\"kksr-icon\" style=\"width: 24px; height: 24px;\"><\/div>\n        <\/div>\n            <div class=\"kksr-star\" style=\"padding-right: 5px\">\n            \n\n<div class=\"kksr-icon\" style=\"width: 24px; height: 24px;\"><\/div>\n        <\/div>\n            <div class=\"kksr-star\" style=\"padding-right: 5px\">\n            \n\n<div class=\"kksr-icon\" style=\"width: 24px; height: 24px;\"><\/div>\n        <\/div>\n    <\/div>\n<\/div>\n                \n\n<div class=\"kksr-legend\" style=\"font-size: 19.2px;\">\n            <span class=\"kksr-muted\">Valora este post<\/span>\n    <\/div>\n    <\/div>\n","protected":false},"excerpt":{"rendered":"<p>Ma\u00f1ana jueves 31 de octubre tiene lugar en el pleno del Congreso de los Diputados el debate de las enmiendas correspondientes al Proyecto de Ley del Sector El\u00e9ctrico; futura ley que debe ordenar el mercado el\u00e9ctrico espa\u00f1ol y que el Ministerio de Industria, Energ\u00eda y Turismo ha presentado como la soluci\u00f3n m\u00e1gica y definitiva al &hellip; <a href=\"https:\/\/solartradex.com\/blog\/por-que-el-peaje-de-respaldo-es-improcedente-y-discriminatorio\/\" class=\"more-link\">Seguir leyendo <span class=\"screen-reader-text\">\u00bfPor qu\u00e9 el peaje de respaldo es improcedente y discriminatorio?<\/span> <span class=\"meta-nav\">&rarr;<\/span><\/a><\/p>\n","protected":false},"author":2,"featured_media":0,"comment_status":"open","ping_status":"closed","sticky":false,"template":"","format":"standard","meta":{"inline_featured_image":false,"_mbp_gutenberg_autopost":false,"footnotes":""},"categories":[17],"tags":[],"class_list":["post-3900","post","type-post","status-publish","format-standard","hentry","category-autoconsumo"],"fimg_url":false,"post_mailing_queue_ids":[],"_links":{"self":[{"href":"https:\/\/solartradex.com\/blog\/wp-json\/wp\/v2\/posts\/3900","targetHints":{"allow":["GET"]}}],"collection":[{"href":"https:\/\/solartradex.com\/blog\/wp-json\/wp\/v2\/posts"}],"about":[{"href":"https:\/\/solartradex.com\/blog\/wp-json\/wp\/v2\/types\/post"}],"author":[{"embeddable":true,"href":"https:\/\/solartradex.com\/blog\/wp-json\/wp\/v2\/users\/2"}],"replies":[{"embeddable":true,"href":"https:\/\/solartradex.com\/blog\/wp-json\/wp\/v2\/comments?post=3900"}],"version-history":[{"count":2,"href":"https:\/\/solartradex.com\/blog\/wp-json\/wp\/v2\/posts\/3900\/revisions"}],"predecessor-version":[{"id":7353,"href":"https:\/\/solartradex.com\/blog\/wp-json\/wp\/v2\/posts\/3900\/revisions\/7353"}],"wp:attachment":[{"href":"https:\/\/solartradex.com\/blog\/wp-json\/wp\/v2\/media?parent=3900"}],"wp:term":[{"taxonomy":"category","embeddable":true,"href":"https:\/\/solartradex.com\/blog\/wp-json\/wp\/v2\/categories?post=3900"},{"taxonomy":"post_tag","embeddable":true,"href":"https:\/\/solartradex.com\/blog\/wp-json\/wp\/v2\/tags?post=3900"}],"curies":[{"name":"wp","href":"https:\/\/api.w.org\/{rel}","templated":true}]}}