{"id":400,"date":"2012-08-11T23:24:14","date_gmt":"2012-08-11T21:24:14","guid":{"rendered":"http:\/\/solartradex.com\/blog\/?p=400"},"modified":"2023-06-19T22:13:16","modified_gmt":"2023-06-19T20:13:16","slug":"cualquier-noche-puede-salir-el-sol","status":"publish","type":"post","link":"https:\/\/solartradex.com\/blog\/cualquier-noche-puede-salir-el-sol\/","title":{"rendered":"Cualquier Noche puede Salir el Sol."},"content":{"rendered":"<p style=\"text-align: left;\">Cantaba el bueno de Jaume Sisa Qualsevol Nit pot Sortir el Sol ( Cualquier Noche puede Salir el Sol), era el a\u00f1o 1975 y poco se pod\u00eda imaginar el cantautor que &nbsp;37 a\u00f1os despu\u00e9s, esta dulce canci\u00f3n pudiera describir tan bien las esperanzas y los anhelos de todo un sector que ya perdi\u00f3 toda su magia y esplendor, y que al igual que los personajes fant\u00e1sticos de la canci\u00f3n vive de sus recuerdos y de esperar que vuelva a salir el sol.<\/p>\n<p style=\"text-align: left;\">Si se\u00f1ores, se hizo de noche en Espa\u00f1a, nos apagaron todas las luces y la noche se hizo eterna\u2026 pasamos de ser la vanguardia del sector solar en el ya lejano a\u00f1o 2008, a ser el s\u00edmbolo de la inseguridad jur\u00eddica y de c\u00f3mo cargarse un sector que trabaja para cambiar &nbsp;el modelo energ\u00e9tico de un pa\u00eds esclavo de las grandes compa\u00f1\u00edas energ\u00e9ticas d\u00edganse Iberdrola, Endesa, Gas Natural-Fenosa u otras.<\/p>\n<p style=\"text-align: center;\"><img fetchpriority=\"high\" decoding=\"async\" class=\"aligncenter wp-image-402\" title=\"Qualsevol nit pot sortir el sol  SolarTradex\" src=\"https:\/\/solartradex.com\/blog\/wp-content\/uploads\/2012\/08\/Qualsevol-nit-pot-sortir-el-sol-maig10.jpg\" alt=\"Qualsevol nit pot sortir el sol \" width=\"1600\" height=\"878\" srcset=\"https:\/\/solartradex.com\/blog\/wp-content\/uploads\/2012\/08\/Qualsevol-nit-pot-sortir-el-sol-maig10.jpg 1600w, https:\/\/solartradex.com\/blog\/wp-content\/uploads\/2012\/08\/Qualsevol-nit-pot-sortir-el-sol-maig10-300x164.jpg 300w, https:\/\/solartradex.com\/blog\/wp-content\/uploads\/2012\/08\/Qualsevol-nit-pot-sortir-el-sol-maig10-1024x561.jpg 1024w, https:\/\/solartradex.com\/blog\/wp-content\/uploads\/2012\/08\/Qualsevol-nit-pot-sortir-el-sol-maig10-260x142.jpg 260w, https:\/\/solartradex.com\/blog\/wp-content\/uploads\/2012\/08\/Qualsevol-nit-pot-sortir-el-sol-maig10-160x87.jpg 160w\" sizes=\"(max-width: 1600px) 100vw, 1600px\" \/><\/a><\/p>\n<p style=\"text-align: left;\"><!--more--><\/p>\n<p style=\"text-align: left;\">Y as\u00ed estamos, cornudos y apaleados, mientras el Sr. Ministro Jos\u00e9 Manuel Soria ( o\u00ed Ministro pro-renovables?) nos impone una moratoria a las energ\u00edas renovables, nos imputa la totalidad del d\u00e9ficit tarifario ( que por cierto estren\u00f3 el ejecutivo de Jos\u00e9 Maria Aznar all\u00e1 por el a\u00f1o 2000\u2026. de esto del d\u00e9ficit hablaremos en un pr\u00f3ximo post) e incumple la disposici\u00f3n adicional segunda del RD 1699\/2011 seg\u00fan la cual, y cito textualmente&nbsp;<em>\u201c&nbsp;El Ministro de Industria, Turismo y Comercio, en el plazo de cuatro meses desde la entrada en vigor del presente real decreto, elevar\u00e1 al Gobierno una propuesta de real decreto cuyo objeto sea la regulaci\u00f3n de las condiciones administrativas, t\u00e9cnicas y econ\u00f3micas del consumo de la energ\u00eda el\u00e9ctrica producida en el interior de la red de un consumidor para su propio consumo.\u201d,&nbsp;<\/em>el Sr. Gonzalo S\u00e1enz de Miera, Director de Prospectiva Regulatoria de Iberdrola,&nbsp;nos cuenta en GENERA 2012 que Iberdrola prefiere invertir en fotovoltaica en el extranjero debido a la inseguridad jur\u00eddica de Espa\u00f1a\u2026 y que ellos apuestan por el autoconsumo en Espa\u00f1a siempre que todos aquellos que decidamos generar nuestra propia electricidad paguemos una tarifa de respaldo a las compa\u00f1\u00edas el\u00e9ctricas para compensarles el negocio que dejaran de generar\u2026. vaya morro, no?<\/p>\n<p style=\"text-align: left;\">Ante todo este c\u00famulo de desprop\u00f3sitos los m\u00e1s l\u00f3gico seria hacerse un harakiri al m\u00e1s puro estilo oriental, pero no se\u00f1ores\u2026 nosotros nos rebelamos, en este caso nos honra m\u00e1s luchar hasta el final por nuestras creencias que entregar nuestra vida por el honor de morir gloriosamente como cre\u00edan los antiguos samur\u00e1is; as\u00ed pues y aunque mal les pese a todo el lobby el\u00e9ctrico,a los Sres. Ministros de turno sean de izquierdas o de derechas, a los reguladores, a la CNE y a un largo etc\u00e9tera de aduladores del poder, vamos seguir luchando por ganarnos la vida honradamente mientras contribuimos a un mundo mejor, m\u00e1s sostenible y socialmente responsable, porque no se pueden poner diques al mar, y porque aunque durante un tiempo nos puedan complicar la existencia, lo cierto es que vivimos en un pa\u00eds donde los costes energ\u00e9ticos suben constantemente y con una irradiaci\u00f3n media y superficie disponible suficiente para que ya hoy la energ\u00eda solar fotovoltaica empiece a ser rentable por si misma (siempre que nos nos carguen la famosa tarifa de respaldo que reclama Iberdrola).<\/p>\n<p style=\"text-align: left;\">Pues lo dicho, con el convencimiento y fuerza de nuestra raz\u00f3n de ser, y mientras esperamos &nbsp;que alguien en el Ministerio se decida a publicar el tan ansiado Real Decreto de Autoconsumo seguiremos cantando Cualquier Noche puede Salir el Sol.<\/p>\n\n\n<div class=\"kk-star-ratings kksr-auto kksr-align-left kksr-valign-bottom\"\n    data-payload='{&quot;align&quot;:&quot;left&quot;,&quot;id&quot;:&quot;400&quot;,&quot;slug&quot;:&quot;default&quot;,&quot;valign&quot;:&quot;bottom&quot;,&quot;ignore&quot;:&quot;&quot;,&quot;reference&quot;:&quot;auto&quot;,&quot;class&quot;:&quot;&quot;,&quot;count&quot;:&quot;0&quot;,&quot;legendonly&quot;:&quot;&quot;,&quot;readonly&quot;:&quot;&quot;,&quot;score&quot;:&quot;0&quot;,&quot;starsonly&quot;:&quot;&quot;,&quot;best&quot;:&quot;5&quot;,&quot;gap&quot;:&quot;5&quot;,&quot;greet&quot;:&quot;Valora este post&quot;,&quot;legend&quot;:&quot;0\\\/5 - (0 votos)&quot;,&quot;size&quot;:&quot;24&quot;,&quot;title&quot;:&quot;Cualquier Noche puede Salir el Sol.&quot;,&quot;width&quot;:&quot;0&quot;,&quot;_legend&quot;:&quot;{score}\\\/{best} - ({count} {votes})&quot;,&quot;font_factor&quot;:&quot;1.25&quot;}'>\n            \n<div class=\"kksr-stars\">\n    \n<div class=\"kksr-stars-inactive\">\n            <div class=\"kksr-star\" data-star=\"1\" style=\"padding-right: 5px\">\n            \n\n<div class=\"kksr-icon\" style=\"width: 24px; height: 24px;\"><\/div>\n        <\/div>\n            <div class=\"kksr-star\" data-star=\"2\" style=\"padding-right: 5px\">\n            \n\n<div class=\"kksr-icon\" style=\"width: 24px; height: 24px;\"><\/div>\n        <\/div>\n            <div class=\"kksr-star\" data-star=\"3\" style=\"padding-right: 5px\">\n            \n\n<div class=\"kksr-icon\" style=\"width: 24px; height: 24px;\"><\/div>\n        <\/div>\n            <div class=\"kksr-star\" data-star=\"4\" style=\"padding-right: 5px\">\n            \n\n<div class=\"kksr-icon\" style=\"width: 24px; height: 24px;\"><\/div>\n        <\/div>\n            <div class=\"kksr-star\" data-star=\"5\" style=\"padding-right: 5px\">\n            \n\n<div class=\"kksr-icon\" style=\"width: 24px; height: 24px;\"><\/div>\n        <\/div>\n    <\/div>\n    \n<div class=\"kksr-stars-active\" style=\"width: 0px;\">\n            <div class=\"kksr-star\" style=\"padding-right: 5px\">\n            \n\n<div class=\"kksr-icon\" style=\"width: 24px; height: 24px;\"><\/div>\n        <\/div>\n            <div class=\"kksr-star\" style=\"padding-right: 5px\">\n            \n\n<div class=\"kksr-icon\" style=\"width: 24px; height: 24px;\"><\/div>\n        <\/div>\n            <div class=\"kksr-star\" style=\"padding-right: 5px\">\n            \n\n<div class=\"kksr-icon\" style=\"width: 24px; height: 24px;\"><\/div>\n        <\/div>\n            <div class=\"kksr-star\" style=\"padding-right: 5px\">\n            \n\n<div class=\"kksr-icon\" style=\"width: 24px; height: 24px;\"><\/div>\n        <\/div>\n            <div class=\"kksr-star\" style=\"padding-right: 5px\">\n            \n\n<div class=\"kksr-icon\" style=\"width: 24px; height: 24px;\"><\/div>\n        <\/div>\n    <\/div>\n<\/div>\n                \n\n<div class=\"kksr-legend\" style=\"font-size: 19.2px;\">\n            <span class=\"kksr-muted\">Valora este post<\/span>\n    <\/div>\n    <\/div>\n","protected":false},"excerpt":{"rendered":"<p>Cantaba el bueno de Jaume Sisa Qualsevol Nit pot Sortir el Sol ( Cualquier Noche puede Salir el Sol), era el a\u00f1o 1975 y poco se pod\u00eda imaginar el cantautor que &nbsp;37 a\u00f1os despu\u00e9s, esta dulce canci\u00f3n pudiera describir tan bien las esperanzas y los anhelos de todo un sector que ya perdi\u00f3 toda su &hellip; <a href=\"https:\/\/solartradex.com\/blog\/cualquier-noche-puede-salir-el-sol\/\" class=\"more-link\">Seguir leyendo <span class=\"screen-reader-text\">Cualquier Noche puede Salir el Sol.<\/span> <span class=\"meta-nav\">&rarr;<\/span><\/a><\/p>\n","protected":false},"author":2,"featured_media":0,"comment_status":"open","ping_status":"closed","sticky":false,"template":"","format":"standard","meta":{"inline_featured_image":false,"_mbp_gutenberg_autopost":false,"footnotes":""},"categories":[],"tags":[],"class_list":["post-400","post","type-post","status-publish","format-standard","hentry"],"fimg_url":false,"post_mailing_queue_ids":[],"_links":{"self":[{"href":"https:\/\/solartradex.com\/blog\/wp-json\/wp\/v2\/posts\/400","targetHints":{"allow":["GET"]}}],"collection":[{"href":"https:\/\/solartradex.com\/blog\/wp-json\/wp\/v2\/posts"}],"about":[{"href":"https:\/\/solartradex.com\/blog\/wp-json\/wp\/v2\/types\/post"}],"author":[{"embeddable":true,"href":"https:\/\/solartradex.com\/blog\/wp-json\/wp\/v2\/users\/2"}],"replies":[{"embeddable":true,"href":"https:\/\/solartradex.com\/blog\/wp-json\/wp\/v2\/comments?post=400"}],"version-history":[{"count":2,"href":"https:\/\/solartradex.com\/blog\/wp-json\/wp\/v2\/posts\/400\/revisions"}],"predecessor-version":[{"id":7356,"href":"https:\/\/solartradex.com\/blog\/wp-json\/wp\/v2\/posts\/400\/revisions\/7356"}],"wp:attachment":[{"href":"https:\/\/solartradex.com\/blog\/wp-json\/wp\/v2\/media?parent=400"}],"wp:term":[{"taxonomy":"category","embeddable":true,"href":"https:\/\/solartradex.com\/blog\/wp-json\/wp\/v2\/categories?post=400"},{"taxonomy":"post_tag","embeddable":true,"href":"https:\/\/solartradex.com\/blog\/wp-json\/wp\/v2\/tags?post=400"}],"curies":[{"name":"wp","href":"https:\/\/api.w.org\/{rel}","templated":true}]}}