{"id":4319,"date":"2014-02-05T08:13:44","date_gmt":"2014-02-05T07:13:44","guid":{"rendered":"http:\/\/solartradex.com\/blog\/?p=4319"},"modified":"2026-03-09T09:37:43","modified_gmt":"2026-03-09T08:37:43","slug":"que-la-detengan-es-una-mentirosa-malvada-y-peligrosa","status":"publish","type":"post","link":"https:\/\/solartradex.com\/blog\/que-la-detengan-es-una-mentirosa-malvada-y-peligrosa\/","title":{"rendered":"Que la detengan, es una mentirosa, malvada y peligrosa&#8230;"},"content":{"rendered":"<p>Definitivamente estoy harto y hasta las cejas de tantas mentiras interesadas y falsedades no documentadas&#8230; han bastado tan s\u00f3lo 14 d\u00edas del nuevo a\u00f1o, para que nuestro incalificable Secretario de Estado de Energ\u00eda, don Alberto Nadal, con ocasi\u00f3n de la conferencia impartida en el Foro de la Nueva Energ\u00eda, nos haya obsequiado una vez m\u00e1s, con otra de sus maquiav\u00e9licas y recurrentes falsedades&#8230;<\/p>\n<p><em>\u00abLos precios de la electricidad han bajado de forma enormemente pronunciada para los consumidores dom\u00e9sticos que son familias con hijos, para estos las bajadas de la electricidad este a\u00f1o han estado del orden del 3%, en frente a las segundas residencias que han tenido un incremento del coste de la electricidad.\u00bb<\/em><\/p>\n<p>Esta semana analizaremos de forma objetiva y fundamentada, el en\u00e9simo magno embuste del Sr. Nadal; y es que tan s\u00f3lo la premeditaci\u00f3n y la alevos\u00eda pueden justificar tal falta de respeto a un consumidor dom\u00e9stico cada vez m\u00e1s acorralado por las garras del fen\u00f3meno de la pobreza energ\u00e9tica&#8230;<\/p>\n<p>Que la detengan, es una mentirosa, malvada y peligrosa, yo ya no la puedo controlar!! &#8230; cantaba David Civera aquel verano del 2002.<\/p>\n<p style=\"text-align: center;\"><img fetchpriority=\"high\" decoding=\"async\" class=\"size-full wp-image-4334 aligncenter\" src=\"https:\/\/solartradex.com\/blog\/wp-content\/uploads\/2014\/02\/Fotolia_57742320_XS.jpg\" alt=\"Prisoner and police isolated on the white\" width=\"426\" height=\"282\" title=\"\" srcset=\"https:\/\/solartradex.com\/blog\/wp-content\/uploads\/2014\/02\/Fotolia_57742320_XS.jpg 426w, https:\/\/solartradex.com\/blog\/wp-content\/uploads\/2014\/02\/Fotolia_57742320_XS-300x198.jpg 300w\" sizes=\"(max-width: 426px) 100vw, 426px\" \/><\/a><\/p>\n<p><!--more-->Muy bien Sr. Nadal, procedamos a analizar qu\u00e9 significa &nbsp;esta \u00abenormemente pronunciada\u00bb disminuci\u00f3n del precios de la electricidad&#8230; pero antes que nada y para todos aquellos cr\u00e9dulos que ya est\u00e1n celebrando la tan ansiada dicha, permitidme recordar, &nbsp;y esto s\u00ed que son datos objetivos, que Espa\u00f1a es el tercer pa\u00eds de la UE con un precio de la electricidad m\u00e1s alto (0,1752 \u20ac\/kWh) a nivel dom\u00e9stico, tan s\u00f3lo superada por Chipre (0,2277 \u20ac\/kWh) e Irlanda ( 0,1951 \u20ac\/kWh), precio que supera, nada m\u00e1s y nada menos que en un 27% la media de los 27 Estados miembros.<\/p>\n<p>Dicho esto, y entrando en materia, lo primero que podemos asegurar es que si en alg\u00fan caso se ha producido una \u00abenormemente pronunciada\u00bb disminuci\u00f3n del coste de la electricidad durante el a\u00f1o 2013, esta habr\u00e1 sido motivada por la variaci\u00f3n de la componente regulada del precio, &nbsp;ya que la componente de mercado o precio del mercado de generaci\u00f3n propiamente dicho, tan s\u00f3lo ha experimentado una leve disminuci\u00f3n del 3,5% que de modo alguno puede justificar las palabras del dicharachero don Alberto Nadal.<\/p>\n<p><img decoding=\"async\" class=\"aligncenter size-full wp-image-4328\" src=\"https:\/\/solartradex.com\/blog\/wp-content\/uploads\/2014\/02\/Captura-de-pantalla-2014-02-04-a-las-00.08.45.png\" alt=\"Evoluci\u00f3n precio mercado electricidad SolarTradex\" width=\"1098\" height=\"438\" title=\"\" srcset=\"https:\/\/solartradex.com\/blog\/wp-content\/uploads\/2014\/02\/Captura-de-pantalla-2014-02-04-a-las-00.08.45.png 1098w, https:\/\/solartradex.com\/blog\/wp-content\/uploads\/2014\/02\/Captura-de-pantalla-2014-02-04-a-las-00.08.45-300x119.png 300w, https:\/\/solartradex.com\/blog\/wp-content\/uploads\/2014\/02\/Captura-de-pantalla-2014-02-04-a-las-00.08.45-1024x408.png 1024w\" sizes=\"(max-width: 1098px) 100vw, 1098px\" \/><\/a><\/p>\n<p>As\u00ed pues, deberemos analizar lo acontecido con la componente regulada del precio a lo largo de este pasado 2013.<\/p>\n<p>Esta componente regulada es la que &nbsp;se corresponde con&nbsp;los peajes de acceso a redes que peri\u00f3dicamente fija el Ministerio, y mediante los cuales se retribuye la parte regulada del negocio el\u00e9ctrico, esto es transporte, distribuci\u00f3n, primas a las renovables, subvenciones a la energ\u00eda nuclear, al carb\u00f3n, retribuci\u00f3n al operador del sistema, a la CNMC, etc.. a&nbsp;&nbsp;lo largo del a\u00f1o 2013 y hasta fecha de hoy, &nbsp;se han publicado dos importantes modificaciones de estos peajes de acceso a redes para los consumidores dom\u00e9sticos, a quienes corresponde la tarifa de acceso 2.0A para consumidores con menos de 10 kW de potencia contratados.<\/p>\n<p>Estas dos revisiones de los peajes han sido por orden, una primera que tuvo lugar el pasado d\u00eda 3 de agosto de 2013 con la publicaci\u00f3n de la <span style=\"text-decoration: underline;\"><span style=\"color: #800080;\"><a title=\"IET1491\/2013\" href=\"https:\/\/www.boe.es\/buscar\/act.php?id=BOE-A-2013-8561\" target=\"_blank\" rel=\"noopener\"><span style=\"color: #800080; text-decoration: underline;\">Orden IET1491\/2013<\/span><\/a><\/span><\/span>, y otra reciente modificaci\u00f3n que ha tenido lugar este pasado s\u00e1bado, d\u00eda 1 de febrero de 2014, mediante publicaci\u00f3n en el BOE de la <span style=\"text-decoration: underline;\"><span style=\"color: #800080;\"><a title=\"IET107\/2014\" href=\"https:\/\/www.boe.es\/eli\/es\/o\/2014\/01\/31\/iet107\" target=\"_blank\" rel=\"noopener\"><span style=\"color: #800080; text-decoration: underline;\">Orden IET\/107\/2014<\/span><\/a><\/span><\/span>.<\/p>\n<p>El resultado de estas modificaciones para los consumidores con dom\u00e9sticos con tarifa 2.0A es el que se muestra en la siguiente tabla:<\/p>\n<p><img decoding=\"async\" class=\"aligncenter size-full wp-image-4330\" src=\"https:\/\/solartradex.com\/blog\/wp-content\/uploads\/2014\/02\/Captura-de-pantalla-2014-02-04-a-las-00.29.05.png\" alt=\"Variaci\u00f3n Tarifa de Acceso SolarTradex\" width=\"696\" height=\"289\" title=\"\" srcset=\"https:\/\/solartradex.com\/blog\/wp-content\/uploads\/2014\/02\/Captura-de-pantalla-2014-02-04-a-las-00.29.05.png 696w, https:\/\/solartradex.com\/blog\/wp-content\/uploads\/2014\/02\/Captura-de-pantalla-2014-02-04-a-las-00.29.05-300x124.png 300w\" sizes=\"(max-width: 696px) 100vw, 696px\" \/><\/a><\/p>\n<p>Observamos como el precio del t\u00e9rmino de potencia de la tarifa de acceso, y que corresponde al t\u00e9rmino fijo que pagamos en nuestra factura por la potencia contratada se ha visto incrementado en un 113% entre enero del 2013 (IET843\/2012 vigente) y febrero del 2014 ( publicaci\u00f3n de la Orden IET107\/2014); mientras que el t\u00e9rmino variable de energ\u00eda de la tarifa de acceso, que supone aproximadamente al 50% del precio final que pagamos por cada kWh consumido ( el otro 50% es la componente de mercado que coment\u00e1bamos anteriormente), se ha reducido en un 36%.<\/p>\n<p><strong>1a Conclusi\u00f3n:<\/strong> \u00bfpara que narices debo esforzarme en consumir menos, si cada vez el precio del kWh es m\u00e1s barato, y en cambio me cobran m\u00e1s por el t\u00e9rmino de potencia que debo pagar consuma o no consuma?<\/p>\n<p>Es obvio que estos cambios en la ponderaci\u00f3n del t\u00e9rmino de potencia y de energ\u00eda en los peajes de acceso, tan s\u00f3lo persiguen asegurar una retribuci\u00f3n estable a las empresas el\u00e9ctricas a la vez que desincentivan &nbsp;cualquier forma el ahorro y la eficiencia energ\u00e9tica, entre las cuales, obviamente se encuentra el autoconsumo solar.<\/p>\n<p>Sus pol\u00edticas, Sr. Nadal ( e incluyo al ministro Soria, y al presidente Rajoy), son insulto y un atentado a la eficiencia energ\u00e9tica; esto tambi\u00e9n es un dato objetivo.<\/p>\n<p>Pero, yendo un poco m\u00e1s all\u00e1 conviene analizar, como afecta este cambio de precios en los peajes de acceso, a un consumidor dom\u00e9stico, y si realmente tal y como asegura nuestro Secretario de Estado, estas modificaciones han provocado una bajada <em>\u00abenormemente pronunciada\u00bb<\/em> de los precios&#8230; siento se repetitivo con lo de \u00ab<em>enormemente pronunciada<\/em>\u00ab, pero es que tiene miga la frase.<\/p>\n<p>Dicho de otra manera, es obvio que en el caso de que un consumidor tenga un consumo muy, pero que muy alto, su precio final de la factura se ver\u00e1 reducido debido a esta modificaci\u00f3n de peajes, ya que el incremento en el precio de la potencia se ve compensado con creces por la bajada del 36% en el precio de la energ\u00eda.<\/p>\n<p>Pero en cambio en el otro extremo, un consumidor que tenga consumo 0, obviamente no se beneficia de la baja del precio de la energ\u00eda, y en cambio su factura el\u00e9ctrica se ve incrementada en un 113% debido al incremento del t\u00e9rmino fijo de potencia, \u00bfcorrecto?<\/p>\n<p>Por lo tanto, el quid de la cuesti\u00f3n ser\u00e1 encontrar el punto d&#8217;equilibrio de consumo, para saber en que momento &nbsp;un consumidor acaba pagando m\u00e1s o menos en su factura respecto a la tarifa anterior.<\/p>\n<p>Este es sencillo problema matem\u00e1tico, que podemos resolver planteando el siguiente sistema de ecuaciones:<\/p>\n<p><strong>Peajes seg\u00fan IET843\/2012 (1) vigente el 1 de Enero de 2013.<\/strong><\/p>\n<p><span style=\"color: #0000ff;\">Coste = Potencia x T\u00e9rmino de Potencia (1) + Consumo x T\u00e9rmino de Energ\u00eda (1)<\/span><\/p>\n<p><span style=\"color: #000000;\"><strong>Peajes&nbsp;seg\u00fan IET107\/2014 (2) de 31 de Enero de 2014<\/strong><\/span><\/p>\n<p><span style=\"color: #0000ff;\">Coste = Potencia x T\u00e9rmino de Potencia (2) + Consumo x T\u00e9rmino de Energ\u00eda (2)<\/span><\/p>\n<p>A partir de aqu\u00ed, &nbsp;para no alargar en exceso el art\u00edculo, y como al final el resultado es lo importante, tan s\u00f3lo deciros que si dividimos ambas expresiones por la Potencia y las igualamos, obtenemos la siguiente expresi\u00f3n:<\/p>\n<p><span style=\"color: #0000ff;\">Horas de utilizaci\u00f3n de la Potencia = &nbsp;(T\u00e9r. Potencia (IET843\/2012) &#8211; T\u00e9r. Potencia (IET107\/2014))\/(T\u00e9r. Energ\u00eda (IET107\/2014)- T\u00e9r. Energ\u00eda(IET843\/2012))<\/span><\/p>\n<p><span style=\"color: #333333;\">Si sustituimos los datos del t\u00e9rmino de potencia y de energ\u00eda, por los valores indicados en la IET843\/2012 y en la IET107\/2014 ( los pod\u00e9is comprobar en la tabla anterior), obtenemos el siguiente resultado:<\/span><\/p>\n<p>Horas de utilizaci\u00f3n de la potencia para tarifa 2.0A<strong> = 815 horas\/a\u00f1o<\/strong><\/p>\n<p><strong>\u00bfQue significa 815 horas \/a\u00f1o?<\/strong><\/p>\n<p>Pues que si utilizas menos de 815 horas al a\u00f1o tu potencia contratada, el precio final de la energ\u00eda se te habr\u00e1 incrementado, por contra si tienes un consumo mayor a estas 815 horas\/a\u00f1o de la potencia contratada, tu factura el\u00e9ctrica se ver\u00e1 reducida.<\/p>\n<p><strong>\u00bfComo lo pasamos esto a consumo?<\/strong><\/p>\n<p>Pues para un cliente con tarifa de acceso 2.0A y 4,4 kW contratado ( potencia muy habitual), estas 815 horas\/a\u00f1o corresponden a un consumo anual de 815 horas\/a\u00f1o x 4,4 &nbsp;= <strong>3.586 kWh\/a\u00f1o.<\/strong><\/p>\n<p>Esto nos conduce a concluir que todos aquellos consumidores que consuman m\u00e1s de 3.586 kWh al a\u00f1o, habr\u00e1n visto reducida su factura, y los que consuman menos la habr\u00e1n visto incrementada, pero&#8230;<\/p>\n<p><strong>\u00bf 3.585 kWh al a\u00f1o, es mucho consumo o poco?<\/strong><\/p>\n<p>Si consultamos el \u00faltimo Bolet\u00edn de Indicadores El\u00e9ctricos de la Comisi\u00f3n Nacional del Mercado y de la Competencia de noviembre de 2013 ( imagino que esto s\u00ed que es un dato objetivo), podemos comprobar que el consumo medio de los 24.850.460 consumidores acogidos a la tarifa 2.0A es de 2.430 kWh\/a\u00f1o&#8230; os sea que 3.585 kWh al a\u00f1o, es un consumo un 47,5% superior al de la media nacional.<\/p>\n<p><strong>2a Conclusi\u00f3n:<\/strong> Si usted es consumidor que consume como m\u00ednimo un 46.5% m\u00e1s que la media nacional, pues en este caso podemos asegurar que usted es un consumidor con suerte!! Su factura el\u00e9ctrica se ha visto reducida&#8230;<\/p>\n<p>&#8230; si por el contrario su consumo no llega a este valor m\u00ednimo de un 46,5% m\u00e1s que la media espa\u00f1ola&#8230; lo siento, pero usted es uno m\u00e1s de los desgraciados energ\u00e9ticos que habitan este pa\u00eds.<\/p>\n<p>Mandan huevos!!!! O sea que para verme beneficiado con una reducci\u00f3n en mi factura el\u00e9ctrica debo ser en pocas palabras un derrochador energ\u00e9tico!!! Por favor, Sr. Nadal \u00bfa qui\u00e9n quiere convencer usted? \u00bfquiz\u00e1s a usted mismo? \u00bf acaso necesita aplaudirse a si mismo? En este caso, le recomiendo otras formas m\u00e1s placenteras de autoregalarse placer&#8230; cr\u00e9ame.<\/p>\n<p>En el siguiente gr\u00e1fico se muestra el resultado de la variaci\u00f3n del precio de la componente regulada durante este \u00faltimo a\u00f1o ( eje vertical), en funci\u00f3n de nuestro porcentaje de consumo respecto a la media nacional.<\/p>\n<p><img loading=\"lazy\" decoding=\"async\" class=\"aligncenter size-full wp-image-4346\" src=\"https:\/\/solartradex.com\/blog\/wp-content\/uploads\/2014\/02\/Captura-de-pantalla-2014-02-04-a-las-23.18.49.png\" alt=\"Variaci\u00f3n peajes de acceso a red SolarTradex\" width=\"748\" height=\"472\" title=\"\" srcset=\"https:\/\/solartradex.com\/blog\/wp-content\/uploads\/2014\/02\/Captura-de-pantalla-2014-02-04-a-las-23.18.49.png 748w, https:\/\/solartradex.com\/blog\/wp-content\/uploads\/2014\/02\/Captura-de-pantalla-2014-02-04-a-las-23.18.49-300x189.png 300w\" sizes=\"(max-width: 748px) 100vw, 748px\" \/><\/a><\/p>\n<p>Observamos lo dicho anteriormente, todos aquellos consumidores que consumen menos que la media nacional o incluso hasta un 47% m\u00e1s que la media nacional ( zona rosa), han visto incrementado el precio de la componente regulada seg\u00fan el porcentaje que se indica en el eje vertical.<\/p>\n<p><strong>\u00bfQui\u00e9n soporta este incremento de precio?<\/strong><\/p>\n<p>Pues a menor consumo, hemos visto que mayor incremento de precio; por lo tanto aquellos m\u00e1s esforzados con la eficiencia energ\u00e9tica, o aquellos que no consumen porque no pueden pagar sus facturas el\u00e9ctricas, son en definitiva quienes soportan en mayor medida esta injusta e injustificable subida de precio&#8230; y ahora cu\u00e9nteme, Sr. Secretario de Estado, que estos dos segmentos son da\u00f1os colaterales inevitables por querer subir el precio a las segundas residencias, \u00bfno?<\/p>\n<p>Y de paso por favor me explica \u00bfqu\u00e9 tiene que ver las familias con hijos, con la bajada de la electricidad? \u00bfAcaso las familias con hijos consumen de media un 47% m\u00e1s que la media nacional? Le aseguro Sr. Nadal que la m\u00eda no.<\/p>\n<p><strong>3a Conclusi\u00f3n:<\/strong> la \u00fanica verdad a d\u00eda de hoy, es que el se\u00f1or Nadal miente m\u00e1s que habla; y que con sus pol\u00edticas interesadas, desalmadas y descerebradas no tan s\u00f3lo no ha resuelto los problemas del sistema el\u00e9ctrico espa\u00f1ol, sino que est\u00e1n agravando de manera muy&nbsp;preocupante &nbsp;el problema social de la pobreza energ\u00e9tica, una realidad cada d\u00eda m\u00e1s presente en muchas las familias espa\u00f1olas que no pueden pagar su recibo de la luz para mantener unas condiciones m\u00ednimas de confort y habitabilidad su hogar&#8230;. esto s\u00ed deber\u00eda ser una aut\u00e9ntica prioridad para el Gobierno de Espa\u00f1a.<\/p>\n<p>Nos vemos &nbsp;la semana que viene!!!<\/p>\n<p>PD: &nbsp;\u00bf hab\u00e9is visto nuestra nueva web????\u00bfQue os parece? \u00bfQu\u00e9 opin\u00e1is? \u00bfOs gusta?<\/p>\n\n\n<div class=\"kk-star-ratings kksr-auto kksr-align-left kksr-valign-bottom\"\n    data-payload='{&quot;align&quot;:&quot;left&quot;,&quot;id&quot;:&quot;4319&quot;,&quot;slug&quot;:&quot;default&quot;,&quot;valign&quot;:&quot;bottom&quot;,&quot;ignore&quot;:&quot;&quot;,&quot;reference&quot;:&quot;auto&quot;,&quot;class&quot;:&quot;&quot;,&quot;count&quot;:&quot;0&quot;,&quot;legendonly&quot;:&quot;&quot;,&quot;readonly&quot;:&quot;&quot;,&quot;score&quot;:&quot;0&quot;,&quot;starsonly&quot;:&quot;&quot;,&quot;best&quot;:&quot;5&quot;,&quot;gap&quot;:&quot;5&quot;,&quot;greet&quot;:&quot;Valora este post&quot;,&quot;legend&quot;:&quot;0\\\/5 - (0 votos)&quot;,&quot;size&quot;:&quot;24&quot;,&quot;title&quot;:&quot;Que la detengan, es una mentirosa, malvada y peligrosa...&quot;,&quot;width&quot;:&quot;0&quot;,&quot;_legend&quot;:&quot;{score}\\\/{best} - ({count} {votes})&quot;,&quot;font_factor&quot;:&quot;1.25&quot;}'>\n            \n<div class=\"kksr-stars\">\n    \n<div class=\"kksr-stars-inactive\">\n            <div class=\"kksr-star\" data-star=\"1\" style=\"padding-right: 5px\">\n            \n\n<div class=\"kksr-icon\" style=\"width: 24px; height: 24px;\"><\/div>\n        <\/div>\n            <div class=\"kksr-star\" data-star=\"2\" style=\"padding-right: 5px\">\n            \n\n<div class=\"kksr-icon\" style=\"width: 24px; height: 24px;\"><\/div>\n        <\/div>\n            <div class=\"kksr-star\" data-star=\"3\" style=\"padding-right: 5px\">\n            \n\n<div class=\"kksr-icon\" style=\"width: 24px; height: 24px;\"><\/div>\n        <\/div>\n            <div class=\"kksr-star\" data-star=\"4\" style=\"padding-right: 5px\">\n            \n\n<div class=\"kksr-icon\" style=\"width: 24px; height: 24px;\"><\/div>\n        <\/div>\n            <div class=\"kksr-star\" data-star=\"5\" style=\"padding-right: 5px\">\n            \n\n<div class=\"kksr-icon\" style=\"width: 24px; height: 24px;\"><\/div>\n        <\/div>\n    <\/div>\n    \n<div class=\"kksr-stars-active\" style=\"width: 0px;\">\n            <div class=\"kksr-star\" style=\"padding-right: 5px\">\n            \n\n<div class=\"kksr-icon\" style=\"width: 24px; height: 24px;\"><\/div>\n        <\/div>\n            <div class=\"kksr-star\" style=\"padding-right: 5px\">\n            \n\n<div class=\"kksr-icon\" style=\"width: 24px; height: 24px;\"><\/div>\n        <\/div>\n            <div class=\"kksr-star\" style=\"padding-right: 5px\">\n            \n\n<div class=\"kksr-icon\" style=\"width: 24px; height: 24px;\"><\/div>\n        <\/div>\n            <div class=\"kksr-star\" style=\"padding-right: 5px\">\n            \n\n<div class=\"kksr-icon\" style=\"width: 24px; height: 24px;\"><\/div>\n        <\/div>\n            <div class=\"kksr-star\" style=\"padding-right: 5px\">\n            \n\n<div class=\"kksr-icon\" style=\"width: 24px; height: 24px;\"><\/div>\n        <\/div>\n    <\/div>\n<\/div>\n                \n\n<div class=\"kksr-legend\" style=\"font-size: 19.2px;\">\n            <span class=\"kksr-muted\">Valora este post<\/span>\n    <\/div>\n    <\/div>\n","protected":false},"excerpt":{"rendered":"<p>Definitivamente estoy harto y hasta las cejas de tantas mentiras interesadas y falsedades no documentadas&#8230; han bastado tan s\u00f3lo 14 d\u00edas del nuevo a\u00f1o, para que nuestro incalificable Secretario de Estado de Energ\u00eda, don Alberto Nadal, con ocasi\u00f3n de la conferencia impartida en el Foro de la Nueva Energ\u00eda, nos haya obsequiado una vez m\u00e1s, &hellip; <a href=\"https:\/\/solartradex.com\/blog\/que-la-detengan-es-una-mentirosa-malvada-y-peligrosa\/\" class=\"more-link\">Seguir leyendo <span class=\"screen-reader-text\">Que la detengan, es una mentirosa, malvada y peligrosa&#8230;<\/span> <span class=\"meta-nav\">&rarr;<\/span><\/a><\/p>\n","protected":false},"author":2,"featured_media":0,"comment_status":"open","ping_status":"closed","sticky":false,"template":"","format":"standard","meta":{"inline_featured_image":false,"_mbp_gutenberg_autopost":false,"footnotes":""},"categories":[53],"tags":[],"class_list":["post-4319","post","type-post","status-publish","format-standard","hentry","category-ahorro-domestico"],"fimg_url":false,"post_mailing_queue_ids":[],"_links":{"self":[{"href":"https:\/\/solartradex.com\/blog\/wp-json\/wp\/v2\/posts\/4319","targetHints":{"allow":["GET"]}}],"collection":[{"href":"https:\/\/solartradex.com\/blog\/wp-json\/wp\/v2\/posts"}],"about":[{"href":"https:\/\/solartradex.com\/blog\/wp-json\/wp\/v2\/types\/post"}],"author":[{"embeddable":true,"href":"https:\/\/solartradex.com\/blog\/wp-json\/wp\/v2\/users\/2"}],"replies":[{"embeddable":true,"href":"https:\/\/solartradex.com\/blog\/wp-json\/wp\/v2\/comments?post=4319"}],"version-history":[{"count":3,"href":"https:\/\/solartradex.com\/blog\/wp-json\/wp\/v2\/posts\/4319\/revisions"}],"predecessor-version":[{"id":11179,"href":"https:\/\/solartradex.com\/blog\/wp-json\/wp\/v2\/posts\/4319\/revisions\/11179"}],"wp:attachment":[{"href":"https:\/\/solartradex.com\/blog\/wp-json\/wp\/v2\/media?parent=4319"}],"wp:term":[{"taxonomy":"category","embeddable":true,"href":"https:\/\/solartradex.com\/blog\/wp-json\/wp\/v2\/categories?post=4319"},{"taxonomy":"post_tag","embeddable":true,"href":"https:\/\/solartradex.com\/blog\/wp-json\/wp\/v2\/tags?post=4319"}],"curies":[{"name":"wp","href":"https:\/\/api.w.org\/{rel}","templated":true}]}}