{"id":4414,"date":"2014-02-20T19:38:24","date_gmt":"2014-02-20T18:38:24","guid":{"rendered":"http:\/\/solartradex.com\/blog\/?p=4414"},"modified":"2023-06-19T22:13:06","modified_gmt":"2023-06-19T20:13:06","slug":"estraperlistas-de-kwh-el-nuevo-mercado-negro-de-la-energia-solar","status":"publish","type":"post","link":"https:\/\/solartradex.com\/blog\/estraperlistas-de-kwh-el-nuevo-mercado-negro-de-la-energia-solar\/","title":{"rendered":"Estraperlistas de kWh. El nuevo mercado negro de la energ\u00eda solar."},"content":{"rendered":"<p>Damas y caballeros, con enorme pesar y may\u00fascula impotencia, esta semana tengo el triste honor de presentarles la edificante historia de&nbsp;un an\u00f3nimo matrimonio de jubilados que hastiados&nbsp;de la subidas sin freno&nbsp;del precio de la electricidad y convencidos de la bondad del autoconsumo solar como herramienta para minorar la factura el\u00e9ctrica de manera responsable y sostenible, decidieron hace seis meses, &nbsp;pasar a la acci\u00f3n instalando un sistema dom\u00e9stico de autoconsumo solar de 1,4 kW &#8230;. &nbsp;aunque de manera ilegal o alegal ( ll\u00e1menlo como quieran), &nbsp;convirti\u00e9ndose de este modo<span style=\"line-height: 1.5;\">&nbsp;en nuevos&nbsp;<\/span><strong style=\"line-height: 1.5;\">Estraperlistas de kWh.<\/strong><\/p>\n<p>Define el diccionario de la Real Academia Espa\u00f1ola, el t\u00e9rmino estraperlo como \u00ab<em>el comercio ilegal de art\u00edculos intervenidos por el Estado o sujetos a tasa\u00bb;<\/em>&nbsp; exactamente el mismo y leg\u00edtimo objetivo de nuestros reaccionarios protagonistas de hoy:&nbsp;&nbsp;driblar y evitar, <span style=\"text-decoration: underline;\"><span style=\"color: #800080;\"><a title=\"Derecho al Sol: Concentraci\u00f3n en favor del autoconsumo solar\" href=\"https:\/\/solartradex.com\/blog\/derecho-al-sol-concentracion-autoconsumo\/\" target=\"_blank\" rel=\"noopener\"><span style=\"color: #800080; text-decoration: underline;\">el injusto peaje al sol<\/span><\/a><\/span><\/span> que quiere imponer pr\u00f3ximamente el Ministro de Ind\u00fastria, Energ\u00eda y Turismo, &nbsp;Jos\u00e9 Manuel Soria.<\/p>\n<p style=\"text-align: center;\"><img fetchpriority=\"high\" decoding=\"async\" class=\" wp-image-4420 aligncenter\" src=\"https:\/\/solartradex.com\/blog\/wp-content\/uploads\/2014\/02\/Captura-de-pantalla-2014-02-19-a-las-23.38.33.png\" alt=\"Estraperlistas de kWh_SolarTradex\" width=\"456\" height=\"439\" title=\"\" srcset=\"https:\/\/solartradex.com\/blog\/wp-content\/uploads\/2014\/02\/Captura-de-pantalla-2014-02-19-a-las-23.38.33.png 570w, https:\/\/solartradex.com\/blog\/wp-content\/uploads\/2014\/02\/Captura-de-pantalla-2014-02-19-a-las-23.38.33-300x288.png 300w\" sizes=\"(max-width: 456px) 100vw, 456px\" \/><\/a><\/p>\n<p><span style=\"line-height: 1.5;\"><!--more-->El estraperlo fue una pr\u00e1ctica muy extendida durante los a\u00f1os de la posguerra espa\u00f1ola; la carest\u00eda de alimentos en la \u00e9poca y las libretas de racionamiento establecidas por el r\u00e9gimen franquista facilitaban el desarrollo de esta, quiz\u00e1s poco honrada aunque del todo necesaria, pr\u00e1ctica comercial, gracias a la cual una parte importante de la poblaci\u00f3n consegu\u00eda sobrevivir, y algunos pocos enriquecerse, a costa, eso s\u00ed, de jugarse la vida por los montes y caminos de Espa\u00f1a trasladando productos de primera necesidad hasta las grandes urbes donde eran vendidos a precio de lujo asi\u00e1tico.<\/span><\/p>\n<p>De este modo, productos como el az\u00facar, la harina, el aceite, e incluso el tabaco o la penicilina, se intercambiaban en el mercado negro a un precio infinitamente superior al establecido por la Comisar\u00eda General de Abastecimientos\u2026 sin lugar a dudas, el hambre y la necesidad descubrieron en cada espa\u00f1ol un p\u00edcaro dispuesto incluso a comprometer su propia su existencia.<\/p>\n<p>Casi un siglo despu\u00e9s, el Gobierno el Partido Popular, est\u00e1 a punto de recuperar este triste pasaje de la historia que cre\u00edamos olvidado y felizmente superado\u2026 y es que la m\u00e1s que probable pr\u00f3xima aprobaci\u00f3n del real decreto que debe regular el autoconsumo y de su infame, a la vez que improcedente y discriminatorio, peaje de respaldo nos empuja irremediablemente a transformarnos en aut\u00e9nticos estraperlistas de kWh en pleno siglo XXI, tratando de ocultar los excedentes fotovoltaicos para evitar que el Gobierno de Espa\u00f1a en connivencia con el Olipolio el\u00e9ctrico nos descubra y nos hurte m\u00e1s del 50% del ahorro que tendr\u00edamos que conseguir por cada kWh generado en nuestra casa y autoconsumido instant\u00e1neamente sin vertido a la red\u2026 tan sorprendente como cierto.<\/p>\n<p><span style=\"line-height: 1.5;\">Y es que el peaje de respaldo no es la \u00fanica medida anti-autoconsumo que ha patentado el Gobierno de Mariano Rajoy; existe otro factor, quiz\u00e1s no tan medi\u00e1tico pero si igual de letal y pernicioso, y que ya ha menoscabado, desde el pasado mes de agosto, nada m\u00e1s y nada menos que un 17% el ahorro inducido por cualquier medida o inversi\u00f3n en eficiencia energ\u00e9tica dom\u00e9stica, d\u00edgase autoconsumo, d\u00edgase cambio a iluminaci\u00f3n led, o simplemente cambio de h\u00e1bitos de consumo.<\/span><\/p>\n<p>Este otro factor, no es otro, que el cambio de ponderaci\u00f3n en los peajes de acceso a redes, que ha conllevado una&nbsp;disminuci\u00f3n de la parte regulada del t\u00e9rmino de energ\u00eda, y un incremento del t\u00e9rmino fijo de potencia de nuestra factura de la luz&#8230;. en otras palabras, &nbsp;ahorrar ya no es tan rentable porque el kWh cada vez es m\u00e1s barato, a cambio de pagar un t\u00e9rmino fijo de potencia mucho m\u00e1s caro que tendr\u00e9 que pagar si o si, consuma o no consuma.<\/p>\n<p>En el siguiente gr\u00e1fico observamos el caso particular de nuestro ejemplarizante matrimonio de insubmisos que os comentaba anteriormente.<\/p>\n<p><img decoding=\"async\" class=\"aligncenter size-full wp-image-4424\" src=\"https:\/\/solartradex.com\/blog\/wp-content\/uploads\/2014\/02\/Captura-de-pantalla-2014-02-20-a-las-00.37.37.png\" alt=\"Peaje de respaldo SolarTradex\" width=\"375\" height=\"241\" title=\"\" srcset=\"https:\/\/solartradex.com\/blog\/wp-content\/uploads\/2014\/02\/Captura-de-pantalla-2014-02-20-a-las-00.37.37.png 375w, https:\/\/solartradex.com\/blog\/wp-content\/uploads\/2014\/02\/Captura-de-pantalla-2014-02-20-a-las-00.37.37-300x192.png 300w\" sizes=\"(max-width: 375px) 100vw, 375px\" \/><\/a><\/p>\n<p>En Julio del 2013, cada kWh producido y autoconsumido por su sistema de autoconsumo solar de 1,4 kW, &nbsp;les ocasionaba un ahorro de <strong>0,138 \u20ac\/kWh ( sin IVA)<\/strong>, correspondiente al precio de la electricidad que dejaban de comprar en horario de producci\u00f3n solar.<\/p>\n<p>El 3 de Agosto el Ministerio de Industria Turismo y Energ\u00eda, aprobaba la <span style=\"text-decoration: underline;\"><span style=\"color: #800080; text-decoration: underline;\"><a title=\"IET 1491\/2013 SolarTradex\" href=\"https:\/\/www.boe.es\/buscar\/act.php?id=BOE-A-2013-8561\" target=\"_blank\" rel=\"noopener\"><span style=\"color: #800080; text-decoration: underline;\">IET1491\/2013<\/span><\/a> <\/span><\/span>que supon\u00eda para las tarifas dom\u00e9sticas ( 2.0A y 2.0DHA), una subida del t\u00e9rmino de potencia del <strong>77%<\/strong> y una disminuci\u00f3n del peaje de energ\u00eda del<strong> 23%<\/strong>. &#8211; &nbsp;el peaje de energ\u00eda supone aproximadamente el 50% del precio final que pagamos por cada kWh consumido ( la otra mitad es el precio de la energ\u00eda en el mercado) -.<\/p>\n<p>Esta modificaci\u00f3n en el peso de los t\u00e9rminos de potencia y energ\u00eda,&nbsp;est\u00e1 provocando en la actualidad, una creciente preocupaci\u00f3n y atenci\u00f3n por tener la potencia correctamente contratada&#8230;<\/p>\n<p>Imagino yo, que el Sr. Ministro viendo que sus brillantes planes de recaudaci\u00f3n indiscriminada eran contrarestados por los consumidores en forma de rebaja de la potencia contratada, el pasado d\u00eda 1 de febrero, p\u00fablico una nueva Orden de peajes IET107\/2014&nbsp; en la que nuevamente, para las tarifas dom\u00e9sticas, incrementaba el t\u00e9rmino de potencia otro <strong>20%<\/strong> y disminu\u00eda el t\u00e9rmino de energ\u00eda del peaje en un <strong>17%<\/strong>.<\/p>\n<p>El resultado final para nuestra sufrida pareja de consortes, es que la bajada del t\u00e9rmino variable de energ\u00eda del peaje de acceso, ha supuesto disminuir el ahorro por cada kWh generado y autoconsumido en un <strong>17%!!!!!<\/strong><\/p>\n<p>Aunque lo m\u00e1s dram\u00e1tico de la situaci\u00f3n est\u00e1 todav\u00eda por llegar, y es que si finalmente y tal como apuntan todas la previsiones, el Gobierno aprueba el peaje de respaldo al autoconsumo, los consumidores dom\u00e9sticos deber\u00e1n pagar 0,07 \u20ac por cada kWh autoconsumido, lo que ocasionar\u00e1 un nuevo recorte del 53% en el ahorro por cada kWh generado y autoconsumido, acumulando, en tan s\u00f3lo 6 meses, <strong>una disminuci\u00f3n del ahorro mediante autoconsumo solar del 70%!!!<\/strong><\/p>\n<p>Sin lugar a dudas la necedad y ceguera de nuestros gobernantes son tan may\u00fasculas, que la \u00fanica consecuencia posible a estas pol\u00edticas injustificadas de acoso y derribo al autoconsumo solar, es el desarrollo de un mercado negro de instalaciones fotovoltaicas sin legalizar&#8230;. y es que sin lugar a dudas, negar la implantaci\u00f3n del autoconsumo solar es tratar de ponerle diques al mar.<\/p>\n<p>Hoy lo dejamos en este punto, no sin antes avanzaros que durante las pr\u00f3ximas semanas retomar\u00e9 el caso de nuestros dos protagonistas de hoy para detallar con m\u00e1s detenimiento el funcionamiento de esta instalaci\u00f3n dom\u00e9stica de 1,4 kW, y como se gestiona la energ\u00eda para evitar el env\u00edo de kWh a la red el\u00e9ctrica.<\/p>\n<p>\u00bfEntend\u00e9is justificable que la la gente opte por no legalizar sus instalaciones para no hacer frente al peaje de respaldo? \u00bfQuiz\u00e1s se\u00e1is vosotros tambi\u00e9n estraperlistas de kWh? Espero con inter\u00e9s todos vuestros comentarios!!!<\/p>\n<p>Hasta la semana que viene!!<\/p>\n\n\n<div class=\"kk-star-ratings kksr-auto kksr-align-left kksr-valign-bottom\"\n    data-payload='{&quot;align&quot;:&quot;left&quot;,&quot;id&quot;:&quot;4414&quot;,&quot;slug&quot;:&quot;default&quot;,&quot;valign&quot;:&quot;bottom&quot;,&quot;ignore&quot;:&quot;&quot;,&quot;reference&quot;:&quot;auto&quot;,&quot;class&quot;:&quot;&quot;,&quot;count&quot;:&quot;0&quot;,&quot;legendonly&quot;:&quot;&quot;,&quot;readonly&quot;:&quot;&quot;,&quot;score&quot;:&quot;0&quot;,&quot;starsonly&quot;:&quot;&quot;,&quot;best&quot;:&quot;5&quot;,&quot;gap&quot;:&quot;5&quot;,&quot;greet&quot;:&quot;Valora este post&quot;,&quot;legend&quot;:&quot;0\\\/5 - (0 votos)&quot;,&quot;size&quot;:&quot;24&quot;,&quot;title&quot;:&quot;Estraperlistas de kWh. El nuevo mercado negro de la energ\u00eda solar.&quot;,&quot;width&quot;:&quot;0&quot;,&quot;_legend&quot;:&quot;{score}\\\/{best} - ({count} {votes})&quot;,&quot;font_factor&quot;:&quot;1.25&quot;}'>\n            \n<div class=\"kksr-stars\">\n    \n<div class=\"kksr-stars-inactive\">\n            <div class=\"kksr-star\" data-star=\"1\" style=\"padding-right: 5px\">\n            \n\n<div class=\"kksr-icon\" style=\"width: 24px; height: 24px;\"><\/div>\n        <\/div>\n            <div class=\"kksr-star\" data-star=\"2\" style=\"padding-right: 5px\">\n            \n\n<div class=\"kksr-icon\" style=\"width: 24px; height: 24px;\"><\/div>\n        <\/div>\n            <div class=\"kksr-star\" data-star=\"3\" style=\"padding-right: 5px\">\n            \n\n<div class=\"kksr-icon\" style=\"width: 24px; height: 24px;\"><\/div>\n        <\/div>\n            <div class=\"kksr-star\" data-star=\"4\" style=\"padding-right: 5px\">\n            \n\n<div class=\"kksr-icon\" style=\"width: 24px; height: 24px;\"><\/div>\n        <\/div>\n            <div class=\"kksr-star\" data-star=\"5\" style=\"padding-right: 5px\">\n            \n\n<div class=\"kksr-icon\" style=\"width: 24px; height: 24px;\"><\/div>\n        <\/div>\n    <\/div>\n    \n<div class=\"kksr-stars-active\" style=\"width: 0px;\">\n            <div class=\"kksr-star\" style=\"padding-right: 5px\">\n            \n\n<div class=\"kksr-icon\" style=\"width: 24px; height: 24px;\"><\/div>\n        <\/div>\n            <div class=\"kksr-star\" style=\"padding-right: 5px\">\n            \n\n<div class=\"kksr-icon\" style=\"width: 24px; height: 24px;\"><\/div>\n        <\/div>\n            <div class=\"kksr-star\" style=\"padding-right: 5px\">\n            \n\n<div class=\"kksr-icon\" style=\"width: 24px; height: 24px;\"><\/div>\n        <\/div>\n            <div class=\"kksr-star\" style=\"padding-right: 5px\">\n            \n\n<div class=\"kksr-icon\" style=\"width: 24px; height: 24px;\"><\/div>\n        <\/div>\n            <div class=\"kksr-star\" style=\"padding-right: 5px\">\n            \n\n<div class=\"kksr-icon\" style=\"width: 24px; height: 24px;\"><\/div>\n        <\/div>\n    <\/div>\n<\/div>\n                \n\n<div class=\"kksr-legend\" style=\"font-size: 19.2px;\">\n            <span class=\"kksr-muted\">Valora este post<\/span>\n    <\/div>\n    <\/div>\n","protected":false},"excerpt":{"rendered":"<p>Damas y caballeros, con enorme pesar y may\u00fascula impotencia, esta semana tengo el triste honor de presentarles la edificante historia de&nbsp;un an\u00f3nimo matrimonio de jubilados que hastiados&nbsp;de la subidas sin freno&nbsp;del precio de la electricidad y convencidos de la bondad del autoconsumo solar como herramienta para minorar la factura el\u00e9ctrica de manera responsable y sostenible, &hellip; <a href=\"https:\/\/solartradex.com\/blog\/estraperlistas-de-kwh-el-nuevo-mercado-negro-de-la-energia-solar\/\" class=\"more-link\">Seguir leyendo <span class=\"screen-reader-text\">Estraperlistas de kWh. El nuevo mercado negro de la energ\u00eda solar.<\/span> <span class=\"meta-nav\">&rarr;<\/span><\/a><\/p>\n","protected":false},"author":2,"featured_media":0,"comment_status":"open","ping_status":"closed","sticky":false,"template":"","format":"standard","meta":{"inline_featured_image":false,"_mbp_gutenberg_autopost":false,"footnotes":""},"categories":[17],"tags":[],"class_list":["post-4414","post","type-post","status-publish","format-standard","hentry","category-autoconsumo"],"fimg_url":false,"post_mailing_queue_ids":[],"_links":{"self":[{"href":"https:\/\/solartradex.com\/blog\/wp-json\/wp\/v2\/posts\/4414","targetHints":{"allow":["GET"]}}],"collection":[{"href":"https:\/\/solartradex.com\/blog\/wp-json\/wp\/v2\/posts"}],"about":[{"href":"https:\/\/solartradex.com\/blog\/wp-json\/wp\/v2\/types\/post"}],"author":[{"embeddable":true,"href":"https:\/\/solartradex.com\/blog\/wp-json\/wp\/v2\/users\/2"}],"replies":[{"embeddable":true,"href":"https:\/\/solartradex.com\/blog\/wp-json\/wp\/v2\/comments?post=4414"}],"version-history":[{"count":2,"href":"https:\/\/solartradex.com\/blog\/wp-json\/wp\/v2\/posts\/4414\/revisions"}],"predecessor-version":[{"id":7320,"href":"https:\/\/solartradex.com\/blog\/wp-json\/wp\/v2\/posts\/4414\/revisions\/7320"}],"wp:attachment":[{"href":"https:\/\/solartradex.com\/blog\/wp-json\/wp\/v2\/media?parent=4414"}],"wp:term":[{"taxonomy":"category","embeddable":true,"href":"https:\/\/solartradex.com\/blog\/wp-json\/wp\/v2\/categories?post=4414"},{"taxonomy":"post_tag","embeddable":true,"href":"https:\/\/solartradex.com\/blog\/wp-json\/wp\/v2\/tags?post=4414"}],"curies":[{"name":"wp","href":"https:\/\/api.w.org\/{rel}","templated":true}]}}