{"id":4629,"date":"2014-04-10T09:19:34","date_gmt":"2014-04-10T07:19:34","guid":{"rendered":"http:\/\/solartradex.com\/blog\/?p=4629"},"modified":"2023-06-19T22:13:06","modified_gmt":"2023-06-19T20:13:06","slug":"la-nueva-tarifa-electrica-luces-y-sombras-ii","status":"publish","type":"post","link":"https:\/\/solartradex.com\/blog\/la-nueva-tarifa-electrica-luces-y-sombras-ii\/","title":{"rendered":"C\u00e1lculo de nueva tarifa el\u00e9ctrica"},"content":{"rendered":"<p>En el art\u00edculo de hoy \u00a0intentar\u00e9 hacer un arriesgado ejercicio de advenedizo e imaginar las posibles futuras consecuencias que en el medio-largo plazo pudiere acarrear este nuevo sistema tarifario para el consumidor dom\u00e9stico.<\/p>\n<p style=\"text-align: center;\"><img fetchpriority=\"high\" decoding=\"async\" class=\"size-full wp-image-4633 aligncenter\" title=\"Energ\u00eda Solar SolarTradex\" src=\"https:\/\/solartradex.com\/blog\/wp-content\/uploads\/2014\/04\/Fotolia_49548530_XS.jpg\" alt=\"Energ\u00eda Solar SolarTradex\" width=\"424\" height=\"283\" srcset=\"https:\/\/solartradex.com\/blog\/wp-content\/uploads\/2014\/04\/Fotolia_49548530_XS.jpg 424w, https:\/\/solartradex.com\/blog\/wp-content\/uploads\/2014\/04\/Fotolia_49548530_XS-300x200.jpg 300w\" sizes=\"(max-width: 424px) 100vw, 424px\" \/><\/p>\n<p><strong>AVISO PARA NAVEGANTES:<\/strong> no soy muy bueno en las artes adivinatorias&#8230; en el 2010 dej\u00e9 mi cargo en Endesa para montar mi propia empresa solar convencido del dorado futuro que me esperaba, y a las 2 semanas de empezar, el anterior ministro don Miguel Sebasti\u00e1n inaguraba la senda de recortes retroactivos a las renovables&#8230; ah\u00ed queda dicho.<\/p>\n<p><!--more--><\/p>\n<p>En primer lugar y antes que nada, quiero aprovechar la ocasi\u00f3n para contestar una pregunta muy generalizada y recurrente que he recibido durante esta semana a resultas del art\u00edculo anterior y que quiz\u00e1s no supe explicar o transmitir con suficiente claridad.<\/p>\n<h2><strong>\u00bfQu\u00e9 pasar\u00e1 ahora con mi tarifa de discriminaci\u00f3n horaria?<\/strong><\/h2>\n<p>Los cambios acaecidos en los Precios Voluntarios al Peque\u00f1o Consumidor (PVPC), solo afecta<span style=\"text-decoration: underline;\">n<\/span> a aquellos consumidores que tengan contratado su suministro con un comercializador de referencia.<\/p>\n<p>Si en tu contrato observas que tu comercializador te aplica alg\u00fan tipo de descuento en la factura ( en el precio de la potencia o en el precio de la energ\u00eda), en ese caso significa que tu contrato no est\u00e1 afectado.<\/p>\n<p>Si tu comercializador no es uno de los grandes operadores del mercado ( Endesa, Gas \u00a0Natural, Iberdrola, EON o EDP) tampoco os afecta&#8230;<\/p>\n<p>Ojo!! estos grandes comercializadores act\u00faan tambi\u00e9n como comercializadores en mercado libre, por lo que si vuestro contrato est\u00e1 con ellos para asegurar si os afecta o no, deber\u00e9is revisar lo comentado en el punto anterior al respecto de revisar si os est\u00e1n aplicando alg\u00fan tipo de descuento.<\/p>\n<p>Os dejo de nuevo el <span style=\"text-decoration: underline;\"><span style=\"color: #800080;\"><a title=\"Comercializadores de referencia\" href=\"https:\/\/ranking-empresas.eleconomista.es\/sector-3514.html\" target=\"_blank\" rel=\"noopener\"><span style=\"color: #800080; text-decoration: underline;\">listado de comercializadores<\/span><\/a><\/span><\/span> para que pod\u00e1is comprobar si ten\u00e9is vuestro contrato sujeto a los PVPC o est\u00e1is en mercado libre, que a priori, s\u00f3lo a priori, significa que pod\u00e9is negociar libremente vuestro contrato y precios con el comercializador que m\u00e1s os convenga.<\/p>\n<p>Por lo tanto si no os afecta el PVPC, en ese caso seguir\u00e9is teniendo el mismo contrato que hasta ahora y sujeto a las mismas condiciones, por lo tanto si ten\u00edas contratada tarifa 2.0DHA pues seguir\u00e1s disfrutando de ella &#8230; y si adem\u00e1s contratas la electricidad con una de las cooperativa de energ\u00edas renovables como pueden ser Som Energia, Goiener, Enerplus, Zencer, etc.. \u00a0a\u00f1adir\u00e1s la felicidad de tener contratado tu suministro el\u00e9ctrico con una cooperativa que trabaja para un nuevo modelo energ\u00e9tico m\u00e1s justo, democr\u00e1tico y sostenible&#8230; \u00bf qu\u00e9 te parece?<\/p>\n<p>Si en cambio <strong>si tienes tu contrato bajo el amparo de la PVPC<\/strong>, en ese caso deber\u00e1s recordar dos cosas:<\/p>\n<p>1. El precio de cada kWh, tal y como explic\u00e1bamos en nuestro anterior art\u00edculo, tiene dos componentes: el t\u00e9rmino de energ\u00eda de los peajes de acceso y el coste de generar la energ\u00eda propiamente dicho.<\/p>\n<p>2. El t\u00e9rmino de energ\u00eda de los peajes que pondera de media aproximadamente el 45% del precio del kWh, s\u00ed que se mantiene con su estructura actual. Por lo tanto si ten\u00edas contratada una tarifa con discriminaci\u00f3n horaria ( 2.0DH), seguir\u00e1s benefici\u00e1ndote de ella al menos en una proporci\u00f3n del 45% aproximadamente.<\/p>\n<p>Consecuentemente el cambio s\u00f3lo te afecta en el 55% del precio de cada kWh que corresponde al coste de generar la energ\u00eda en el mercado de generaci\u00f3n&#8230; en ese caso, y s\u00f3lo para esta parte del precio del kWh se te aplicar\u00e1 un precio distinto para cada hora.<\/p>\n<p>Por lo tanto sigue teniendo todo el sentido del mundo seguir manteniendo los mismos h\u00e1bitos de consumo que ten\u00edais con la tarifa de discriminaci\u00f3n horaria, ya que en el 45% del precio no cambia nada, y en el 55% restante todav\u00eda lo mejora, ya que habitualmente los horarios con la energ\u00eda m\u00e1s barata coinciden mayoritariamente con las hora de menor precio en el mercado de generaci\u00f3n.<\/p>\n<p>Aclarado este punto, vayamos ahora con el cap\u00edtulo de conjeturas&#8230;<\/p>\n<p>Dec\u00edamos la semana pasada que el cambio m\u00e1s significativo en la nueva metodolog\u00eda de c\u00e1lculo es que \u00a0a partir de ahora se facturar\u00e1 para cada kWh un precio distinto en funci\u00f3n del precio negociado en el mercado de generaci\u00f3n, en lugar del precio fijo trimestral que se estaba facturando.<\/p>\n<p>Obviamente esto supone eliminar la cobertura de riesgo que se interiorizaba en el precio de la energ\u00eda y que cuantitativamente la CNMC ha estimado en un 11% seg\u00fan su informe preceptivo acerca de la nueva metodolog\u00eda de c\u00e1lculo.<\/p>\n<p>El siguiente gr\u00e1fico muestra el precio diario del mercado con la liquidaci\u00f3n de las subastas CESUR que serv\u00edan para fijar los PVPC para todo un trimestre y que inclu\u00edan la cobertura de riesgo. Se observa como las diferencias de precio son muy significativas, de media superiores al 11% que se\u00f1ala la CNMC.<\/p>\n<p style=\"text-align: center;\"><img decoding=\"async\" class=\" wp-image-4638 aligncenter\" title=\"Subastas CESUR y precio diario SolarTradex\" src=\"https:\/\/solartradex.com\/blog\/wp-content\/uploads\/2014\/04\/Captura-de-pantalla-2014-04-10-a-las-09.16.12.png\" alt=\"Subastas CESUR y precio diario SolarTradex\" width=\"834\" height=\"575\" srcset=\"https:\/\/solartradex.com\/blog\/wp-content\/uploads\/2014\/04\/Captura-de-pantalla-2014-04-10-a-las-09.16.12.png 834w, https:\/\/solartradex.com\/blog\/wp-content\/uploads\/2014\/04\/Captura-de-pantalla-2014-04-10-a-las-09.16.12-300x206.png 300w\" sizes=\"(max-width: 834px) 100vw, 834px\" \/><\/p>\n<p>Por lo tanto en el corto plazo podemos esperar una rebaja del precio del kWh, eso si, a cambio de asumir nosotros el riesgo de la volatilidad del precio en el mercado.<\/p>\n<p>Resumiendo, las empresas comercializadoras de referencia nos facturar\u00e1n el mismo precio que a ellas les cuesta comprar la energ\u00eda para cada hora.<\/p>\n<p>Pero claro, <strong>\u00bf donde est\u00e1 el margen de las empresas comercializadoras de referencia?<\/strong><\/p>\n<p>Hasta ahora el margen de las comercializadoras estaba de manera expl\u00edcita en los 4 \u20ac\/kW contratado y a\u00f1o que les reconoc\u00eda el Gobierno, y adem\u00e1s estaba tambi\u00e9n de manera impl\u00edcita en las coberturas que aplicaban las empresas que vend\u00edan las energ\u00eda a las comercializadoras de referencia en <span style=\"text-decoration: underline;\"><span style=\"color: #800080; text-decoration: underline;\"><a title=\"Y le llaman mercado libre\u2026. Feliz a\u00f1o 2014!!!!\" href=\"https:\/\/solartradex.com\/blog\/y-le-llaman-mercado-libre-feliz-ano-2014\/\" target=\"_blank\" rel=\"noopener\"><span style=\"color: #800080; text-decoration: underline;\">las subastas CESUR<\/span><\/a>.<\/span><\/span>.. y claro muchas de estas empresas que participaban como vendedores en estas subastas eran empresas del \u00a0mismo grupo empresarial que la comercializadora de referencia, por ejemplo Endesa generaci\u00f3n y Endesa Energ\u00eda XXI. De ah\u00ed el inter\u00e9s en subir el precio de la subasta CESUR.<\/p>\n<p>A partir de ahora el margen se circunscribe \u00fanica y exclusivamente a los 4 \u20ac\/kW y a\u00f1o, y consecuentemente, todo el resto de comercializadores ajenos al PVPC s\u00f3lo podr\u00e1n competir con los comercializadores de referencia aplicando rebajas sobre el m\u00e1rgen comercial de 4 \u20ac\/kW y a\u00f1o, ya que aplicar un sobrecoste en el kWh significar\u00eda vender a un precio m\u00e1s alto que el PVPC.<\/p>\n<p>Obviamente este margen de 4 \u20ac\/kW y a\u00f1o no da para muchas alegr\u00edas&#8230;<\/p>\n<h2><strong>Posibles consecuencias nueva tarifa el\u00e9ctrica<\/strong><\/h2>\n<p>1. Se desincentiva \u00a0que los clientes abandonen los PVPC y pasen a mercado libre, o lo que es lo mismo se incentiva que sigan contradados con las 5 empresas del Oligopolio el\u00e9ctrico, ya que no hay un beneficio econ\u00f3mico por pasar a mercado libre con otro comercializador.<\/p>\n<p>2. \u00bfqui\u00e9n puede ofrecer ofertas atractivas con un precio inferior al precio del mercado, y aparentemente perder dinero?<\/p>\n<p>Las \u00fanicas empresas que pueden competir con las comercializadoras de referencia del PVPC son precisamente las 5 grandes empresas del oligopolio el\u00e9ctrico ( las comercializadoras en mercado libre) que tienen gran parte de su comercializaci\u00f3n cubierta con centrales de generaci\u00f3n ya amortizadas.<\/p>\n<p>Imaginaros que yo soy Endesa y tengo una central nuclear con unos costes de generaci\u00f3n del orden de 22 \u20ac\/MWh, \u00a0a pesar de que el precio del mercado marque 50 \u20ac\/MWh, nada me impide cerrar un contrato ( llamado por diferencias) con mi comercializadora a un precio de 45 \u20ac\/MWh&#8230; de manera que la comercializadora si que puede aplicar un descuento de 0,05 \u20ac\/kWh a sus clientes y competir con la PVPC. \u00a0L\u00f3gicamente en este caso la empresa de generaci\u00f3n deja de ganar 5 \u20ac\/MWh, pero es muy distinto dejar de ganar que perder!!<\/p>\n<p>Otra manera de competir con los PVPC es ofreciendo servicios adicionales al suministro energ\u00e9tico y\/o vinculando tambi\u00e9n el contrato de gas.<\/p>\n<p>Otra vez aqu\u00ed los especialistas son Iberdrola, Endesa, Gas Natural, etc&#8230; que tienen los recursos necesarios para ofrecer este tipo de servicios, que en el fondo s\u00f3lo sirven para disimular un descuento, y cobrarlo con creces con servicios extremadamente sobreremunerados.<\/p>\n<p>En definitiva, que mi percepci\u00f3n es que con esta nueva f\u00f3rmula, se est\u00e1 disimulando una muy posible bajada de precio en el corto plazo, a cambio de eliminar presi\u00f3n competitiva en el medio-largo plazo, lo que indudablemente siempre conduce a nuevas subidas de precio.<\/p>\n<p>Los comercializadores alternativos al oligopolio s\u00f3lo tienen un camino, ofrecer f\u00f3rmulas de precio menos complejas y m\u00e1s seguras, aunque tambi\u00e9n m\u00e1s caras, y fidelizar a sus clientes y transmitir unos valores que les permitan retener a su cartera de clientes a pesar de de este sobre-precio.<\/p>\n<p>\u00bfCual es vuestra opini\u00f3n al respecto? \u00bfC\u00f3mo pens\u00e1is que evolucionar\u00e1 el mercado dom\u00e9stico? \u00bf Consider\u00e1is que son buenos estos cambios?<\/p>\n<p>Espero todos vuestros comentarios!!!<script type=\"application\/ld+json\">{\n    \"@context\": \"https:\/\/schema.org\",\n    \"@type\": \"FAQPage\",\n    \"mainEntity\": [\n        {\n            \"@type\": \"Question\",\n            \"name\": \"\u00bfQu\u00e9 pasar\u00e1 ahora con mi tarifa de discriminaci\u00f3n horaria?\",\n            \"acceptedAnswer\": {\n                \"@type\": \"Answer\",\n                \"text\": \"Los cambios acaecidos en los Precios Voluntarios al Peque\u00f1o Consumidor (PVPC), solo afectan a aquellos consumidores que tengan contratado su suministro con un comercializador de referencia.Si en tu contrato observas que tu comercializador te aplica alg\u00fan tipo de descuento en la factura ( en el precio de la potencia o en el precio de la energ\u00eda), en ese caso significa que tu contrato no est\u00e1 afectado.Si tu comercializador no es uno de los grandes operadores del mercado ( Endesa, Gas \u00a0Natural, Iberdrola, EON o EDP) tampoco os afecta...Ojo!! estos grandes comercializadores act\u00faan tambi\u00e9n como comercializadores en mercado libre, por lo que si vuestro contrato est\u00e1 con ellos para asegurar si os afecta o no, deber\u00e9is revisar lo comentado en el punto anterior al respecto de revisar si os est\u00e1n aplicando alg\u00fan tipo de descuento.Os dejo de nuevo el listado de comercializadores para que pod\u00e1is comprobar si ten\u00e9is vuestro contrato sujeto a los PVPC o est\u00e1is en mercado libre, que a priori, s\u00f3lo a priori, significa que pod\u00e9is negociar libremente vuestro contrato y precios con el comercializador que m\u00e1s os convenga.Por lo tanto si no os afecta el PVPC, en ese caso seguir\u00e9is teniendo el mismo contrato que hasta ahora y sujeto a las mismas condiciones, por lo tanto si ten\u00edas contratada tarifa 2.0DHA pues seguir\u00e1s disfrutando de ella ... y si adem\u00e1s contratas la electricidad con una de las cooperativa de energ\u00edas renovables como pueden ser Som Energia, Goiener, Enerplus, Zencer, etc.. \u00a0a\u00f1adir\u00e1s la felicidad de tener contratado tu suministro el\u00e9ctrico con una cooperativa que trabaja para un nuevo modelo energ\u00e9tico m\u00e1s justo, democr\u00e1tico y sostenible... \u00bf qu\u00e9 te parece?Si en cambio si tienes tu contrato bajo el amparo de la PVPC, en ese caso deber\u00e1s recordar dos cosas:1. El precio de cada kWh, tal y como explic\u00e1bamos en nuestro anterior art\u00edculo, tiene dos componentes: el t\u00e9rmino de energ\u00eda de los peajes de acceso y el coste de generar la energ\u00eda propiamente dicho.2. El t\u00e9rmino de energ\u00eda de los peajes que pondera de media aproximadamente el 45% del precio del kWh, s\u00ed que se mantiene con su estructura actual. Por lo tanto si ten\u00edas contratada una tarifa con discriminaci\u00f3n horaria ( 2.0DH), seguir\u00e1s benefici\u00e1ndote de ella al menos en una proporci\u00f3n del 45% aproximadamente.Consecuentemente el cambio s\u00f3lo te afecta en el 55% del precio de cada kWh que corresponde al coste de generar la energ\u00eda en el mercado de generaci\u00f3n... en ese caso, y s\u00f3lo para esta parte del precio del kWh se te aplicar\u00e1 un precio distinto para cada hora.Por lo tanto sigue teniendo todo el sentido del mundo seguir manteniendo los mismos h\u00e1bitos de consumo que ten\u00edais con la tarifa de discriminaci\u00f3n horaria, ya que en el 45% del precio no cambia nada, y en el 55% restante todav\u00eda lo mejora, ya que habitualmente los horarios con la energ\u00eda m\u00e1s barata coinciden mayoritariamente con las hora de menor precio en el mercado de generaci\u00f3n.Aclarado este punto, vayamos ahora con el cap\u00edtulo de conjeturas...Dec\u00edamos la semana pasada que el cambio m\u00e1s significativo en la nueva metodolog\u00eda de c\u00e1lculo es que \u00a0a partir de ahora se facturar\u00e1 para cada kWh un precio distinto en funci\u00f3n del precio negociado en el mercado de generaci\u00f3n, en lugar del precio fijo trimestral que se estaba facturando.Obviamente esto supone eliminar la cobertura de riesgo que se interiorizaba en el precio de la energ\u00eda y que cuantitativamente la CNMC ha estimado en un 11% seg\u00fan su informe preceptivo acerca de la nueva metodolog\u00eda de c\u00e1lculo.El siguiente gr\u00e1fico muestra el precio diario del mercado con la liquidaci\u00f3n de las subastas CESUR que serv\u00edan para fijar los PVPC para todo un trimestre y que inclu\u00edan la cobertura de riesgo. Se observa como las diferencias de precio son muy significativas, de media superiores al 11% que se\u00f1ala la CNMC.Por lo tanto en el corto plazo podemos esperar una rebaja del precio del kWh, eso si, a cambio de asumir nosotros el riesgo de la volatilidad del precio en el mercado.Resumiendo, las empresas comercializadoras de referencia nos facturar\u00e1n el mismo precio que a ellas les cuesta comprar la energ\u00eda para cada hora.Pero claro, \u00bf donde est\u00e1 el margen de las empresas comercializadoras de referencia?Hasta ahora el margen de las comercializadoras estaba de manera expl\u00edcita en los 4 \u20ac\/kW contratado y a\u00f1o que les reconoc\u00eda el Gobierno, y adem\u00e1s estaba tambi\u00e9n de manera impl\u00edcita en las coberturas que aplicaban las empresas que vend\u00edan las energ\u00eda a las comercializadoras de referencia en las subastas CESUR... y claro muchas de estas empresas que participaban como vendedores en estas subastas eran empresas del \u00a0mismo grupo empresarial que la comercializadora de referencia, por ejemplo Endesa generaci\u00f3n y Endesa Energ\u00eda XXI. De ah\u00ed el inter\u00e9s en subir el precio de la subasta CESUR.A partir de ahora el margen se circunscribe \u00fanica y exclusivamente a los 4 \u20ac\/kW y a\u00f1o, y consecuentemente, todo el resto de comercializadores ajenos al PVPC s\u00f3lo podr\u00e1n competir con los comercializadores de referencia aplicando rebajas sobre el m\u00e1rgen comercial de 4 \u20ac\/kW y a\u00f1o, ya que aplicar un sobrecoste en el kWh significar\u00eda vender a un precio m\u00e1s alto que el PVPC.Obviamente este margen de 4 \u20ac\/kW y a\u00f1o no da para muchas alegr\u00edas...\"\n            }\n        },\n        {\n            \"@type\": \"Question\",\n            \"name\": \"Posibles consecuencias nueva tarifa el\u00e9ctrica\",\n            \"acceptedAnswer\": {\n                \"@type\": \"Answer\",\n                \"text\": \"1. Se desincentiva \u00a0que los clientes abandonen los PVPC y pasen a mercado libre, o lo que es lo mismo se incentiva que sigan contradados con las 5 empresas del Oligopolio el\u00e9ctrico, ya que no hay un beneficio econ\u00f3mico por pasar a mercado libre con otro comercializador.2. \u00bfqui\u00e9n puede ofrecer ofertas atractivas con un precio inferior al precio del mercado, y aparentemente perder dinero?Las \u00fanicas empresas que pueden competir con las comercializadoras de referencia del PVPC son precisamente las 5 grandes empresas del oligopolio el\u00e9ctrico ( las comercializadoras en mercado libre) que tienen gran parte de su comercializaci\u00f3n cubierta con centrales de generaci\u00f3n ya amortizadas.Imaginaros que yo soy Endesa y tengo una central nuclear con unos costes de generaci\u00f3n del orden de 22 \u20ac\/MWh, \u00a0a pesar de que el precio del mercado marque 50 \u20ac\/MWh, nada me impide cerrar un contrato ( llamado por diferencias) con mi comercializadora a un precio de 45 \u20ac\/MWh... de manera que la comercializadora si que puede aplicar un descuento de 0,05 \u20ac\/kWh a sus clientes y competir con la PVPC. \u00a0L\u00f3gicamente en este caso la empresa de generaci\u00f3n deja de ganar 5 \u20ac\/MWh, pero es muy distinto dejar de ganar que perder!!Otra manera de competir con los PVPC es ofreciendo servicios adicionales al suministro energ\u00e9tico y\/o vinculando tambi\u00e9n el contrato de gas.Otra vez aqu\u00ed los especialistas son Iberdrola, Endesa, Gas Natural, etc... que tienen los recursos necesarios para ofrecer este tipo de servicios, que en el fondo s\u00f3lo sirven para disimular un descuento, y cobrarlo con creces con servicios extremadamente sobreremunerados.En definitiva, que mi percepci\u00f3n es que con esta nueva f\u00f3rmula, se est\u00e1 disimulando una muy posible bajada de precio en el corto plazo, a cambio de eliminar presi\u00f3n competitiva en el medio-largo plazo, lo que indudablemente siempre conduce a nuevas subidas de precio.Los comercializadores alternativos al oligopolio s\u00f3lo tienen un camino, ofrecer f\u00f3rmulas de precio menos complejas y m\u00e1s seguras, aunque tambi\u00e9n m\u00e1s caras, y fidelizar a sus clientes y transmitir unos valores que les permitan retener a su cartera de clientes a pesar de de este sobre-precio.\u00bfCual es vuestra opini\u00f3n al respecto? \u00bfC\u00f3mo pens\u00e1is que evolucionar\u00e1 el mercado dom\u00e9stico? \u00bf Consider\u00e1is que son buenos estos cambios?Espero todos vuestros comentarios!!!\"\n            }\n        }\n    ]\n}<\/script><\/p>\n\n\n<div class=\"kk-star-ratings kksr-auto kksr-align-left kksr-valign-bottom\"\n    data-payload='{&quot;align&quot;:&quot;left&quot;,&quot;id&quot;:&quot;4629&quot;,&quot;slug&quot;:&quot;default&quot;,&quot;valign&quot;:&quot;bottom&quot;,&quot;ignore&quot;:&quot;&quot;,&quot;reference&quot;:&quot;auto&quot;,&quot;class&quot;:&quot;&quot;,&quot;count&quot;:&quot;0&quot;,&quot;legendonly&quot;:&quot;&quot;,&quot;readonly&quot;:&quot;&quot;,&quot;score&quot;:&quot;0&quot;,&quot;starsonly&quot;:&quot;&quot;,&quot;best&quot;:&quot;5&quot;,&quot;gap&quot;:&quot;5&quot;,&quot;greet&quot;:&quot;Valora este post&quot;,&quot;legend&quot;:&quot;0\\\/5 - (0 votos)&quot;,&quot;size&quot;:&quot;24&quot;,&quot;title&quot;:&quot;C\u00e1lculo de nueva tarifa el\u00e9ctrica&quot;,&quot;width&quot;:&quot;0&quot;,&quot;_legend&quot;:&quot;{score}\\\/{best} - ({count} {votes})&quot;,&quot;font_factor&quot;:&quot;1.25&quot;}'>\n            \n<div class=\"kksr-stars\">\n    \n<div class=\"kksr-stars-inactive\">\n            <div class=\"kksr-star\" data-star=\"1\" style=\"padding-right: 5px\">\n            \n\n<div class=\"kksr-icon\" style=\"width: 24px; height: 24px;\"><\/div>\n        <\/div>\n            <div class=\"kksr-star\" data-star=\"2\" style=\"padding-right: 5px\">\n            \n\n<div class=\"kksr-icon\" style=\"width: 24px; height: 24px;\"><\/div>\n        <\/div>\n            <div class=\"kksr-star\" data-star=\"3\" style=\"padding-right: 5px\">\n            \n\n<div class=\"kksr-icon\" style=\"width: 24px; height: 24px;\"><\/div>\n        <\/div>\n            <div class=\"kksr-star\" data-star=\"4\" style=\"padding-right: 5px\">\n            \n\n<div class=\"kksr-icon\" style=\"width: 24px; height: 24px;\"><\/div>\n        <\/div>\n            <div class=\"kksr-star\" data-star=\"5\" style=\"padding-right: 5px\">\n            \n\n<div class=\"kksr-icon\" style=\"width: 24px; height: 24px;\"><\/div>\n        <\/div>\n    <\/div>\n    \n<div class=\"kksr-stars-active\" style=\"width: 0px;\">\n            <div class=\"kksr-star\" style=\"padding-right: 5px\">\n            \n\n<div class=\"kksr-icon\" style=\"width: 24px; height: 24px;\"><\/div>\n        <\/div>\n            <div class=\"kksr-star\" style=\"padding-right: 5px\">\n            \n\n<div class=\"kksr-icon\" style=\"width: 24px; height: 24px;\"><\/div>\n        <\/div>\n            <div class=\"kksr-star\" style=\"padding-right: 5px\">\n            \n\n<div class=\"kksr-icon\" style=\"width: 24px; height: 24px;\"><\/div>\n        <\/div>\n            <div class=\"kksr-star\" style=\"padding-right: 5px\">\n            \n\n<div class=\"kksr-icon\" style=\"width: 24px; height: 24px;\"><\/div>\n        <\/div>\n            <div class=\"kksr-star\" style=\"padding-right: 5px\">\n            \n\n<div class=\"kksr-icon\" style=\"width: 24px; height: 24px;\"><\/div>\n        <\/div>\n    <\/div>\n<\/div>\n                \n\n<div class=\"kksr-legend\" style=\"font-size: 19.2px;\">\n            <span class=\"kksr-muted\">Valora este post<\/span>\n    <\/div>\n    <\/div>\n","protected":false},"excerpt":{"rendered":"<p>En el art\u00edculo de hoy \u00a0intentar\u00e9 hacer un arriesgado ejercicio de advenedizo e imaginar las posibles futuras consecuencias que en el medio-largo plazo pudiere acarrear este nuevo sistema tarifario para el consumidor dom\u00e9stico. AVISO PARA NAVEGANTES: no soy muy bueno en las artes adivinatorias&#8230; en el 2010 dej\u00e9 mi cargo en Endesa para montar mi &hellip; <a href=\"https:\/\/solartradex.com\/blog\/la-nueva-tarifa-electrica-luces-y-sombras-ii\/\" class=\"more-link\">Seguir leyendo <span class=\"screen-reader-text\">C\u00e1lculo de nueva tarifa el\u00e9ctrica<\/span> <span class=\"meta-nav\">&rarr;<\/span><\/a><\/p>\n","protected":false},"author":2,"featured_media":0,"comment_status":"open","ping_status":"closed","sticky":false,"template":"","format":"standard","meta":{"inline_featured_image":false,"_mbp_gutenberg_autopost":false,"footnotes":""},"categories":[115],"tags":[],"class_list":["post-4629","post","type-post","status-publish","format-standard","hentry","category-tarifas-electricas"],"fimg_url":false,"post_mailing_queue_ids":[],"_links":{"self":[{"href":"https:\/\/solartradex.com\/blog\/wp-json\/wp\/v2\/posts\/4629","targetHints":{"allow":["GET"]}}],"collection":[{"href":"https:\/\/solartradex.com\/blog\/wp-json\/wp\/v2\/posts"}],"about":[{"href":"https:\/\/solartradex.com\/blog\/wp-json\/wp\/v2\/types\/post"}],"author":[{"embeddable":true,"href":"https:\/\/solartradex.com\/blog\/wp-json\/wp\/v2\/users\/2"}],"replies":[{"embeddable":true,"href":"https:\/\/solartradex.com\/blog\/wp-json\/wp\/v2\/comments?post=4629"}],"version-history":[{"count":2,"href":"https:\/\/solartradex.com\/blog\/wp-json\/wp\/v2\/posts\/4629\/revisions"}],"predecessor-version":[{"id":9313,"href":"https:\/\/solartradex.com\/blog\/wp-json\/wp\/v2\/posts\/4629\/revisions\/9313"}],"wp:attachment":[{"href":"https:\/\/solartradex.com\/blog\/wp-json\/wp\/v2\/media?parent=4629"}],"wp:term":[{"taxonomy":"category","embeddable":true,"href":"https:\/\/solartradex.com\/blog\/wp-json\/wp\/v2\/categories?post=4629"},{"taxonomy":"post_tag","embeddable":true,"href":"https:\/\/solartradex.com\/blog\/wp-json\/wp\/v2\/tags?post=4629"}],"curies":[{"name":"wp","href":"https:\/\/api.w.org\/{rel}","templated":true}]}}