{"id":4714,"date":"2014-05-16T07:51:25","date_gmt":"2014-05-16T05:51:25","guid":{"rendered":"http:\/\/solartradex.com\/blog\/?p=4714"},"modified":"2023-06-19T22:13:05","modified_gmt":"2023-06-19T20:13:05","slug":"adivina-adivinanza","status":"publish","type":"post","link":"https:\/\/solartradex.com\/blog\/adivina-adivinanza\/","title":{"rendered":"Adivina, adivinanza&#8230;"},"content":{"rendered":"<p>\u00bfQui\u00e9n no ha jugado nunca al perenne y sorprendente juego de las adivinanzas?<\/p>\n<p>A lo largo de estas \u00faltimas semanas he tenido el placer de participar en algunas charlas, conferencias y otros formatos acerca del sector el\u00e9ctrico espa\u00f1ol, su regulaci\u00f3n y el autoconsumo; durante el proceso de preparaci\u00f3n de las presentaciones me he tropezado con algunos datos y magnitudes energ\u00e9ticas, que no por ser m\u00e1s o menos esperados, han logrado ni mucho menos dejar de sorprenderme&#8230;. incluso dir\u00eda que me han acongojado!!!<\/p>\n<p><span style=\"line-height: 1.5;\">Esta semana os invito a participar y jugar conmigo, respondiendo a 10 inocentes preguntas acerca del sector energ\u00e9tico espa\u00f1ol \u00a0y descubrir algunos de estos datos que a bien seguro no dejar\u00e1n a nadie \u00a0en absoluto indiferente &#8230; \u00bf os acongoj\u00e1is conmigo?<\/span><\/p>\n<p>Adivina, adivinanza&#8230;<\/p>\n<p style=\"text-align: center;\"><img fetchpriority=\"high\" decoding=\"async\" class=\"size-full wp-image-4717 aligncenter\" title=\"Adivina, adivinanza SolarTradex\" src=\"https:\/\/solartradex.com\/blog\/wp-content\/uploads\/2014\/05\/Fotolia_47035135_XS.jpg\" alt=\"Adivina, adivinanza SolarTradex\" width=\"392\" height=\"306\" srcset=\"https:\/\/solartradex.com\/blog\/wp-content\/uploads\/2014\/05\/Fotolia_47035135_XS.jpg 392w, https:\/\/solartradex.com\/blog\/wp-content\/uploads\/2014\/05\/Fotolia_47035135_XS-300x234.jpg 300w\" sizes=\"(max-width: 392px) 100vw, 392px\" \/><\/p>\n<p><!--more--><\/p>\n<p><strong>1. \u00bfSab\u00e9is cual es la cuota de mercado en n\u00famero de clientes de las 5 empresas de oligopolio el\u00e9ctrico?<\/strong><\/p>\n<p style=\"padding-left: 30px;\"><strong>Respuesta:<\/strong> \u00a099% de los contadores \u00a0est\u00e1n contratados por Iberdrola, Endesa, Gas Natural-Fenosa, EON o EDP. \u00a0Estos contratos corresponden al 84,3% de la energ\u00eda suministrada.<\/p>\n<p style=\"padding-left: 30px;\">Y lo peor de todo es que la responsabilidad de esta situaci\u00f3n oligopol\u00edstica es enteramente nuestra por no cambiar de comercializador &#8230; \u00bfcomo queremos cambiar el mercado si no somos capaces de ni de cambiar de compa\u00f1\u00eda comercializadora?<\/p>\n<p style=\"padding-left: 30px;\">Fuente: Bolet\u00edn Evoluci\u00f3n del Mercado Minorista de Electricidad (1r \u00a0Semestre 2013).<\/p>\n<p>\u00a0<strong>2. \u00bfSab\u00e9is qu\u00e9 porcentaje de consumidores dom\u00e9sticos tiene todav\u00eda contratada la tarifa con precio fijo 2.0A?<\/strong><\/p>\n<p style=\"padding-left: 30px;\"><strong>Respuesta:<\/strong> 95,8% de los consumidores siguen pagando m\u00e1s cara la electricidad de manera voluntaria!!<\/p>\n<p style=\"padding-left: 30px;\">Fuente: Bolet\u00edn Mensual de indicadores el\u00e9ctricos \u00a0(Abril 2014).<\/p>\n<p>\u00a0<strong>3. \u00bfSab\u00e9is cual es el segundo pa\u00eds de la UE en que m\u00e1s se ha incrementado el precio de la electricidad dom\u00e9stica desde que estall\u00f3 la crisis (2008-2013)?<\/strong><\/p>\n<p style=\"padding-left: 30px;\"><strong>Respuesta:<\/strong> Espa\u00f1a.<\/p>\n<p style=\"padding-left: 30px;\">El precio de la electricidad dom\u00e9stica aument\u00f3 un 55,9% a lo largo de per\u00edodo, mientras el IPC crec\u00eda tan s\u00f3lo un 11%.<\/p>\n<p style=\"padding-left: 30px;\">Fuente: INE y \u00a0Eurostat.<\/p>\n<p>\u00a0<strong>4. \u00bf Sab\u00e9is cual es el pa\u00eds de la UE que m\u00e1s ha incrementado la emisi\u00f3n de gases de efecto invernadero desde el a\u00f1o 1990?<\/strong><\/p>\n<p style=\"padding-left: 30px;\"><strong>Respuesta:<\/strong> Espa\u00f1a.<\/p>\n<p style=\"padding-left: 30px;\">Seg\u00fan se \u00a0aprecia en el gr\u00e1fico de la\u00a0<span style=\"text-decoration: underline;\"><span style=\"color: #800080;\"><a title=\"Agencia Europea del Mediomabiente\" href=\"https:\/\/www.eea.europa.eu\/es\" target=\"_blank\" rel=\"noopener\"><span style=\"color: #800080; text-decoration: underline;\">Agencia Europea del Medioambiente<\/span><\/a><\/span><\/span>, Espa\u00f1a increment\u00f3 un 25% sus emisiones \u00a0de CO2 desde el a\u00f1o 1990, \u00a0superando el objetivo del 15% que se le permit\u00eda para el per\u00edodo 2008-2012.<\/p>\n<p style=\"padding-left: 30px;\"><img decoding=\"async\" title=\"Emisiones CO2\" src=\"https:\/\/solartradex.com\/blog\/wp-content\/uploads\/2014\/05\/Captura-de-pantalla-2014-05-12-a-las-19.04.41.png\" alt=\"Emisiones CO2\" width=\"444\" height=\"516\" \/><\/p>\n<p>\u00a0<strong>5. \u00bfSab\u00e9is cuanto hemos pagado en concepto de pagos por capacidad a lo largo de todo el a\u00f1o 2013?<\/strong><\/p>\n<p style=\"padding-left: 30px;\"><strong>Respuesta:<\/strong> 1.460 millones de \u20ac.<\/p>\n<p style=\"padding-left: 30px;\">Como todos sab\u00e9is los pagos por capacidad es una suerte de \u00abprima\u00bb que pagamos todos dentro del precio de la energ\u00eda para compensar a las empresas que han invertido en una central el\u00e9ctrica de ciclo combinado de gas ( incentivo a la inversi\u00f3n se llama), y tambi\u00e9n para retribuir el servicio de backup que \u00a0aportan las centrales t\u00e9rmicas de carb\u00f3n y de ciclo combinado de gas ( incentivo a la disponibilidad).<\/p>\n<p style=\"padding-left: 30px;\">En definitiva es lo que pagamos a todas estas centrales simplemente por estar&#8230;<\/p>\n<p style=\"padding-left: 30px;\">Fuente: OMIE.<\/p>\n<p>\u00a0<strong>6. \u00bfSab\u00e9is cual ha sido la punta de demanda m\u00e1xima \u00a0durante el a\u00f1o 2013?<\/strong><\/p>\n<p style=\"padding-left: 30px;\"><strong>Respuesta: <\/strong>39.963 MW el d\u00eda 27 de febrero entre las 20-21 horas.<\/p>\n<p style=\"padding-left: 30px;\">Este valor podr\u00eda no ser muy significativo sino fuera porque tenemos instalada ( pagamos) 102.281 MW de potencia; que aunque no toda es disponible en todo momento ( la e\u00f3lica solo produce cuando hay viento, la hidroel\u00e9ctrica si hay agua, y la solar cuando el ministro quiere&#8230; quiero decir cuando hay sol), representa un factor de sobredimensionado del 156% respecto a la punta de m\u00e1xima potencia&#8230;. casi nada.<\/p>\n<p style=\"padding-left: 30px;\">Recordad que el mismo se\u00f1or ministro, reconoc\u00eda el 20 de mayo pasado en la Comisi\u00f3n de Energ\u00eda del Senado, que una de las principales causas del d\u00e9ficit tarifario era que en el a\u00f1o 2005\u00a0alguien hizo una previsi\u00f3n de crecimiento de PIB, sobre la que se hacen las estimaciones de ingresos del sistema, del 25% \u00a0entre el 2005 y el 2013 y del 24% d ela demanda el\u00e9ctrica en el mismo per\u00edodo, y la realidad es que el crecimiento acumulado apenas alcanza el 2% de PIB y la demanda est\u00e1 por debajo del nivel que del a\u00f1o 2005.<\/p>\n<p style=\"padding-left: 30px;\">Resumiendo, igual el problema del d\u00e9ficit no est\u00e1 en las renovables, sino en la mala planificaci\u00f3n y sobredimensionado del parque de generaci\u00f3n.<\/p>\n<p>\u00a0 \u00a0 \u00a0 \u00a0 \u00a0Fuente: Avance del sistema el\u00e9ctrico espa\u00f1ol 2013. Red El\u00e9ctrica.<\/p>\n<p><strong>7. \u00bfSab\u00e9is cuanto aportaron los ciclos combinados de gas durante la punta de m\u00e1xima potencia?<\/strong><\/p>\n<p style=\"padding-left: 30px;\"><strong>Respuesta:<\/strong> 3.716 MW sobre los 25.375 MW que hay instalados y que estamos retribuyendo por no producir a trav\u00e9s de los pagos por capacidad comentados en la pregunta 4.<\/p>\n<p style=\"padding-left: 40px;\">Fuente:\u00a0Avance del sistema el\u00e9ctrico espa\u00f1ol 2013. Red El\u00e9ctrica.<\/p>\n<p>\u00a0<strong>8. \u00bfSab\u00e9is cuantos d\u00edas de media al a\u00f1o trabaja cada ciclo combinado de gas instalado en Espa\u00f1a?<\/strong><\/p>\n<p style=\"padding-left: 30px;\"><strong>Respuesta:<\/strong>\u00a041 d\u00edas!!!!! (1,3 meses al a\u00f1o)<\/p>\n<p style=\"padding-left: 30px;\"><span style=\"line-height: 1.5;\">\u00bfSorprendente? A mi lo que me sorprende es que tengamos que pagarles 1.500 millones de Euros al a\u00f1o trabajar 1 mes y 1 semana al a\u00f1o, y que cuando tenemos una punta de m\u00e1xima potencia tan s\u00f3lo necesitemos el 9% de potencia instalada.. y encima nos quieren imponer un <\/span><span style=\"text-decoration: underline;\"><span style=\"color: #800080;\"><a title=\"\u00bfPor qu\u00e9 el peaje de respaldo es improcedente y discriminatorio?\" href=\"https:\/\/solartradex.com\/blog\/por-que-el-peaje-de-respaldo-es-improcedente-y-discriminatorio\/\" target=\"_blank\" rel=\"noopener\"><span style=\"color: #800080; text-decoration: underline;\">peaje de respaldo al autoconsumo<\/span><\/a><\/span><\/span><span style=\"line-height: 1.5;\"> para pagar un poquito m\u00e1s a estos ciclos combinados por su misi\u00f3n de reserva del sistema.<\/span><\/p>\n<p><strong><span style=\"line-height: 1.5;\">9. \u00bfSab\u00e9is en cuanto se ha reducido\u00a0a retribuci\u00f3n al transporte y a la distribuci\u00f3n para el a\u00f1o 2014 \u00a0respecto a la del 2013? \u00bf Y en cuanto las primas a la renovables?<\/span><\/strong><\/p>\n<p style=\"padding-left: 30px;\"><strong>Respuesta:<\/strong> \u00a0la retribuci\u00f3n al transporte ha aumentado un\u00a0+ 4,8%\u00a0y ha disminuido un -1,6% la retribuci\u00f3n a la distribuci\u00f3n. Las primas a las renovables han disminuido un -22,5%. Datos seg\u00fan <span style=\"text-decoration: underline;\"><span style=\"color: #800080;\"><a title=\"IET 1491\/2013\" href=\"https:\/\/www.boe.es\/buscar\/act.php?id=BOE-A-2013-8561\" target=\"_blank\" rel=\"noopener\"><span style=\"color: #800080; text-decoration: underline;\">Orden IET\/1491\/2013<\/span><\/a><\/span><\/span> y <span style=\"text-decoration: underline;\"><span style=\"color: #800080;\"><a title=\"Orden IET\/107\/2014\" href=\"https:\/\/www.boe.es\/eli\/es\/o\/2014\/01\/31\/iet107\" target=\"_blank\" rel=\"noopener\"><span style=\"color: #800080; text-decoration: underline;\">Orden IET\/107\/2014<\/span><\/a><\/span><\/span>, la liquidaci\u00f3n<\/p>\n<p style=\"padding-left: 30px;\">Nota: las primas a las renovables del 2013 (Liquidaci\u00f3n 14\/2013) finalmente fueron un 6,5% m\u00e1s bajas que lo previsto inicialmente en la IET\/1491\/2013.<\/p>\n<p style=\"padding-left: 30px;\">Y encima <strong>S\u00e1nchez Gal\u00e1n ( Iberdrola)<\/strong> se queja de los recortes que le obligar\u00e1 a no invertir en Espa\u00f1a.<\/p>\n<p style=\"padding-left: 30px;\">Fuente:\u00a0Bolet\u00edn Mensual de indicadores el\u00e9ctricos \u00a0(Abril 2014).<\/p>\n<p>\u00a0<strong>10. \u00bf Sab\u00e9is cuantos ex-ministros y ex-presidentes de Gobierno est\u00e1n o han estado \u00abtrabajando\u00bb y cobrando un \u00abhumilde\u00bb sueldo en grandes empresas del sector energ\u00e9tico espa\u00f1ol?<\/strong><\/p>\n<p style=\"padding-left: 30px;\"><strong>Respuesta:<\/strong> Esta pregunta la dejo para que la complet\u00e9is entre todos vosotros&#8230;.<\/p>\n<p style=\"padding-left: 30px;\"><strong>Fuente:<\/strong> mi reconocimiento a los lectores de este blog.<\/p>\n<p>\u00a0\u00bfQue os han parecido las adivinanzas? \u00bfSorprendidos? \u00bf Quer\u00e9is proponer alguna? Espero vuestros comentarios y acertijos&#8230;<\/p>\n<p>\u00a1\u00a1Gracias!!<\/p>\n<p>PD: la semana que viene har\u00e9 fiesta \u00a0en el blog ya que el mi\u00e9rcoles participar\u00e9 \u00a0en la charla y mesa redonda sobre energ\u00eda que tendr\u00e1 lugar el mi\u00e9rcoles 21 de mayo en el Festival de Cine Medioambiental de Zaragoza. Si os acerc\u00e1is me encantar\u00e1 saludaros!!<\/p>\n\n\n<div class=\"kk-star-ratings kksr-auto kksr-align-left kksr-valign-bottom\"\n    data-payload='{&quot;align&quot;:&quot;left&quot;,&quot;id&quot;:&quot;4714&quot;,&quot;slug&quot;:&quot;default&quot;,&quot;valign&quot;:&quot;bottom&quot;,&quot;ignore&quot;:&quot;&quot;,&quot;reference&quot;:&quot;auto&quot;,&quot;class&quot;:&quot;&quot;,&quot;count&quot;:&quot;0&quot;,&quot;legendonly&quot;:&quot;&quot;,&quot;readonly&quot;:&quot;&quot;,&quot;score&quot;:&quot;0&quot;,&quot;starsonly&quot;:&quot;&quot;,&quot;best&quot;:&quot;5&quot;,&quot;gap&quot;:&quot;5&quot;,&quot;greet&quot;:&quot;Valora este post&quot;,&quot;legend&quot;:&quot;0\\\/5 - (0 votos)&quot;,&quot;size&quot;:&quot;24&quot;,&quot;title&quot;:&quot;Adivina, adivinanza...&quot;,&quot;width&quot;:&quot;0&quot;,&quot;_legend&quot;:&quot;{score}\\\/{best} - ({count} {votes})&quot;,&quot;font_factor&quot;:&quot;1.25&quot;}'>\n            \n<div class=\"kksr-stars\">\n    \n<div class=\"kksr-stars-inactive\">\n            <div class=\"kksr-star\" data-star=\"1\" style=\"padding-right: 5px\">\n            \n\n<div class=\"kksr-icon\" style=\"width: 24px; height: 24px;\"><\/div>\n        <\/div>\n            <div class=\"kksr-star\" data-star=\"2\" style=\"padding-right: 5px\">\n            \n\n<div class=\"kksr-icon\" style=\"width: 24px; height: 24px;\"><\/div>\n        <\/div>\n            <div class=\"kksr-star\" data-star=\"3\" style=\"padding-right: 5px\">\n            \n\n<div class=\"kksr-icon\" style=\"width: 24px; height: 24px;\"><\/div>\n        <\/div>\n            <div class=\"kksr-star\" data-star=\"4\" style=\"padding-right: 5px\">\n            \n\n<div class=\"kksr-icon\" style=\"width: 24px; height: 24px;\"><\/div>\n        <\/div>\n            <div class=\"kksr-star\" data-star=\"5\" style=\"padding-right: 5px\">\n            \n\n<div class=\"kksr-icon\" style=\"width: 24px; height: 24px;\"><\/div>\n        <\/div>\n    <\/div>\n    \n<div class=\"kksr-stars-active\" style=\"width: 0px;\">\n            <div class=\"kksr-star\" style=\"padding-right: 5px\">\n            \n\n<div class=\"kksr-icon\" style=\"width: 24px; height: 24px;\"><\/div>\n        <\/div>\n            <div class=\"kksr-star\" style=\"padding-right: 5px\">\n            \n\n<div class=\"kksr-icon\" style=\"width: 24px; height: 24px;\"><\/div>\n        <\/div>\n            <div class=\"kksr-star\" style=\"padding-right: 5px\">\n            \n\n<div class=\"kksr-icon\" style=\"width: 24px; height: 24px;\"><\/div>\n        <\/div>\n            <div class=\"kksr-star\" style=\"padding-right: 5px\">\n            \n\n<div class=\"kksr-icon\" style=\"width: 24px; height: 24px;\"><\/div>\n        <\/div>\n            <div class=\"kksr-star\" style=\"padding-right: 5px\">\n            \n\n<div class=\"kksr-icon\" style=\"width: 24px; height: 24px;\"><\/div>\n        <\/div>\n    <\/div>\n<\/div>\n                \n\n<div class=\"kksr-legend\" style=\"font-size: 19.2px;\">\n            <span class=\"kksr-muted\">Valora este post<\/span>\n    <\/div>\n    <\/div>\n","protected":false},"excerpt":{"rendered":"<p>\u00bfQui\u00e9n no ha jugado nunca al perenne y sorprendente juego de las adivinanzas? A lo largo de estas \u00faltimas semanas he tenido el placer de participar en algunas charlas, conferencias y otros formatos acerca del sector el\u00e9ctrico espa\u00f1ol, su regulaci\u00f3n y el autoconsumo; durante el proceso de preparaci\u00f3n de las presentaciones me he tropezado con &hellip; <a href=\"https:\/\/solartradex.com\/blog\/adivina-adivinanza\/\" class=\"more-link\">Seguir leyendo <span class=\"screen-reader-text\">Adivina, adivinanza&#8230;<\/span> <span class=\"meta-nav\">&rarr;<\/span><\/a><\/p>\n","protected":false},"author":2,"featured_media":0,"comment_status":"open","ping_status":"closed","sticky":false,"template":"","format":"standard","meta":{"inline_featured_image":false,"_mbp_gutenberg_autopost":false,"footnotes":""},"categories":[],"tags":[],"class_list":["post-4714","post","type-post","status-publish","format-standard","hentry"],"fimg_url":false,"post_mailing_queue_ids":[],"_links":{"self":[{"href":"https:\/\/solartradex.com\/blog\/wp-json\/wp\/v2\/posts\/4714","targetHints":{"allow":["GET"]}}],"collection":[{"href":"https:\/\/solartradex.com\/blog\/wp-json\/wp\/v2\/posts"}],"about":[{"href":"https:\/\/solartradex.com\/blog\/wp-json\/wp\/v2\/types\/post"}],"author":[{"embeddable":true,"href":"https:\/\/solartradex.com\/blog\/wp-json\/wp\/v2\/users\/2"}],"replies":[{"embeddable":true,"href":"https:\/\/solartradex.com\/blog\/wp-json\/wp\/v2\/comments?post=4714"}],"version-history":[{"count":2,"href":"https:\/\/solartradex.com\/blog\/wp-json\/wp\/v2\/posts\/4714\/revisions"}],"predecessor-version":[{"id":7153,"href":"https:\/\/solartradex.com\/blog\/wp-json\/wp\/v2\/posts\/4714\/revisions\/7153"}],"wp:attachment":[{"href":"https:\/\/solartradex.com\/blog\/wp-json\/wp\/v2\/media?parent=4714"}],"wp:term":[{"taxonomy":"category","embeddable":true,"href":"https:\/\/solartradex.com\/blog\/wp-json\/wp\/v2\/categories?post=4714"},{"taxonomy":"post_tag","embeddable":true,"href":"https:\/\/solartradex.com\/blog\/wp-json\/wp\/v2\/tags?post=4714"}],"curies":[{"name":"wp","href":"https:\/\/api.w.org\/{rel}","templated":true}]}}