{"id":5246,"date":"2015-05-18T08:04:07","date_gmt":"2015-05-18T06:04:07","guid":{"rendered":"http:\/\/solartradex.com\/blog\/?p=5246"},"modified":"2023-06-19T22:13:03","modified_gmt":"2023-06-19T20:13:03","slug":"bienvenido-mister-tesla1","status":"publish","type":"post","link":"https:\/\/solartradex.com\/blog\/bienvenido-mister-tesla1\/","title":{"rendered":"\u00a1\u00a1\u00a1Bienvenido Mister Tesla!!! (I)"},"content":{"rendered":"<p>Y finalmente, en \u00a0la madrugada del pasado\u00a0jueves d\u00eda 30 de abril, y tras meses de gran expectaci\u00f3n, nos llegaba la esperad\u00edsima\u00a0y no menos anunciada\u00a0rueda de prensa del visionario emprendedor, fundador y CEO de Tesla, don\u00a0Elon Musk&#8230;. \u00a0y\u00a0\u00a0con ella, \u00a0y con el correspondiente anuncio de la llegada de unas\u00a0bater\u00edas venidas de \u00abde otro tiempo\u00bb, \u00a0un mar de ilusi\u00f3n y esperanza nos inund\u00f3.<\/p>\n<p>La Espa\u00f1a renovable, otrora reina mundial de la energ\u00eda solar y que actualmente transita sucumbida entre la impotencia e indignaci\u00f3n por las pol\u00edticas anti-renovables del\u00a0Gobierno espa\u00f1ol\u00a0, recobraba, como por arte magia, \u00a0su autoestima, y bendec\u00eda alzando la voz y con tremendo optimismo, la llegada del nuevo mes\u00edas\u00a0<em><strong>\u00a1\u00a1\u00a1 Bienvenido Mr. Tesla!!!<\/strong><\/em><\/p>\n<p><img fetchpriority=\"high\" decoding=\"async\" class=\"aligncenter wp-image-5258 size-full\" src=\"https:\/\/solartradex.com\/blog\/wp-content\/uploads\/2015\/05\/Fotolia_79049937_S.jpg\" alt=\"Tesla SolarTradex\" width=\"849\" height=\"566\" title=\"\" srcset=\"https:\/\/solartradex.com\/blog\/wp-content\/uploads\/2015\/05\/Fotolia_79049937_S.jpg 849w, https:\/\/solartradex.com\/blog\/wp-content\/uploads\/2015\/05\/Fotolia_79049937_S-300x200.jpg 300w\" sizes=\"(max-width: 849px) 100vw, 849px\" \/><\/p>\n<p>Unas bater\u00edas que sin lugar a dudas , han nacido con el noble y ya preconcebido objetivo de\u00a0cambiar el caduco\u00a0modelo energ\u00e9tico\u00a0tradicional de generaci\u00f3n de electricidad centralizada&#8230;. Y ser\u00e1 quiz\u00e1s, por la bondad de la misi\u00f3n, o\u00a0qui\u00e9n sabe si\u00a0por la magnitud de la tarea, que incluso el astro rey ha saludado\u00a0tan magna\u00a0noticia, obsequi\u00e1ndonos, ah\u00ed es nada, con el mes de mayo con mayor irradiaci\u00f3n solar de los \u00faltimos\u00a0\u00a1\u00a140 a\u00f1os!!!<\/p>\n<p>Esta semana publicamos la primera parte de esta serie de dos art\u00edculos, en el que repasaremos brevemente algunas de las implicaciones y principales caracter\u00edsticas de las nuevas bater\u00edas de Tesla; y con el fin de no\u00a0extendernos excesivamente, dejaremos para la pr\u00f3xima semana, una segunda entrega\u00a0en la que\u00a0plantearemos un dimensionado tipo para un hogar con un consumo anual del orden de 2.500 kWh y su correspondiente an\u00e1lisis econ\u00f3mico.<\/p>\n<p>\u00bf Empezamos?<\/p>\n<p><!--more--><\/p>\n<p>En primer lugar y\u00a0\u00a0m\u00e1s all\u00e1 de creer m\u00e1s o menos en el potencial de las bater\u00edas, es justo reconocer\u00a0que la apuesta de Tesla ha sido absolutamente\u00a0disruptiva. <strong>Ya nunca nada ser\u00e1 como antes&#8230;<\/strong><\/p>\n<p>Recordareis que en mi \u00faltimo art\u00edculo en el que os planteaba la cuesti\u00f3n de\u00a0si hab\u00eda llegado la hora de las bater\u00edas, \u00a0cerraba diciendo: \u00abEl autoconsumo con bater\u00edas ser\u00e1 universal cuando se complete\u00a0 la curva de aprendizaje l\u00f3gica que debe recorrer cualquier nueva \u00a0tecnolog\u00eda ( en realidad las bater\u00edas de litio de peque\u00f1a capacidad no son tan nuevas), y para ello el megaproyecto de Tesla con la producci\u00f3n en cadena de las bater\u00edas a gran escala, ser\u00e1 de gran utilidad\u00a0para permitir,\u00a0estos precios cada vez m\u00e1s competitivos\u00bb<\/p>\n<p>Pues bien&#8230;. parece que han bastado apenas 4 semanas para recorrer buena parte de la curva de aprendizaje necesaria, pasando de los\u00a01.000 \u20ac\/kWh justo antes del anuncio, hasta los \u00a0380 \u20ac\/kWh que nos propone Tesla ( 3.000 $ la bater\u00eda de 7 kWh y 3.500 $ la de 10 kWh), lo que viene a suponer una reducci\u00f3n nada m\u00e1s y nada menos que del \u00a0\u00a1\u00a1\u00a1\u00a1 62%!!!!<\/p>\n<p>Y lo mejor de todo es que a partir de ahora el resto de fabricantes de todo el mundo se ver\u00e1n obligados a reducir precios para poder ser competitivos en el mercado, lo que l\u00f3gicamente conllevar\u00e1\u00a0nuevas bajadas sistem\u00e1ticas de precio hasta llegar a un punto de equilibrio racional con los costes reales de fabricaci\u00f3n. Vamos a ver&#8230;<\/p>\n<p>Y es que debo confesar que \u00a1\u00a1\u00a1 Me encanta Elon Musk!!!<\/p>\n<p>Creo que era Albert Einstein qui\u00e9n afirm\u00f3\u00a0que si quer\u00edamos conseguir resultados diferentes, deb\u00edamos hacer cosas diferentes&#8230; algo tan l\u00f3gico y tan de sentido com\u00fan, que hasta ahora tan\u00a0s\u00f3lo genios de la talla de Elon Musk han sido\u00a0capaces de llevar a cabo, \u00bf no?<\/p>\n<p>Pues bien, Elon Musk, ya nos sorprendi\u00f3 hace algo m\u00e1s de un a\u00f1o, haciendo algo, que casi ning\u00fan\u00a0empresario en su sano juicio hubiera hecho nunca, liberar sus patentes de fabricaci\u00f3n de bater\u00edas con el objetivo de que todos los fabricantes pudieran tener acceso a ellas, y acelerar as\u00ed\u00a0la competitividad y la consecuente llegada masiva del coche el\u00e9ctrico.<\/p>\n<p>Y no satisfecho con esto, ahora va el t\u00edo y dobla la apuesta, anunciando las nuevas bater\u00edas, \u00a0cuando todav\u00eda no tiene ni terminada la f\u00e1brica que debe producirlas, asegur\u00e1ndose un listado de m\u00e1s de 38.000 pedidos anticipados que le garantiza\u00a0tener vendida toda su producci\u00f3n hasta mediados del a\u00f1o 2016&#8230;\u00a0\u00bfhay mejor manera de conseguir financiaci\u00f3n de un banco que la de presentar un listado interminable de pedidos?<\/p>\n<p>En otras palabras, lo que ha hecho el bueno de Musk, es montar un Crowdfunding masivo\u00a0que le ayude a financiar la construcci\u00f3n de su Gigafactory de bater\u00edas\u2026 lo dicho \u00a1\u00a1un aut\u00e9ntico crack!!<\/p>\n<p>Pero vayamos a la cuesti\u00f3n t\u00e9cnica&#8230; <strong>\u00bfqu\u00e9 nos propone Tesla?<\/strong><\/p>\n<p>Para resumir de un modo muy r\u00e1pido, Tesla plantea dos soluciones distintas en funci\u00f3n del \u00a0segmento de mercado al que va dirigida:<\/p>\n<p><strong>1. Mercado dom\u00e9stico.<\/strong><\/p>\n<p>Para consumidores dom\u00e9sticos, Tesla nos tiene preparado el producto bautizado como <strong>Powerwall<\/strong>:<\/p>\n<p><img decoding=\"async\" class=\"aligncenter wp-image-5271 size-full\" src=\"https:\/\/solartradex.com\/blog\/wp-content\/uploads\/2015\/05\/powerwall.jpg\" alt=\"Powerwall Tesla SolarTradex\" width=\"3040\" height=\"1688\" title=\"\" srcset=\"https:\/\/solartradex.com\/blog\/wp-content\/uploads\/2015\/05\/powerwall.jpg 2560w, https:\/\/solartradex.com\/blog\/wp-content\/uploads\/2015\/05\/powerwall-300x167.jpg 300w, https:\/\/solartradex.com\/blog\/wp-content\/uploads\/2015\/05\/powerwall-1024x569.jpg 1024w\" sizes=\"(max-width: 3040px) 100vw, 3040px\" \/><\/p>\n<ul>\n<li>Dos tipos de bater\u00edas:\n<ul>\n<li>de <strong>7 kWh para uso diario.<\/strong> Admite 365 ciclos de carga-descarga anuales, y con una vida \u00fatil estimada de 15 a\u00f1os. Precio: 3.000 $\/unidad.<\/li>\n<li>de <strong>10 kWh solo para uso de respaldo<\/strong> en caso de fallo de la red el\u00e9ctrica. Esta bater\u00eda admite unos 50-70 ciclos de carga-descarga anuales, por lo que no est\u00e1 pensada ni dise\u00f1ada para su uso diario.\u00a0Precio: 3.500 $\/unidad.<\/li>\n<\/ul>\n<\/li>\n<li>Ambas bater\u00edas f\u00e1cilmente ampliables en cascada\u00a0hasta formar conjuntos de 9 bater\u00edas; por lo que llegar\u00edamos a una capacidad de acumulaci\u00f3n de hasta 63 kWh y 90 kWh respectivamente.<\/li>\n<li>Estas bater\u00edas pueden suministrar hasta 2 kW en r\u00e9gimen permanente y 3,3 kW de potencia punta con un 92% de rendimiento.<\/li>\n<li>Bater\u00edas con una alta intensidad energ\u00e9tica y un dise\u00f1o \u00abcool\u00bb, que no s\u00f3lo nos permitir\u00e1 almacenar energ\u00eda en el m\u00ednimo espacio posible, sino que adem\u00e1s, la querremos\u00a0\u00a0instalar en el comedor de casa para presumir de dise\u00f1o con nuestros colegas.<\/li>\n<li>Garant\u00eda de 10 a\u00f1os, que nos asegura una vida \u00fatil incluso superior a las bater\u00edas solares convencionales de plomo \u00e1cido.<\/li>\n<li>Acuerdos con fabricantes de inversores de m\u00e1xima calidad y garant\u00eda ( Fronius, SolarEdge, etc.. y vendr\u00e1n m\u00e1s), que garantiza soluciones de alto valor para consumidores dom\u00e9sticos y comerciales.<\/li>\n<\/ul>\n<p>Sin embargo, y a pesar de la magn\u00edfica primera impresi\u00f3n que nos han dejado estas\u00a0bater\u00edas, debemos tener muy presente\u00a0que de \u00a0momento estamos tan s\u00f3lo, ante una primera versi\u00f3n; lo que\u00a0l\u00f3gicamente, conlleva ciertas debilidades que deber\u00e1n superarse m\u00e1s pronto que tarde. Es en este sentido que es importante destacar que\u00a0a d\u00eda de hoy, estas bater\u00edas no est\u00e1n preparadas para la desconexi\u00f3n total de la red el\u00e9ctrica, y por lo tanto si nuestra idea va en esta direcci\u00f3n deberemos esperar un tiempo todav\u00eda.<\/p>\n<p>Insisto, \u00a0que en todo caso se trata tan s\u00f3lo de una primera versi\u00f3n, me atrever\u00eda incluso a llamarlo\u00a0un primer prototipo&#8230;. \u00bf O es que a alguien le importa a d\u00eda de hoy como era\u00a0la primera versi\u00f3n del iPhone?<\/p>\n<p><strong>2. Mercado comercial e industrial.<\/strong><\/p>\n<p>Igualmente\u00a0Tesla ha lanzado el llamado Powerpack, una soluci\u00f3n\u00a0dirigida al segmento de consumidores comerciales y\/o industriales,\u00a0con una capacidad de acumulaci\u00f3n de\u00a0100 kWh.<\/p>\n<p><img decoding=\"async\" class=\"aligncenter wp-image-5275\" src=\"https:\/\/solartradex.com\/blog\/wp-content\/uploads\/2015\/05\/Captura-de-pantalla-2015-05-15-a-las-20.39.35.png\" alt=\"Powerpack Tesla SolarTardex\" width=\"200\" height=\"384\" title=\"\" srcset=\"https:\/\/solartradex.com\/blog\/wp-content\/uploads\/2015\/05\/Captura-de-pantalla-2015-05-15-a-las-20.39.35.png 376w, https:\/\/solartradex.com\/blog\/wp-content\/uploads\/2015\/05\/Captura-de-pantalla-2015-05-15-a-las-20.39.35-156x300.png 156w\" sizes=\"(max-width: 200px) 100vw, 200px\" \/>Cada unidad de\u00a0Powerpack es una cabina que admite hasta 5 racks de 100 kWh, formando unidades de hasta 500 kWh&#8230; pero lo mejor de todo es que el Powerback est\u00e1 dise\u00f1ado para ser escalable infinitamente mediante la uni\u00f3n de distintas unidades de 500 kWh; o dicho de otro modos:\u00a0podemos acumular 1 GWh de energ\u00eda con \u00a1\u00a1\u00a110.000 Powerpacks de 100 kWh!!!<\/p>\n<p>Parece incluso que en estos momentos ya existe alguna empresa el\u00e9ctrica en U.S.A que est\u00e1 en conversaciones\u00a0para desarrollar un proyecto de generaci\u00f3n el\u00e9ctrica de 250 MW utilizando exclusivamente el Powerpack, solucion\u00e1ndose de este modo uno de los mayores inconvenientes de las energ\u00edas renovables, su falta de continuidad.<\/p>\n<p>Sin embargo una vez m\u00e1s, y al igual que sucede con el Powerwall dom\u00e9stico, tengo que reconocer que en estos momentos existen todav\u00eda algunas\u00a0sombras acerca\u00a0del grado de desarrollo actual\u00a0del Powerpack;\u00a0\u00a0o al menos, Tesla no ha proporcionado o no ha querido proporcionar mucha informaci\u00f3n al respecto, como por ejemplo, su vida \u00fatil, ciclaje, potencia pico a suministrar, potencia en r\u00e9gimen permanente, etc&#8230; y lo m\u00e1s importante, su\u00a0precio; del que s\u00f3lo sabemos gracias a un tweet del propio Elon Musk, en el que se\u00f1ala\u00a0 un precio de salida de 250$\/kWh para grandes proyectos\u00a0de\u00a0generaci\u00f3n de empresas el\u00e9ctricas.<\/p>\n<p><img loading=\"lazy\" decoding=\"async\" class=\"aligncenter wp-image-5306 size-full\" src=\"https:\/\/solartradex.com\/blog\/wp-content\/uploads\/2015\/05\/Captura-de-pantalla-2015-05-17-a-las-12.13.14.png\" alt=\"Precio Powerpack Tesla SolarTradex\" width=\"1162\" height=\"234\" title=\"\" srcset=\"https:\/\/solartradex.com\/blog\/wp-content\/uploads\/2015\/05\/Captura-de-pantalla-2015-05-17-a-las-12.13.14.png 1162w, https:\/\/solartradex.com\/blog\/wp-content\/uploads\/2015\/05\/Captura-de-pantalla-2015-05-17-a-las-12.13.14-300x60.png 300w, https:\/\/solartradex.com\/blog\/wp-content\/uploads\/2015\/05\/Captura-de-pantalla-2015-05-17-a-las-12.13.14-1024x206.png 1024w\" sizes=\"(max-width: 1162px) 100vw, 1162px\" \/><\/p>\n<p>En todo caso, y al igual que con la soluci\u00f3n dom\u00e9stica, sin lugar a dudas el Powerpack es una excelente declaraci\u00f3n de intenciones que nos iluminar\u00e1 \u00a0con optimismo y buena energ\u00eda, el camino que seguro vamos a recorrer durante los pr\u00f3ximos a\u00f1os.<\/p>\n<p>Y es que indudablemente, estoy convencido que con el anuncio de Tesla se han sentado definitivamente las bases de este nuevo modelo energ\u00e9tico que tanto ansiamos.\u00a0 Un modelo energ\u00e9tico basado en la generaci\u00f3n distribuida y el almacenamiento de los excedentes de producci\u00f3n; \u00a0en el que la red de distribuci\u00f3n el\u00e9ctrica tendr\u00e1 un papel fundamental como autopista de intercambio energ\u00e9tico entre consumidores cercanos, y para lo cual deber\u00e1 recibir unos peajes\u00a0justos, razonables y proporcionados al servicio que proveer\u00e1; y en el que las grandes centrales de generaci\u00f3n\u00a0deber\u00e1n ser lo suficiente competitivas para ofrecer un servicio de backup a un coste tambi\u00e9n razonable, y en el que aquellas centrales menos competitivas, contaminantes, peligrosas y\/o no necesarias <span style=\"text-decoration: underline;\"><span style=\"color: #800080;\"><a style=\"color: #800080; text-decoration: underline;\" title=\"Energ\u00eda nuclear Tesla SolarTradex\" href=\"https:\/\/www.forbes.com\/sites\/jeffmcmahon\/2015\/05\/01\/did-tesla-just-kill-nuclear-power\/\" target=\"_blank\" rel=\"noopener\">deber\u00e1n desaparecer sin contraprestaci\u00f3n alguna<\/a><\/span><\/span>&#8230;. este es el reto al que irremediablemente se enfrenta el sector el\u00e9ctrico tradicional, y esperemos sepan estar a la altura de lo que demanda la sociedad, y que conceptos como el peaje de respaldo queden tan s\u00f3lo, \u00a0como meras an\u00e9cdotas m\u00e1s o menos desagradables de alg\u00fan ministrillo del tres al cuarto venido a m\u00e1s; de lo contrario, cada vez ser\u00e1n\u00a0m\u00e1s los consumidores dispuestos a una\u00a0desconexi\u00f3n total y fatal para las empresas el\u00e9ctricas. Esto es lo que hay.<\/p>\n<p>Hoy lo dejamos en este punto, y la semana que viene retomaremos el art\u00edculo para analizar desde el punto de vista t\u00e9cnico y econ\u00f3mico, un caso tipo para un consumidor dom\u00e9stico medio con un consumo anual de unos 2.500 kWh\/a\u00f1o.<\/p>\n<p>Y sobretodo recordad que, diga lo que diga el oligopolio el\u00e9ctrico y haga lo que haga el se\u00f1or ministro, \u00a0<strong>ya nunca nada ser\u00e1 como antes&#8230;. \u00a1\u00a1ser\u00e1 mucho mejor!!<\/strong><\/p>\n<p>\u00a1\u00a1\u00a1 La semana que viene volvemos con m\u00e1s!!!<\/p>\n<p><em><strong>Actualizaci\u00f3n 18 de Abril 2017:<\/strong> En el<span style=\"color: #800080;\"> <a style=\"color: #800080;\" href=\"https:\/\/understandsolar.com\/tesla-powerwall-ii-review\/\" target=\"_blank\" rel=\"noopener\">siguiente link ( en ingl\u00e9s)<\/a><\/span> os dej\u00f3 un interesante art\u00edculo sobre la nueva generaci\u00f3n de bater\u00edas de Tesla, que entre otras novedades duplican su capacidad e incorporan ya un inversor dentro del mismo equipo.<\/em><\/p>\n\n\n<div class=\"kk-star-ratings kksr-auto kksr-align-left kksr-valign-bottom\"\n    data-payload='{&quot;align&quot;:&quot;left&quot;,&quot;id&quot;:&quot;5246&quot;,&quot;slug&quot;:&quot;default&quot;,&quot;valign&quot;:&quot;bottom&quot;,&quot;ignore&quot;:&quot;&quot;,&quot;reference&quot;:&quot;auto&quot;,&quot;class&quot;:&quot;&quot;,&quot;count&quot;:&quot;0&quot;,&quot;legendonly&quot;:&quot;&quot;,&quot;readonly&quot;:&quot;&quot;,&quot;score&quot;:&quot;0&quot;,&quot;starsonly&quot;:&quot;&quot;,&quot;best&quot;:&quot;5&quot;,&quot;gap&quot;:&quot;5&quot;,&quot;greet&quot;:&quot;Valora este post&quot;,&quot;legend&quot;:&quot;0\\\/5 - (0 votos)&quot;,&quot;size&quot;:&quot;24&quot;,&quot;title&quot;:&quot;\u00a1\u00a1\u00a1Bienvenido Mister Tesla!!! (I)&quot;,&quot;width&quot;:&quot;0&quot;,&quot;_legend&quot;:&quot;{score}\\\/{best} - ({count} {votes})&quot;,&quot;font_factor&quot;:&quot;1.25&quot;}'>\n            \n<div class=\"kksr-stars\">\n    \n<div class=\"kksr-stars-inactive\">\n            <div class=\"kksr-star\" data-star=\"1\" style=\"padding-right: 5px\">\n            \n\n<div class=\"kksr-icon\" style=\"width: 24px; height: 24px;\"><\/div>\n        <\/div>\n            <div class=\"kksr-star\" data-star=\"2\" style=\"padding-right: 5px\">\n            \n\n<div class=\"kksr-icon\" style=\"width: 24px; height: 24px;\"><\/div>\n        <\/div>\n            <div class=\"kksr-star\" data-star=\"3\" style=\"padding-right: 5px\">\n            \n\n<div class=\"kksr-icon\" style=\"width: 24px; height: 24px;\"><\/div>\n        <\/div>\n            <div class=\"kksr-star\" data-star=\"4\" style=\"padding-right: 5px\">\n            \n\n<div class=\"kksr-icon\" style=\"width: 24px; height: 24px;\"><\/div>\n        <\/div>\n            <div class=\"kksr-star\" data-star=\"5\" style=\"padding-right: 5px\">\n            \n\n<div class=\"kksr-icon\" style=\"width: 24px; height: 24px;\"><\/div>\n        <\/div>\n    <\/div>\n    \n<div class=\"kksr-stars-active\" style=\"width: 0px;\">\n            <div class=\"kksr-star\" style=\"padding-right: 5px\">\n            \n\n<div class=\"kksr-icon\" style=\"width: 24px; height: 24px;\"><\/div>\n        <\/div>\n            <div class=\"kksr-star\" style=\"padding-right: 5px\">\n            \n\n<div class=\"kksr-icon\" style=\"width: 24px; height: 24px;\"><\/div>\n        <\/div>\n            <div class=\"kksr-star\" style=\"padding-right: 5px\">\n            \n\n<div class=\"kksr-icon\" style=\"width: 24px; height: 24px;\"><\/div>\n        <\/div>\n            <div class=\"kksr-star\" style=\"padding-right: 5px\">\n            \n\n<div class=\"kksr-icon\" style=\"width: 24px; height: 24px;\"><\/div>\n        <\/div>\n            <div class=\"kksr-star\" style=\"padding-right: 5px\">\n            \n\n<div class=\"kksr-icon\" style=\"width: 24px; height: 24px;\"><\/div>\n        <\/div>\n    <\/div>\n<\/div>\n                \n\n<div class=\"kksr-legend\" style=\"font-size: 19.2px;\">\n            <span class=\"kksr-muted\">Valora este post<\/span>\n    <\/div>\n    <\/div>\n","protected":false},"excerpt":{"rendered":"<p>Y finalmente, en \u00a0la madrugada del pasado\u00a0jueves d\u00eda 30 de abril, y tras meses de gran expectaci\u00f3n, nos llegaba la esperad\u00edsima\u00a0y no menos anunciada\u00a0rueda de prensa del visionario emprendedor, fundador y CEO de Tesla, don\u00a0Elon Musk&#8230;. \u00a0y\u00a0\u00a0con ella, \u00a0y con el correspondiente anuncio de la llegada de unas\u00a0bater\u00edas venidas de \u00abde otro tiempo\u00bb, \u00a0un mar &hellip; <a href=\"https:\/\/solartradex.com\/blog\/bienvenido-mister-tesla1\/\" class=\"more-link\">Seguir leyendo <span class=\"screen-reader-text\">\u00a1\u00a1\u00a1Bienvenido Mister Tesla!!! (I)<\/span> <span class=\"meta-nav\">&rarr;<\/span><\/a><\/p>\n","protected":false},"author":2,"featured_media":5258,"comment_status":"open","ping_status":"closed","sticky":false,"template":"","format":"standard","meta":{"inline_featured_image":false,"_mbp_gutenberg_autopost":false,"footnotes":""},"categories":[99],"tags":[],"class_list":["post-5246","post","type-post","status-publish","format-standard","has-post-thumbnail","hentry","category-eficiencia-energetica"],"fimg_url":"https:\/\/solartradex.com\/blog\/wp-content\/uploads\/2015\/05\/Fotolia_79049937_S.jpg","post_mailing_queue_ids":[],"_links":{"self":[{"href":"https:\/\/solartradex.com\/blog\/wp-json\/wp\/v2\/posts\/5246","targetHints":{"allow":["GET"]}}],"collection":[{"href":"https:\/\/solartradex.com\/blog\/wp-json\/wp\/v2\/posts"}],"about":[{"href":"https:\/\/solartradex.com\/blog\/wp-json\/wp\/v2\/types\/post"}],"author":[{"embeddable":true,"href":"https:\/\/solartradex.com\/blog\/wp-json\/wp\/v2\/users\/2"}],"replies":[{"embeddable":true,"href":"https:\/\/solartradex.com\/blog\/wp-json\/wp\/v2\/comments?post=5246"}],"version-history":[{"count":2,"href":"https:\/\/solartradex.com\/blog\/wp-json\/wp\/v2\/posts\/5246\/revisions"}],"predecessor-version":[{"id":7152,"href":"https:\/\/solartradex.com\/blog\/wp-json\/wp\/v2\/posts\/5246\/revisions\/7152"}],"wp:featuredmedia":[{"embeddable":true,"href":"https:\/\/solartradex.com\/blog\/wp-json\/wp\/v2\/media\/5258"}],"wp:attachment":[{"href":"https:\/\/solartradex.com\/blog\/wp-json\/wp\/v2\/media?parent=5246"}],"wp:term":[{"taxonomy":"category","embeddable":true,"href":"https:\/\/solartradex.com\/blog\/wp-json\/wp\/v2\/categories?post=5246"},{"taxonomy":"post_tag","embeddable":true,"href":"https:\/\/solartradex.com\/blog\/wp-json\/wp\/v2\/tags?post=5246"}],"curies":[{"name":"wp","href":"https:\/\/api.w.org\/{rel}","templated":true}]}}