{"id":5320,"date":"2015-06-09T12:23:50","date_gmt":"2015-06-09T10:23:50","guid":{"rendered":"http:\/\/solartradex.com\/blog\/?p=5320"},"modified":"2023-06-19T22:13:03","modified_gmt":"2023-06-19T20:13:03","slug":"borrador-de-real-decreto-de-autoconsumo-la-ultima-meadita-del-sr-ministro","status":"publish","type":"post","link":"https:\/\/solartradex.com\/blog\/borrador-de-real-decreto-de-autoconsumo-la-ultima-meadita-del-sr-ministro\/","title":{"rendered":"Borrador de Real Decreto de Autoconsumo, la \u00faltima meadita del Sr. Ministro."},"content":{"rendered":"<p>\u00bfSer\u00e1 a la tercera la vencida? Apuesto que no. El pasado viernes d\u00eda 5 de junio de 2015, para m\u00e1s inri, d\u00eda mundial del medio ambiente, nuestro Ministro de Industria, Energ\u00eda y Turismo, don Jos\u00e9 Manuel Soria, quedaba una vez m\u00e1s retratado, y son infinitas, al publicar una nueva propuesta de real decreto con la que supuestamente pretende desarrollar y promover el autoconsumo en Espa\u00f1a.<\/p>\n<p>En estos tiempos en que el Gobierno de Espa\u00f1a tan preocupado est\u00e1 por&nbsp;la falta de respeto a los s\u00edmbolos nacionales, quiz\u00e1s debi\u00e9ramos empezar a plantearnos, que si lo que verdaderamente es una falta de respeto y escarnio p\u00fablico, no&nbsp;sea&nbsp;esta forma tan altiva y prepotente de hacer pol\u00edtica en la que vive instalado de forma consciente, interesada y recurrente&nbsp;el Gobierno del Partido Popular&#8230;. &nbsp;\u00bf y es que existe mayor falta de respeto a nuestra condici\u00f3n&nbsp;humana, que&nbsp;las puertas giratorias, la \u00abpresunta\u00bb prevaricaci\u00f3n y la privaci\u00f3n de nuestra libertad individual para autoabastecer parte de nuestras necesidades energ\u00e9ticas de forma sostenible&nbsp;y sin ning\u00fan tipo de ayuda ni subvenci\u00f3n? Seguro que no.<\/p>\n<p>Esta semana,&nbsp;compartir\u00e9&nbsp;mi particular an\u00e1lisis &nbsp;de aspectos&nbsp;m\u00e1s destacados de este nuevo borrador de real decreto de autoconsumo (y &nbsp;ya van tres desde Noviembre del 2011) \u00a1\u00a1\u00a1Empezamos!!!<\/p>\n<p><img fetchpriority=\"high\" decoding=\"async\" class=\"aligncenter wp-image-5327 size-full\" src=\"https:\/\/solartradex.com\/blog\/wp-content\/uploads\/2015\/06\/Fotolia_46862519_XS.jpg\" alt=\"Borrador de real decreto de autoconsumo\" width=\"412\" height=\"291\" title=\"\" srcset=\"https:\/\/solartradex.com\/blog\/wp-content\/uploads\/2015\/06\/Fotolia_46862519_XS.jpg 412w, https:\/\/solartradex.com\/blog\/wp-content\/uploads\/2015\/06\/Fotolia_46862519_XS-300x212.jpg 300w\" sizes=\"(max-width: 412px) 100vw, 412px\" \/><\/a><\/p>\n<p><!--more-->&nbsp;Antes que nada, ya os avanzo que este nuevo borrador de real decreto de autoconsumo es sorprendentemente y tristemente, casi id\u00e9ntico al que present\u00f3 este mismo ministro hace ahora ya casi dos a\u00f1os, concretamente el d\u00eda 18 de julio de 2013, y el cual&nbsp;recibi\u00f3 el rechazo un\u00e1nime de las extintas Comisi\u00f3n Nacional de la Energ\u00eda y Comisi\u00f3n de Defensa de la Competencia, que calificaron al tristemente famoso<span style=\"color: #800080;\"><a style=\"color: #800080; text-decoration: underline;\" title=\"\u00bfPor qu\u00e9 el peaje de respaldo es improcedente y discriminatorio?\" href=\"https:\/\/solartradex.com\/blog\/por-que-el-peaje-de-respaldo-es-improcedente-y-discriminatorio\/\" target=\"_blank\" rel=\"noopener\"> \u201cpeaje de respaldo\u201d como improcedente y discriminatorio.<\/a><\/span><\/p>\n<p>Y ahora me preguntar\u00e9is\u2026. \u00bf Y entonces, por qu\u00e9 narices nos presentan un nueva propuesta de real decreto de autoconsumo? Os lo voy a contar amigos\u2026. atended, porque os juro que tiene miga.<\/p>\n<p>Pues resulta que hace ya unas semanas, nuestro erudito Ministro Soria, algo alterado y muy cabreado llam\u00f3 a cap\u00edtulo a su lurgarteniente y Secretario de Estado don Alberto Nadal ( las malas lenguas aseguran que casi no se pueden ver\u2026).<\/p>\n<ul>\n<li>\u00a1Co\u00f1o Alberto, esto no puede ser! Estamos haciendo el rid\u00edculo con el autoconsumo, llevamos dos a\u00f1os con un borrador de real decreto y no hemos tenido el valor que se nos supone a los populares para tirarlo para adelante.<\/li>\n<li>\u00bfPero jefe, no me dijo usted que mare\u00e1semos la perdiz, pero que sobretodo no aprob\u00e1semos nada, y que con la simple amenaza del peaje de respaldo ya habr\u00eda suficiente para paralizar a todo el sector renovable, de manera que nadie nos podr\u00eda acusar aprobar un real decreto arbritario, discriminatorio e improcedente? \u00bf Recuerda?<\/li>\n<li>Si, si, Alberto; recuerdo muy bien lo que te dije\u2026. pero es que resulta que ya han pasado dos a\u00f1os y se nos est\u00e1 viendo el plumero. Incluso la <span style=\"text-decoration: underline;\"><span style=\"color: #800080;\"><a style=\"color: #800080; text-decoration: underline;\" title=\"El Parlamento Europeo abre investigaci\u00f3n acerca del peaje de respaldo al autoconsumo.\" href=\"https:\/\/solartradex.com\/blog\/la-comision-europea-abre-investigacion-acerca-del-peaje-de-respaldo-al-autoconsumo\/\" target=\"_blank\" rel=\"noopener\">Comisi\u00f3n Europea me est\u00e1 preguntando qu\u00e9 planes tenemos con respecto al autoconsumo<\/a><\/span><\/span>, y que si estaremos mucho m\u00e1s tiempo incumpliendo la directiva de renovables\u2026 me entiendes \u00bfno?<\/li>\n<li>Ahh!! Ok, jefe. No se preocupe, le juro que la semana que tiene aprobado el real decreto y problema solucionado.<\/li>\n<li>\u00a1\u00a1\u00a1Nooooo!!!! \u00a1\u00a1\u00a1Que ese real decreto es inaprobable!!! \u00bf no ves que si lo aprobamos con el peaje de respaldo incluso Ca\u00f1ete me va a llamar al orden, y <span style=\"text-decoration: underline;\"><span style=\"color: #800080; text-decoration: underline;\"><a style=\"color: #800080; text-decoration: underline;\" title=\"Forbes peaje al sol \" href=\"https:\/\/www.forbes.com\/sites\/kellyphillipserb\/2013\/08\/19\/out-of-ideas-and-in-debt-spain-sets-sights-on-taxing-the-sun\/\" target=\"_blank\" rel=\"noopener\">saldremos otra vez en Forbes<\/a>?<\/span><\/span> \u00bf Que podemos hacer?<\/li>\n<li>\u00bfY si le cambiamos el nombre al peaje de respaldo y as\u00ed nadie nos podr\u00e1 acusar de ponerle un peaje al sol?<\/li>\n<li>\u00bf Y como lo llamamos?<\/li>\n<li>Lo podemos llamar\u2026. lo podemos llamar\u2026. <strong><em>\u00a1\u00a1\u00a1Cargos por otros servicios del sistema!!!<\/em><\/strong>, seguro que ninguno de esos borregos se dar\u00e1 cuenta\u2026 \u00bf Qu\u00e9 le parece?<\/li>\n<li>\u00a1\u00a1\u00a1 Brillante, Alberto, brillante!!! Desde luego, me sorprende que una propuesta de tan alto nivel no haya salido de mi cabeza\u2026 Debo confesarle que usted seria un digno sucesor de nuestro Rodrigo Rato en el FMI\u2026. tiene usted una mente privilegiada, Alberto.<\/li>\n<\/ul>\n<p>Pues si amigos, el Sr. Soria y el Sr. Nadal, no s\u00f3lo nos toman por borregos, sino por borregos e imb\u00e9ciles al mismo tiempo, a nosotros, a la Comisi\u00f3n Nacional de los Mercados y de la Competencia y a la Comisi\u00f3n Europea; porque no lo olvid\u00e9is\u2026 ellos si que son muuu inteligentes, y sobretodo <strong>\u00a1\u00a1\u00a1Prepotentes!!!<\/strong><\/p>\n<p>Como ya hab\u00e9is imaginado, la historia que os he contado es fruto de mi pobre imaginaci\u00f3n, y la verdad es que no puedo aventurar si los sucesos&nbsp;han ido en esta direcci\u00f3n o en otra, pero en realidad poco me importa; lo que tengo claro y di\u00e1fano, es que jugar con la sem\u00e1ntica y utilizar un est\u00fapido eufemismo para esconder y confundir el peaje de respaldo, es de una bajeza pol\u00edtica digna de qui\u00e9n antepone sus intereses personales a los del conjunto de ciudadanos que uno representa. Y esto si es una real falta de respeto.<\/p>\n<p>En todo caso y para ir avanzando, <strong>\u00bfen que se caracteriza el nuevo borrador de real decreto de autoconsumo?<\/strong><\/p>\n<p><strong>&nbsp;1.Se definen 3 tipo de autoconsumo:<\/strong><\/p>\n<p style=\"padding-left: 30px;\"><strong>1. Modalidad con autoconsumo tipo a<\/strong>: &nbsp;Instalaciones de producci\u00f3n &nbsp;conectadas a la red interior de un consumidor y cuya potencia no sea superior a la potencia contratada por el consumidor asociado que no podr\u00e1 superar los 100 kW.<\/p>\n<p style=\"padding-left: 30px;\">En estos casos s\u00f3lo existir\u00e1 sujeto consumidor ( no hay productor asociado) y los excedentes de producci\u00f3n que se generen no se retribuir\u00e1n; lo que supone no tener que dar de alta ninguna actividad econ\u00f3mica ni tener que hacer las declaraciones correspondiente de IVA por la venta de la electricidad excedentaria.<\/p>\n<p style=\"padding-left: 30px;\"><strong>2. Modalidad con autoconsumo tipo b:&nbsp;&nbsp;<\/strong>Instalaciones de producci\u00f3n &nbsp;conectadas a la red interior de un consumidor sin limitaci\u00f3n de potencia de contratada.&nbsp;En este caso tenemos sujeto consumidor y sujeto productor, por lo que si que se podr\u00e1 vender la energ\u00eda excedentaria.<\/p>\n<p style=\"padding-left: 30px;\">A esta modalidad se pueden acoger principalmente, las instalaciones de generaci\u00f3n de&nbsp;hasta 100 kW de potencia al amparo del RD1699\/2011 ( principalmente las fotovoltaicas); y las cogeneraciones de m\u00e1s de 100 kW al amparo del RD413\/2014.<\/p>\n<p style=\"padding-left: 30px;\"><strong>3. Modalidad con autoconsumo tipo c: <\/strong>Instalaciones de producci\u00f3n conectadas con un consumidor mediante una l\u00ednea directa con independencia de la potencia contratada. En este caso tambi\u00e9n existe sujeto generador y productor, pudi\u00e9ndose, una vez m\u00e1s, vender los excedentes de producci\u00f3n generados.<\/p>\n<p style=\"padding-left: 30px;\">En este caso no existe limitaci\u00f3n de la potencia de generaci\u00f3n, por lo que si queremos realizar una instalaci\u00f3n de<strong> autoconsumo solar de m\u00e1s de 100 kW, <\/strong>nos deberemos acoger a esta modalidad.<\/p>\n<p>&nbsp;Y un tema muy importante, quedan afectados por este real decreto, tanto<strong> las instalaciones de inyecci\u00f3n 0,<\/strong> como las que vierten excedentes a la red. Tan s\u00f3lo se salvan las instalaciones aisladas de la red el\u00e9ctrica y que no tienen ning\u00fan contacto f\u00edsico con la red de distribuci\u00f3n el\u00e9ctrica.<\/p>\n<p>Por lo tanto todos los esfuerzos realizados por las Comunidades Aut\u00f3nomas, en aras de promocionar los sistema de autoconsumo sin vertido a la red, en caso de aprobaci\u00f3n final, van a quedar en balde.<\/p>\n<p><strong style=\"line-height: 1.5;\">2. Potencia de las instalaciones solares: <\/strong><span style=\"line-height: 1.5;\">se considerar\u00e1 como potencia instalada la suma de las potencias m\u00e1ximas unitarias de los generadores solares de acuerdo al <span style=\"text-decoration: underline;\"><span style=\"color: #800080;\"><a style=\"color: #800080; text-decoration: underline;\" title=\"RD413\/2014 \" href=\"https:\/\/www.boe.es\/diario_boe\/txt.php?id=BOE-A-2014-6123\" target=\"_blank\" rel=\"noopener\">RD413\/2014<\/a><\/span><\/span>. O dicho de otra manera, la potencia instalada ser\u00e1 la potencia de los m\u00f3dulos solares y no la del inversor.<\/span><\/p>\n<p>Consecuentemente cuando &nbsp;en el punto anterior habl\u00e1bamos de instalaciones de potencia no superior a 100 kW, deberemos entenderlas como instalaciones de 100 kW de m\u00f3dulos solares, y no del inversor, tal y como se consideraba hasta la fecha de acuerdo al <span style=\"text-decoration: underline;\"><span style=\"color: #800080;\"><a style=\"color: #800080; text-decoration: underline;\" title=\"RD1699\/2011\" href=\"https:\/\/www.boe.es\/diario_boe\/txt.php?id=BOE-A-2011-19242\" target=\"_blank\" rel=\"noopener\">RD1699\/2011<\/a><\/span><\/span>.<\/p>\n<p>Recordad que habitualmente la potencia instalada de los m\u00f3dulos solares es entre un 10% y un 20% superior a la nominal de los inversor, lo que supone de facto, reducir sensiblemente el tama\u00f1o de la instalaciones de autoconsumo que se pueden realizar al amparo del RD1699\/2011 (tipo a y tipo b); y obligando a considerar el resto de instalaciones de mayor tama\u00f1o, como instalaciones asociadas a una l\u00ednia directa,&nbsp;con la consecuente mayor complejidad de tramitaci\u00f3n y legalizaci\u00f3n.<\/p>\n<p><strong>3.Posibilidad de interrupci\u00f3n del suministro.&nbsp;<\/strong>Cuando la empresa distribuidora considere que una instalaci\u00f3n de autoconsumo es peligrosa por incumplimiento de los requisitos t\u00e9cnicos contemplados en la presente propuesta de real decreto, podr\u00e1 interrumpir el suministro.<\/p>\n<p>Obviamente esto permite a la empresa distribuidora, interrumpir el suministro de todas aquellas instalaciones ilegales, alegales o no legalizadas; y tambi\u00e9n a todas aquellas instalaciones que en los \u00faltimos tiempos se han realizado bajo el concepto de instalaciones de inyecci\u00f3n 0, bajo el amparo de las normativas auton\u00f3micas espec\u00edficas que se han ido aprobando para incentivar el autoconsumo en Espa\u00f1a.<\/p>\n<p>Por lo tanto no quedar\u00e1 m\u00e1s opci\u00f3n que adaptar a la nueva normativa propuesta&nbsp;todas las instalaciones existentes sin ning\u00fan tipo de excepci\u00f3n.<\/p>\n<p><strong>4.Instalaci\u00f3n de contadores.<\/strong> Se obliga a todos los autoconsumidores, sin distinci\u00f3n de potencia, a instalar un contador a la salida de la instalaci\u00f3n de producci\u00f3n, que permita registrar la energ\u00eda producida por el equipo de generaci\u00f3n, y otro segundo contador bidireccional en el punto frontera con la red de distribuci\u00f3n el\u00e9ctrica, que permita registrar el total de de energ\u00eda consumida de la red y el total de energ\u00eda entregada al sistema el\u00e9ctrico&nbsp;en forma de excedentes.<\/p>\n<p>En otras palabras, si me instalo un kit de autoconsumo de 250 W, con un coste de equipos de aproximadamente 600 \u20ac, &nbsp;resultar\u00e1 que me tengo que gastar 1.000 \u20ac adicionales, instalando dos contadores&#8230;.. esto sin computar los costes asociados de legalizaci\u00f3n. \u00bf A esto le llaman desarrollar el autoconsumo?<\/p>\n<p><strong>5. Cargos por otros servicios del sistema: <\/strong>Tal y como os contaba antes, se ha sustituido el anterior peaje de respaldo por estos nuevo cargos, que en definitiva vienen a ser lo mismo, y que en palabras del propio Ministerio se justifican porque: <em>\u201c los consumidores acogidos a las modalidades de autoconsumo tienen que hacer frente, al igual que otros consumidores, a los costes del sistema el\u00e9ctrico, incluyendo aquellos necesarios para financiar las tecnolog\u00eda de respaldo\u201d. <\/em>O en otras palabras, financiar las tecnolog\u00edas de respaldo, significa retribuir a las centrales de ciclo combinado de gas que supuestamente, est\u00e1n a la espera de que aparezca una nube, para entrar en funcionamiento cuando no podemos generar nuestra propia energ\u00eda.<\/p>\n<p>Y es que siguen sin enterarse de qu\u00e9 va esto\u2026. lo repetir\u00e9 por n-\u00e9sima vez porque este punto es el realmente importante <strong>\u00a1\u00a1\u00a1los consumidores ya estamos pagando el respaldo al sistema por partida doble!!!:<\/strong><\/p>\n<ol>\n<li>Pagamos el <strong>t\u00e9rmino fijo de potencia<\/strong>: que nos da el derecho a consumir, cuando lo creemos conveniente y sin pedir permiso a nadie, energ\u00eda en la cantidad m\u00e1xima instant\u00e1nea que tenemos contratada. Importante recordar que en los dos \u00faltimos a\u00f1os este t\u00e9rmino fijo de potencia se ha visto incrementado en cerca del 100% ( incluso m\u00e1s en tarifas industriales).<\/li>\n<li>Pagamos los <strong>pagos por capacidad<\/strong>: que es un concepto que se cre\u00f3 ya hace a\u00f1os, precisamente para retribuir a estas centrales, principalmente t\u00e9rmicas y ciclos combinados de gas, que ponen una capacidad de potencia a disposici\u00f3n del sistema, con el objetivo de proporcionar el respaldo necesario en caso de un aumento de la demanda el\u00e9ctrica en cualquier instante. Estos pagos por capacidad los pagamos dentro del coste de generaci\u00f3n del kWh y supone aproximadamente el 10% de dicho coste.<\/li>\n<\/ol>\n<p>Y por si no fuera poco, ahora a los autoconumidores se nos quiere hacer pagar por triplicado este respaldo al sistema&#8230;. y digo yo, \u00bf por qu\u00e9 tengo que pagar yo este nuevo cargo en concepto de respaldo al sistema, y en cambio mi vecino que es piloto de avi\u00f3n y que nunca se sabe si va a esta en casa, no debe pagarlo?&nbsp;\u00bf no cre\u00e9is que a pesar de tener una&nbsp;instalaci\u00f3n solar, no es m\u00e1s previsible mi consumo que el de mi vecino? \u00bf Y el Sr. Soria? Apuesto que tambi\u00e9n debe tener un consumo muy aleatorio con tanto viaje arriba y abajo \u00bfa qu\u00e9 si?<\/p>\n<p>En definitiva que tal y como defend\u00eda la Comisi\u00f3n Nacional de la Energ\u00eda en el informe que hizo a resultas del anterior borrador, el peaje de respaldo o como quiera que se llame, es improcedente y adem\u00e1s discriminatorio, porque tambi\u00e9n discrimina el autoconsumo frente a otras medidas de ahorro energ\u00e9tico como puede ser la iluminaci\u00f3n led.<\/p>\n<p>Y por si no fuera poco la en la arbritariedad de este<strong> peaje de respaldo o cargo por otros servicios del sistema<\/strong>, fijaros ahora &nbsp;en la forma como lo han estructurado:<\/p>\n<ol>\n<li><strong>Una compomente variable ( \u20ac\/kWh)<\/strong> que multiplicar\u00e1 al autoconsumo horario, esto es a <strong>\u00a1\u00a1\u00a1toda la energ\u00eda generada por mi instalaci\u00f3n solar y autoconsumida instant\u00e1neamente sin que salga en ning\u00fan momento a la red de distribuci\u00f3n el\u00e9ctrica!!!<\/strong><\/li>\n<\/ol>\n<p style=\"padding-left: 30px;\">Y adem\u00e1s se insiste en la idea del autoconsumo horario, o dicho de otra manera se insiste con la idea del balance neto horario\u2026. toda la energ\u00eda excedentaria entre las 10 h y 10:30 h de la ma\u00f1ana, tan s\u00f3lo la podremos recuperar hasta las 11 h, despu\u00e9s o se regala ( modalidad de autoconsumo tipo a), o se vende a precio de mercado ( resto de modalidades); con la excepci\u00f3n de que llegues a un acuerdo privado con tu comercializador para compensar los excedentes de otra manera&#8230;pero s\u00f3lo por la parte de la energ\u00eda ( no sobre la parte de peajes de consumo).<\/p>\n<p style=\"padding-left: 30px;\">Adjunto encontrar\u00e9is la tabla con los valores de de esta componente variable, en la que los valores han disminuido alrededor del 25% respecto a la anterior propuesta de peaje de respaldo.<\/p>\n<p><img decoding=\"async\" class=\"aligncenter wp-image-5325 size-full\" src=\"https:\/\/solartradex.com\/blog\/wp-content\/uploads\/2015\/06\/Captura-de-pantalla-2015-06-09-a-las-5.48.15.png\" alt=\"Peaje de respaldo autoconsumo\" width=\"2100\" height=\"952\" title=\"\" srcset=\"https:\/\/solartradex.com\/blog\/wp-content\/uploads\/2015\/06\/Captura-de-pantalla-2015-06-09-a-las-5.48.15.png 2100w, https:\/\/solartradex.com\/blog\/wp-content\/uploads\/2015\/06\/Captura-de-pantalla-2015-06-09-a-las-5.48.15-300x136.png 300w, https:\/\/solartradex.com\/blog\/wp-content\/uploads\/2015\/06\/Captura-de-pantalla-2015-06-09-a-las-5.48.15-1024x464.png 1024w\" sizes=\"(max-width: 2100px) 100vw, 2100px\" \/><\/a><\/p>\n<ol start=\"2\">\n<li><strong>Una componente fija ( \u20ac\/kW y a\u00f1o)<\/strong> que multiplicar\u00e1 a &nbsp;<strong>\u00a1\u00a1\u00a1la potencia contratada!!!<\/strong><\/li>\n<\/ol>\n<p>Esta componente no se aplicar\u00e1, de momento, a las instalaciones de autoconsumo conectadas en red interior (tipolog\u00eda a y b), siempre y cuando no tengan sistemas de acumulaci\u00f3n y sean de tecnolog\u00eda solar y\/o e\u00f3lica; lo cual nos conduce a las siguientes situaciones:<\/p>\n<ul>\n<li>Si hago hago instalaci\u00f3n de autoconsumo de m\u00e1s de 100 kWp ( tipolog\u00eda c), no podr\u00e9 eximirme de esta componente fija, o dicho de otro modo, otra forma de poner barreras a las instalaciones de autoconsumo de m\u00e1s de 100 kWp.<\/li>\n<\/ul>\n<ul>\n<li>Si quiero instalar mi sistema de autoconsumo con bater\u00edas conectado a la red, tampoco podr\u00e9 evitar esta componente fija. <strong>\u00bf Por qu\u00e9? &nbsp;&#8211;<\/strong> Imagino que el se\u00f1or Soria, todav\u00eda no se ha enterado de lo de las bater\u00edas de Tesla y de que en poco tiempo la desconexi\u00f3n total ser\u00e1 posibilidad real realidad\u2026<\/li>\n<\/ul>\n<ul>\n<li>El peaje se aplica&nbsp;a la potencia contratada&#8230;.. Imaginaros un consumidor industrial con 500 kW contratados, al que debido a su perfil de consumo de les quiere hacer una instalaci\u00f3n de 200 kW; este se\u00f1or deber\u00e1 pagar un peaje de potencia <strong>\u00a1\u00a1\u00a1por 500 kW!!!<\/strong><\/li>\n<\/ul>\n<p>Adjunto os dejo los valores que toma esta componente fija, y que tal y como pod\u00e9is imaginar&nbsp;no es nada despreciable, ya que para el grupo de posibles consumidores que puedan realizar proyectos de m\u00e1s de 100 kW ( t\u00edpicamente consumidores en media tensi\u00f3n y tarifa de acceso 6.1A), el valor de t\u00e9rmino de potencia final que pagaria el autoconsumidor se veria increnentado en <strong>\u00a1\u00a1\u00a1\u00a1un 66%!!!<\/strong><\/p>\n<p>Resumiendo, que este peaje de respaldo a la potencia es, sin lugar a dudas, la manera m\u00e1s \u00abdisimulada\u00bb que ha encontrado el Sr. Ministro para prohibir las instalaciones de autoconsumo de m\u00e1s de 100 kW.<\/p>\n<p><img decoding=\"async\" class=\"aligncenter wp-image-5326 size-full\" src=\"https:\/\/solartradex.com\/blog\/wp-content\/uploads\/2015\/06\/Captura-de-pantalla-2015-06-09-a-las-5.58.19.png\" alt=\"Peaje respaldo potencia\" width=\"2062\" height=\"858\" title=\"\" srcset=\"https:\/\/solartradex.com\/blog\/wp-content\/uploads\/2015\/06\/Captura-de-pantalla-2015-06-09-a-las-5.58.19.png 2062w, https:\/\/solartradex.com\/blog\/wp-content\/uploads\/2015\/06\/Captura-de-pantalla-2015-06-09-a-las-5.58.19-300x125.png 300w, https:\/\/solartradex.com\/blog\/wp-content\/uploads\/2015\/06\/Captura-de-pantalla-2015-06-09-a-las-5.58.19-1024x426.png 1024w\" sizes=\"(max-width: 2062px) 100vw, 2062px\" \/><\/a><\/p>\n<p>Fijaros incluso que para clientes 3.0A ( empresas en baja tensi\u00f3n), el peaje de respaldo a la potencia es m\u00e1s caro por la noche ( per\u00edodo 3) que en algunas horas de sol ( periodo 2)&#8230;. como si por la noche no fuera previsible que la instalaci\u00f3n solar no va a funcionar, sin comentarios.<\/p>\n<p>\u00bfQu\u00e9 pasar\u00e1 com aquellos consumidores que \u00faltimamente y bajo la f\u00f3rmula de los sistemas de inyecci\u00f3n 0 promocionado por varias Comunidades Aut\u00f3nomas han realizado instalaciones de m\u00e1s de 100 kW?<\/p>\n<p>Estos proyectos tienen problema serio, porque no s\u00f3lo deber\u00e1n regularizar su instalaci\u00f3n, como una instalaci\u00f3n de autoconsumo asociada a una l\u00ednea directa, sino que adem\u00e1s deber\u00e1n pagar este t\u00e9rmino fijo absolutamente disuasorio.<\/p>\n<p>Y finalmente y tambi\u00e9n muy importante en este punto, es que se exime a los consumidores no peninsulares de pagar el peaje de respaldo o cargos por otros servicios del sistema, hasta<strong> 31 de Diciembre de 2019.<\/strong><\/p>\n<p>Hasta aqu\u00ed los puntos m\u00e1s destacados de este borrador de real decreto de autoconsumo que como veis sigue siendo igual de pernicioso y letal para el sector del autoconsumo solar, y que nada m\u00e1s lejos que ayudar a desarrollar este tipo de instalaciones, insiste en su objetivo principal de mantener el status quo actual de un modelo de generaci\u00f3n el\u00e9ctrica centralizado en manos del tradicional oligopolio el\u00e9ctrico.<\/p>\n<p>Sin embargo y a pesar de todo lo le\u00eddo, \u00a1\u00a1seamos positivos!!<\/p>\n<p>Y&nbsp;es que viendo que el \u00faltimo borrador de real decreto de autoconsumo se pas\u00f3 1 a\u00f1o y 10 meses en el limbo sin aprobarse, esta vez con tan s\u00f3lo 5 meses nos basta y sobra (el tiempo para llegar a la pr\u00f3ximas elecciones generales) .. y fijaros que tan claro lo tiene nuestro se\u00f1or Ministro, &nbsp;que antes de que lo larguen nos ha querido obsequiar con su \u00faltima meadita. \u00a1\u00a1A su salud Sr. Soria!!<\/p>\n<p>Bueno, hoy lo dejamos aqu\u00ed, no sin antes invitaros a participar con vuestros comentarios y aportaciones. Me encantar\u00e1 debatir con vosotros y contrastar las distintas opiniones e interpretaciones al articulado del borrador de real decreto de autoconsumo.<\/p>\n<p>\u00a1\u00a1\u00a1Hasta la pr\u00f3xima y \u00e1nimos&#8230; el futuro es renovable, le pese a qui\u00e9n le pese!!!<\/p>\n\n\n<div class=\"kk-star-ratings kksr-auto kksr-align-left kksr-valign-bottom\"\n    data-payload='{&quot;align&quot;:&quot;left&quot;,&quot;id&quot;:&quot;5320&quot;,&quot;slug&quot;:&quot;default&quot;,&quot;valign&quot;:&quot;bottom&quot;,&quot;ignore&quot;:&quot;&quot;,&quot;reference&quot;:&quot;auto&quot;,&quot;class&quot;:&quot;&quot;,&quot;count&quot;:&quot;0&quot;,&quot;legendonly&quot;:&quot;&quot;,&quot;readonly&quot;:&quot;&quot;,&quot;score&quot;:&quot;0&quot;,&quot;starsonly&quot;:&quot;&quot;,&quot;best&quot;:&quot;5&quot;,&quot;gap&quot;:&quot;5&quot;,&quot;greet&quot;:&quot;Valora este post&quot;,&quot;legend&quot;:&quot;0\\\/5 - (0 votos)&quot;,&quot;size&quot;:&quot;24&quot;,&quot;title&quot;:&quot;Borrador de Real Decreto de Autoconsumo, la \u00faltima meadita del Sr. Ministro.&quot;,&quot;width&quot;:&quot;0&quot;,&quot;_legend&quot;:&quot;{score}\\\/{best} - ({count} {votes})&quot;,&quot;font_factor&quot;:&quot;1.25&quot;}'>\n            \n<div class=\"kksr-stars\">\n    \n<div class=\"kksr-stars-inactive\">\n            <div class=\"kksr-star\" data-star=\"1\" style=\"padding-right: 5px\">\n            \n\n<div class=\"kksr-icon\" style=\"width: 24px; height: 24px;\"><\/div>\n        <\/div>\n            <div class=\"kksr-star\" data-star=\"2\" style=\"padding-right: 5px\">\n            \n\n<div class=\"kksr-icon\" style=\"width: 24px; height: 24px;\"><\/div>\n        <\/div>\n            <div class=\"kksr-star\" data-star=\"3\" style=\"padding-right: 5px\">\n            \n\n<div class=\"kksr-icon\" style=\"width: 24px; height: 24px;\"><\/div>\n        <\/div>\n            <div class=\"kksr-star\" data-star=\"4\" style=\"padding-right: 5px\">\n            \n\n<div class=\"kksr-icon\" style=\"width: 24px; height: 24px;\"><\/div>\n        <\/div>\n            <div class=\"kksr-star\" data-star=\"5\" style=\"padding-right: 5px\">\n            \n\n<div class=\"kksr-icon\" style=\"width: 24px; height: 24px;\"><\/div>\n        <\/div>\n    <\/div>\n    \n<div class=\"kksr-stars-active\" style=\"width: 0px;\">\n            <div class=\"kksr-star\" style=\"padding-right: 5px\">\n            \n\n<div class=\"kksr-icon\" style=\"width: 24px; height: 24px;\"><\/div>\n        <\/div>\n            <div class=\"kksr-star\" style=\"padding-right: 5px\">\n            \n\n<div class=\"kksr-icon\" style=\"width: 24px; height: 24px;\"><\/div>\n        <\/div>\n            <div class=\"kksr-star\" style=\"padding-right: 5px\">\n            \n\n<div class=\"kksr-icon\" style=\"width: 24px; height: 24px;\"><\/div>\n        <\/div>\n            <div class=\"kksr-star\" style=\"padding-right: 5px\">\n            \n\n<div class=\"kksr-icon\" style=\"width: 24px; height: 24px;\"><\/div>\n        <\/div>\n            <div class=\"kksr-star\" style=\"padding-right: 5px\">\n            \n\n<div class=\"kksr-icon\" style=\"width: 24px; height: 24px;\"><\/div>\n        <\/div>\n    <\/div>\n<\/div>\n                \n\n<div class=\"kksr-legend\" style=\"font-size: 19.2px;\">\n            <span class=\"kksr-muted\">Valora este post<\/span>\n    <\/div>\n    <\/div>\n","protected":false},"excerpt":{"rendered":"<p>\u00bfSer\u00e1 a la tercera la vencida? Apuesto que no. El pasado viernes d\u00eda 5 de junio de 2015, para m\u00e1s inri, d\u00eda mundial del medio ambiente, nuestro Ministro de Industria, Energ\u00eda y Turismo, don Jos\u00e9 Manuel Soria, quedaba una vez m\u00e1s retratado, y son infinitas, al publicar una nueva propuesta de real decreto con la &hellip; <a href=\"https:\/\/solartradex.com\/blog\/borrador-de-real-decreto-de-autoconsumo-la-ultima-meadita-del-sr-ministro\/\" class=\"more-link\">Seguir leyendo <span class=\"screen-reader-text\">Borrador de Real Decreto de Autoconsumo, la \u00faltima meadita del Sr. Ministro.<\/span> <span class=\"meta-nav\">&rarr;<\/span><\/a><\/p>\n","protected":false},"author":2,"featured_media":0,"comment_status":"open","ping_status":"closed","sticky":false,"template":"","format":"standard","meta":{"inline_featured_image":false,"_mbp_gutenberg_autopost":false,"footnotes":""},"categories":[118],"tags":[],"class_list":["post-5320","post","type-post","status-publish","format-standard","hentry","category-legislacion-energia-solar"],"fimg_url":false,"post_mailing_queue_ids":[],"_links":{"self":[{"href":"https:\/\/solartradex.com\/blog\/wp-json\/wp\/v2\/posts\/5320","targetHints":{"allow":["GET"]}}],"collection":[{"href":"https:\/\/solartradex.com\/blog\/wp-json\/wp\/v2\/posts"}],"about":[{"href":"https:\/\/solartradex.com\/blog\/wp-json\/wp\/v2\/types\/post"}],"author":[{"embeddable":true,"href":"https:\/\/solartradex.com\/blog\/wp-json\/wp\/v2\/users\/2"}],"replies":[{"embeddable":true,"href":"https:\/\/solartradex.com\/blog\/wp-json\/wp\/v2\/comments?post=5320"}],"version-history":[{"count":2,"href":"https:\/\/solartradex.com\/blog\/wp-json\/wp\/v2\/posts\/5320\/revisions"}],"predecessor-version":[{"id":7334,"href":"https:\/\/solartradex.com\/blog\/wp-json\/wp\/v2\/posts\/5320\/revisions\/7334"}],"wp:attachment":[{"href":"https:\/\/solartradex.com\/blog\/wp-json\/wp\/v2\/media?parent=5320"}],"wp:term":[{"taxonomy":"category","embeddable":true,"href":"https:\/\/solartradex.com\/blog\/wp-json\/wp\/v2\/categories?post=5320"},{"taxonomy":"post_tag","embeddable":true,"href":"https:\/\/solartradex.com\/blog\/wp-json\/wp\/v2\/tags?post=5320"}],"curies":[{"name":"wp","href":"https:\/\/api.w.org\/{rel}","templated":true}]}}