{"id":5459,"date":"2015-10-10T18:59:11","date_gmt":"2015-10-10T16:59:11","guid":{"rendered":"http:\/\/solartradex.com\/blog\/?p=5459"},"modified":"2023-06-19T22:13:02","modified_gmt":"2023-06-19T20:13:02","slug":"hoy-espana-amanecio-triste-el-sol-estaba-llorando","status":"publish","type":"post","link":"https:\/\/solartradex.com\/blog\/hoy-espana-amanecio-triste-el-sol-estaba-llorando\/","title":{"rendered":"Hoy Espa\u00f1a amaneci\u00f3 triste, el sol estaba llorando."},"content":{"rendered":"<p>Hoy Espa\u00f1a amaneci\u00f3 triste; el sol estaba llorando&#8230; \u00a0Ayer el Consejo de Ministros, tras m\u00e1s de dos a\u00f1os de no negociaci\u00f3n e incontables\u00a0amagos de aprobaci\u00f3n, sellaba\u00a0finalmente el desgarrador <em><span style=\"text-decoration: underline;\"><span style=\"color: #800080; text-decoration: underline;\"><a style=\"color: #800080; text-decoration: underline;\" title=\"Real Decreto Autoconsumo\" href=\"https:\/\/www.boe.es\/diario_boe\/txt.php?id=BOE-A-2015-10927\" target=\"_blank\" rel=\"noopener\">Real Decreto 900\/2015<\/a><\/span><\/span> por el que se regulan las condiciones administrativas, t\u00e9cnicas y econ\u00f3micas de las modalidades de suministro de energ\u00eda el\u00e9ctrica con autoconsumo y producci\u00f3n con autoconsumo.<\/em><\/p>\n<p>Y es que tras la l\u00f3gica y compartida ira inicial, y de la colectiva satisfacci\u00f3n por haber logrado que el hashtag <span style=\"text-decoration: underline;\"><span style=\"color: #800080;\"><strong><a style=\"color: #800080; text-decoration: underline;\" title=\"RD Autoconsumo\" href=\"https:\/\/twitter.com\/search?q=%23NosRobanElSol&amp;src=tyah\" target=\"_blank\" rel=\"noopener\">#NosRobanElSol<\/a><\/strong><\/span><\/span> fuera trending topic a lo largo de\u00a0todo el d\u00eda de ayer, la cruda y m\u00e1s severa realidad, siempre nos recordar\u00e1 que un funesto\u00a0real decreto de autoconsumo\u00a0fue\u00a0definitivamente aprobado, \u00a0y que\u00a0hoy Espa\u00f1a amaneci\u00f3 ba\u00f1ada en amargas l\u00e1grimas sabor a\u00a0Helio.<\/p>\n<p><img fetchpriority=\"high\" decoding=\"async\" class=\"aligncenter wp-image-5473 size-full\" src=\"https:\/\/solartradex.com\/blog\/wp-content\/uploads\/2015\/10\/Fotolia_37140559_S.jpg\" alt=\"Small town at rain.\" width=\"823\" height=\"583\" title=\"\" srcset=\"https:\/\/solartradex.com\/blog\/wp-content\/uploads\/2015\/10\/Fotolia_37140559_S.jpg 823w, https:\/\/solartradex.com\/blog\/wp-content\/uploads\/2015\/10\/Fotolia_37140559_S-300x213.jpg 300w\" sizes=\"(max-width: 823px) 100vw, 823px\" \/><\/p>\n<p><!--more-->Porque\u00a0m\u00e1s all\u00e1 de todos aquellos que desde nuestra profesi\u00f3n o desde nuestra convicci\u00f3n llevamos tiempo defendiendo las energ\u00edas renovables, hoy sin lugar a dudas, es un d\u00eda triste para el conjunto de una sociedad a la que un Gobierno\u00a0oscuro, ciego, autocr\u00e1tico y ag\u00f3nico ha decidido vilipendiar, dando la espalda y haciendo o\u00eddos sordos a un demanda colectiva que consigui\u00f3\u00a0aunar sin excepci\u00f3n alguna, a ciudadan\u00eda, colectivos profesionales y al conjunto de partidos de la oposici\u00f3n sin\u00a0matiz de color.<\/p>\n<p>\u00a1\u00a1Pero hoy en Espa\u00f1a no hay lugar para un \u00a0nuevo muro de las lamentaciones!!<\/p>\n<p>Nos han robado el sol, pero nunca\u00a0la raz\u00f3n, ni la dignidad y ni mucho menos nuestra voz y capacidad de decisi\u00f3n&#8230; tenemos elecciones generales a la vuelta de la esquina, y si se\u00f1ores, reconozc\u00e1moslo, hemos perdido\u00a0esta batalla pol\u00edtica, pero no\u00a0la democr\u00e1tica; en nuestras manos est\u00e1 que el real decreto de autoconsumo\u00a0se convierta en un mero mal recuerdo el pr\u00f3ximo 20 de diciembre.<\/p>\n<p>Porque, mal nos pese y aunque ahora anhelemos una imaginaria m\u00e1quina del tiempo que enmiende nuestros pasados desaciertos, fuimos nosotros, no ellos, los que dimos mandato democr\u00e1tico al Partido Popular; del mismo modo que han sido ellos y no nosotros los que lo usaron para\u00a0administrar sus propios intereses, su propias voluntades y sus asquerosas ambiciones.<\/p>\n<p>Durante los pr\u00f3ximos d\u00edas analizaremos\u00a0con todo detalle este\u00a0luctuoso\u00a0real decreto, as\u00ed como su infausto peaje de respaldo y sus l\u00f3gicas consecuencias; no obstante permitidme en este punto, apuntar tres breves cuestiones.<\/p>\n<p>En primer lugar quiero hacer hincapi\u00e9 en las motivaciones, que de acuerdo a lo argumentado en la rueda de prensa posterior al Consejo de Ministros de ayer, han llevado al Ministro de Industria, Energ\u00eda y Turismo a aprobar el mencionado real decreto.<\/p>\n<p>Dice textualmente el se\u00f1or Soria que el nuevo real decreto de autoconsumo <em>\u00abbusca impulsar en primer lugar la generaci\u00f3n distribuida, y en segundo lugar es un nuevo impulso a la utilizaci\u00f3n de las energ\u00edas renovables\u00bb.<\/em><\/p>\n<p>Se\u00f1or Soria, basta ya de cinismo, no nos lleve m\u00e1s a enga\u00f1o; usted no est\u00e1 impulsando la utilizaci\u00f3n\u00a0de las energ\u00edas renovables; \u00a0sin duda alguna el sector del autoconsumo el\u00e9ctrico estaba menos perjudicado con la anterior\u00a0regulaci\u00f3n que con el real decreto reci\u00e9n estrenado.<\/p>\n<p>Es que usted no lo entiende, ni queremos\u00a0ni necesitamos su ayuda. No se trata de ambicionar m\u00e1s de lo que nos ha \u00abdado\u00bb, con que no nos hubiera quitado\u00a0nada de lo que ten\u00edamos hubi\u00e9ramos sido suficientemente felices.\u00a0Derogue ya este real decreto y deje el autoconsumo tal y como estaba hasta las pr\u00f3ximas elecciones generales; cr\u00e9ame usted, esto s\u00ed ser\u00e1 dar un espaldarazo definitivo al desarrollo de las energ\u00eda renovables en Espa\u00f1a.<\/p>\n<p>En segundo lugar, hoy s\u00ed que debemos admitir que el peaje de respaldo ya existe ( aunque s\u00f3lo para instalaciones de m\u00e1s de 10 kW); no obstante tambi\u00e9n es igualmente cierto que el pasado 27 de Julio, todos los partidos pol\u00edticos de la oposici\u00f3n sin excepci\u00f3n alguna, se comprometieron a derogar\u00a0el real decreto tan pronto se produjese un cambio de Gobierno en Espa\u00f1a; por lo que\u00a0la afectaci\u00f3n econ\u00f3mica que pueda tener este peaje de respaldo a lo largo de los m\u00e1s de 30 a\u00f1os de vida \u00fatil del proyecto ser\u00e1 despreciable si el pr\u00f3ximo 20 de Diciembre todos votamos en consecuencia y en consciencia.<\/p>\n<p>Y en tercer y \u00faltimo lugar, hoy es un d\u00eda triste, pero que nadie se confunda&#8230; las energ\u00edas renovables no est\u00e1n tocadas de muerte. El futuro es renovable, y aunque pol\u00edticos infectos del s\u00edndrome de hubris pretendan esconder las energ\u00edas renovables debajo de la alfombra, las energ\u00edas renovables, que hoy ya son m\u00e1s competitivas que el resto de tecnolog\u00edas sin necesidad de ayuda alguna, no s\u00f3lo existen, sino que son la \u00fanica v\u00eda de salvaci\u00f3n de un planeta seriamente comprometido por los efectos irreversibles del cambio clim\u00e1tico.<\/p>\n<p>Se\u00f1or Soria, es obvio que usted no alcanz\u00f3\u00a0a leer el \u00faltimo art\u00edculo que con m\u00e1xima ilusi\u00f3n y esperanza, le dedicamos a comienzos de esta semana bajo el t\u00edtulo\u00a0de \u00ab5 verdades objetivas que el Ministro Soria deber\u00eda conocer sobre el autoconsumo\u00bb, y\u00a0es igualmente obvio, que usted es absolutamente inmune a los argumentos objetivos del conjunto de la sociedad; no obstante perm\u00edtame, y aunque sea a la desesperada, apelar a su condici\u00f3n de padre de dos hijos para\u00a0interpelarle con la siguiente cuesti\u00f3n:<\/p>\n<p><strong><em>\u00bf Es posible preservar el bienestar de nuestros hijos sin cuidar el entorno en el que deben desarrollarse? \u00bf\u00a0Que precio tiene\u00a0renunciar al\u00a0futuro de nuestros seres queridos?<\/em><\/strong><\/p>\n<p>Hoy quiero cerrar\u00a0mi\u00a0art\u00edculo m\u00e1s \u00edntimo, recuperando la primera entrada\u00a0que casi a modo de advenimiento, public\u00e1bamos\u00a0en esta\u00a0bit\u00e1cora en el ya lejano Agosto del 2012; art\u00edculo que con el nombre de \u00abCualquier noche puede salir el sol\u00bb, retrataba\u00a0la cr\u00edtica situaci\u00f3n de las energ\u00edas renovables en Espa\u00f1a tras los primeros seis meses de\u00a0mandato del Partido Popular, y en el que nada m\u00e1s lejos de sucumbir a las ambiciones del\u00a0lobby el\u00e9ctrico y del se\u00f1or ministro, nos compromet\u00edamos a seguir\u00a0construyendo\u00a0un mundo mejor, m\u00e1s sostenible y socialmente responsable.<\/p>\n<p>As\u00ed pues, convencidos de que nos asiste la raz\u00f3n y de que el futuro es 100% renovable, seguiremos trabajando en favor de un nuevo modelo energ\u00e9tico m\u00e1s libre, justo y democr\u00e1tico, y en el que la eficiencia energ\u00e9tica y las energ\u00edas renovables sean su pilar fundamental.<\/p>\n<p>Lo dicho, hoy Espa\u00f1a amaneci\u00f3 triste&#8230; pero no olvid\u00e9is que tal y como cantaba el bueno de Jaume Sisa ( en versi\u00f3n de Joaqu\u00edn Carbonell) , <span style=\"text-decoration: underline;\"><span style=\"color: #800080;\"><a style=\"color: #800080; text-decoration: underline;\" title=\"Cualquier noche puede salir el sol\" href=\"https:\/\/www.youtube.com\/watch?v=GcHIrouq-GI\" target=\"_blank\" rel=\"noopener\">Cualquier noche puede salir el sol.<\/a><\/span><\/span><\/p>\n<p>PD: hoy no hemos entrado\u00a0en los tecnicismos y avatares del real decreto; tiempo tendremos en las pr\u00f3ximas semanas para hablar largo y tendido de como ha quedado estructurado el autoconsumo en Espa\u00f1a, ja puerta abierta a la acumulaci\u00f3n de energ\u00eda que hoy en d\u00eda todav\u00eda no es viable econ\u00f3micamente en Espa\u00f1a, de la improcedencia del peaje de respaldo, de los proyectos de menos de 10 kW a los que no les es de aplicaci\u00f3n el peaje de respaldo y de la repercusi\u00f3n econ\u00f3mica que este tiene en el resto de proyectos de m\u00e1s de 10 kW.<\/p>\n\n\n<div class=\"kk-star-ratings kksr-auto kksr-align-left kksr-valign-bottom\"\n    data-payload='{&quot;align&quot;:&quot;left&quot;,&quot;id&quot;:&quot;5459&quot;,&quot;slug&quot;:&quot;default&quot;,&quot;valign&quot;:&quot;bottom&quot;,&quot;ignore&quot;:&quot;&quot;,&quot;reference&quot;:&quot;auto&quot;,&quot;class&quot;:&quot;&quot;,&quot;count&quot;:&quot;0&quot;,&quot;legendonly&quot;:&quot;&quot;,&quot;readonly&quot;:&quot;&quot;,&quot;score&quot;:&quot;0&quot;,&quot;starsonly&quot;:&quot;&quot;,&quot;best&quot;:&quot;5&quot;,&quot;gap&quot;:&quot;5&quot;,&quot;greet&quot;:&quot;Valora este post&quot;,&quot;legend&quot;:&quot;0\\\/5 - (0 votos)&quot;,&quot;size&quot;:&quot;24&quot;,&quot;title&quot;:&quot;Hoy Espa\u00f1a amaneci\u00f3 triste, el sol estaba llorando.&quot;,&quot;width&quot;:&quot;0&quot;,&quot;_legend&quot;:&quot;{score}\\\/{best} - ({count} {votes})&quot;,&quot;font_factor&quot;:&quot;1.25&quot;}'>\n            \n<div class=\"kksr-stars\">\n    \n<div class=\"kksr-stars-inactive\">\n            <div class=\"kksr-star\" data-star=\"1\" style=\"padding-right: 5px\">\n            \n\n<div class=\"kksr-icon\" style=\"width: 24px; height: 24px;\"><\/div>\n        <\/div>\n            <div class=\"kksr-star\" data-star=\"2\" style=\"padding-right: 5px\">\n            \n\n<div class=\"kksr-icon\" style=\"width: 24px; height: 24px;\"><\/div>\n        <\/div>\n            <div class=\"kksr-star\" data-star=\"3\" style=\"padding-right: 5px\">\n            \n\n<div class=\"kksr-icon\" style=\"width: 24px; height: 24px;\"><\/div>\n        <\/div>\n            <div class=\"kksr-star\" data-star=\"4\" style=\"padding-right: 5px\">\n            \n\n<div class=\"kksr-icon\" style=\"width: 24px; height: 24px;\"><\/div>\n        <\/div>\n            <div class=\"kksr-star\" data-star=\"5\" style=\"padding-right: 5px\">\n            \n\n<div class=\"kksr-icon\" style=\"width: 24px; height: 24px;\"><\/div>\n        <\/div>\n    <\/div>\n    \n<div class=\"kksr-stars-active\" style=\"width: 0px;\">\n            <div class=\"kksr-star\" style=\"padding-right: 5px\">\n            \n\n<div class=\"kksr-icon\" style=\"width: 24px; height: 24px;\"><\/div>\n        <\/div>\n            <div class=\"kksr-star\" style=\"padding-right: 5px\">\n            \n\n<div class=\"kksr-icon\" style=\"width: 24px; height: 24px;\"><\/div>\n        <\/div>\n            <div class=\"kksr-star\" style=\"padding-right: 5px\">\n            \n\n<div class=\"kksr-icon\" style=\"width: 24px; height: 24px;\"><\/div>\n        <\/div>\n            <div class=\"kksr-star\" style=\"padding-right: 5px\">\n            \n\n<div class=\"kksr-icon\" style=\"width: 24px; height: 24px;\"><\/div>\n        <\/div>\n            <div class=\"kksr-star\" style=\"padding-right: 5px\">\n            \n\n<div class=\"kksr-icon\" style=\"width: 24px; height: 24px;\"><\/div>\n        <\/div>\n    <\/div>\n<\/div>\n                \n\n<div class=\"kksr-legend\" style=\"font-size: 19.2px;\">\n            <span class=\"kksr-muted\">Valora este post<\/span>\n    <\/div>\n    <\/div>\n","protected":false},"excerpt":{"rendered":"<p>Hoy Espa\u00f1a amaneci\u00f3 triste; el sol estaba llorando&#8230; \u00a0Ayer el Consejo de Ministros, tras m\u00e1s de dos a\u00f1os de no negociaci\u00f3n e incontables\u00a0amagos de aprobaci\u00f3n, sellaba\u00a0finalmente el desgarrador Real Decreto 900\/2015 por el que se regulan las condiciones administrativas, t\u00e9cnicas y econ\u00f3micas de las modalidades de suministro de energ\u00eda el\u00e9ctrica con autoconsumo y producci\u00f3n con &hellip; <a href=\"https:\/\/solartradex.com\/blog\/hoy-espana-amanecio-triste-el-sol-estaba-llorando\/\" class=\"more-link\">Seguir leyendo <span class=\"screen-reader-text\">Hoy Espa\u00f1a amaneci\u00f3 triste, el sol estaba llorando.<\/span> <span class=\"meta-nav\">&rarr;<\/span><\/a><\/p>\n","protected":false},"author":2,"featured_media":0,"comment_status":"open","ping_status":"closed","sticky":false,"template":"","format":"standard","meta":{"inline_featured_image":false,"_mbp_gutenberg_autopost":false,"footnotes":""},"categories":[17],"tags":[],"class_list":["post-5459","post","type-post","status-publish","format-standard","hentry","category-autoconsumo"],"fimg_url":false,"post_mailing_queue_ids":[],"_links":{"self":[{"href":"https:\/\/solartradex.com\/blog\/wp-json\/wp\/v2\/posts\/5459","targetHints":{"allow":["GET"]}}],"collection":[{"href":"https:\/\/solartradex.com\/blog\/wp-json\/wp\/v2\/posts"}],"about":[{"href":"https:\/\/solartradex.com\/blog\/wp-json\/wp\/v2\/types\/post"}],"author":[{"embeddable":true,"href":"https:\/\/solartradex.com\/blog\/wp-json\/wp\/v2\/users\/2"}],"replies":[{"embeddable":true,"href":"https:\/\/solartradex.com\/blog\/wp-json\/wp\/v2\/comments?post=5459"}],"version-history":[{"count":2,"href":"https:\/\/solartradex.com\/blog\/wp-json\/wp\/v2\/posts\/5459\/revisions"}],"predecessor-version":[{"id":7096,"href":"https:\/\/solartradex.com\/blog\/wp-json\/wp\/v2\/posts\/5459\/revisions\/7096"}],"wp:attachment":[{"href":"https:\/\/solartradex.com\/blog\/wp-json\/wp\/v2\/media?parent=5459"}],"wp:term":[{"taxonomy":"category","embeddable":true,"href":"https:\/\/solartradex.com\/blog\/wp-json\/wp\/v2\/categories?post=5459"},{"taxonomy":"post_tag","embeddable":true,"href":"https:\/\/solartradex.com\/blog\/wp-json\/wp\/v2\/tags?post=5459"}],"curies":[{"name":"wp","href":"https:\/\/api.w.org\/{rel}","templated":true}]}}