{"id":5547,"date":"2015-10-15T20:06:43","date_gmt":"2015-10-15T18:06:43","guid":{"rendered":"http:\/\/solartradex.com\/blog\/?p=5547"},"modified":"2023-06-19T22:13:02","modified_gmt":"2023-06-19T20:13:02","slug":"actualizacion-10-claves-para-entender-el-real-decreto-de-autoconsumo","status":"publish","type":"post","link":"https:\/\/solartradex.com\/blog\/actualizacion-10-claves-para-entender-el-real-decreto-de-autoconsumo\/","title":{"rendered":"Actualizaci\u00f3n: 10 claves para entender el Real Decreto de Autoconsumo."},"content":{"rendered":"<p>Hola a todos de nuevo;<\/p>\n<p>apenas &nbsp;24 horas despu\u00e9s del art\u00edculo publicado ayer analizando el contenido del <span style=\"text-decoration: underline;\"><span style=\"color: #800080; text-decoration: underline;\"><a style=\"color: #800080; text-decoration: underline;\" title=\"RD900\/2015\" href=\"https:\/\/www.boe.es\/buscar\/act.php?id=BOE-A-2015-10927\" target=\"_blank\" rel=\"noopener\">RD900\/2015<\/a> <\/span><\/span><em>por el que se regulan las condiciones administrativas, t\u00e9cnicas y econ\u00f3micas de las modalidades de suministro de energ\u00eda el\u00e9ctrica con autoconsumo y de producci\u00f3n con autoconsumo<\/em>, me veo obligado de manera excepcional a enviaros una actualizaci\u00f3n\/correcci\u00f3n del mismo (es la primera vez que lo hago).<\/p>\n<p><img fetchpriority=\"high\" decoding=\"async\" class=\"aligncenter wp-image-5553 size-full\" src=\"https:\/\/solartradex.com\/blog\/wp-content\/uploads\/2015\/10\/Fotolia_1226618_XS.jpg\" alt=\"eraser on white\" width=\"424\" height=\"283\" title=\"\" srcset=\"https:\/\/solartradex.com\/blog\/wp-content\/uploads\/2015\/10\/Fotolia_1226618_XS.jpg 424w, https:\/\/solartradex.com\/blog\/wp-content\/uploads\/2015\/10\/Fotolia_1226618_XS-300x200.jpg 300w\" sizes=\"(max-width: 424px) 100vw, 424px\" \/><\/a>Y es que despu\u00e9s de seguir analizando el tema y releyendo tan amargo real decreto, y tambi\u00e9n, por qu\u00e9 no decirlo, de recibir un comentario muy acertado de un seguidor del blog, no es broma cuando os digo muchas veces me estimul\u00e1is a seguir aprendiendo; me veo con la obligaci\u00f3n&nbsp; de un lado completar una informaci\u00f3n quiz\u00e1s un tanto inexacta y de otro lado rectificar un punto err\u00f3neo.<\/p>\n<p>Con el objetivo de tener condensado todo el an\u00e1lisis del real decreto en un solo art\u00edculo, he estimado que la mejor manera de realizar la actualizaci\u00f3n, era&nbsp;&nbsp;hacer la modificaci\u00f3n directamente encima del art\u00edculo de ayer, por lo que aquellos que est\u00e9is interesados en el art\u00edculo completo, ruego pod\u00e1is acceder directamente a \u00e9l de nuevo pinchando en&nbsp; <span style=\"text-decoration: underline;\"><span style=\"color: #800080;\"><a style=\"color: #800080; text-decoration: underline;\" title=\"10 claves para entender el Real Decreto de Autoconsumo.\" href=\"https:\/\/solartradex.com\/blog\/las-5-novedades-que-no-se-te-pueden-escapar-del-real-decreto-de-autoconsumo\/\" target=\"_blank\" rel=\"noopener\">10 claves para entender el Real Decreto de Autoconsumo.<\/a><\/span><\/span><\/p>\n<p>Las actualizaciones est\u00e1n todas en el<strong> punto 6<\/strong>, y son las que siguen:<\/p>\n<p><strong>1. Correcci\u00f3n: <\/strong><\/p>\n<p>La exenci\u00f3n del t\u00e9rmino variable del peaje de respaldo es para Instalaciones de POTENCIA CONTRATADA inferior a 10 kW. ( Ayer dije potencia instalada).<\/p>\n<p><strong>2. Ampliaci\u00f3n de contenido:&nbsp;<\/strong><\/p>\n<p>El cargo fijo del peaje de respaldo s\u00ed que es aplicable a instalaciones de menos de 100 kW, s\u00f3lo cuando tienen bater\u00edas. Os hab\u00eda dicho que nunca era aplicable para instalaciones de menos de 100 kW.<\/p>\n<p>En instalaciones con elementos de acumulaci\u00f3n, la potencia de aplicaci\u00f3n de cargos ser\u00e1 la suma de la potencia registrada en el contador, m\u00e1s la potencia m\u00e1xima registrada.<\/p>\n<p>Por lo tanto, en este caso, si el hecho de instalar bater\u00edas nos permitiera reducir la potencia m\u00e1xima demandada de la red, si que ser\u00eda posible en las tarifas 3.0, que se tuviera que pagar el peaje de respaldo de potencia, precisamente por la parte de potencia que dejo de pagar.<\/p>\n<p>Si lo analizamos con detalle es:<\/p>\n<ul>\n<li>De un lado absurdo, porque tal y como os coment\u00e9 anteriormente los sistemas de acumulaci\u00f3n precisamente lo que aportan es backup o respaldo al sistema solar.<\/li>\n<li>Y, por otro lado, lo que nos confirma es que el Ministerio de Industria, Energ\u00eda y Turismo lo \u00fanico que est\u00e1 buscando es asegurar los ingresos fijos.<\/li>\n<\/ul>\n<p>En este punto tengo que a\u00f1adir, que el cinismo del se\u00f1or ministro es ya insuperable, ya que de un lado autoriza la instalaci\u00f3n de bater\u00edas, y, por otro lado, pone un cargo fijo que es aplicable en el caso de las bater\u00edas, y que, por lo tanto, desincentiva totalmente su instalaci\u00f3n&#8230; como las bater\u00edas no fueran ya suficientemente caras.<\/p>\n<p>Bueno, esto es todo&#8230; siento la correcci\u00f3n, pero ya sab\u00e9is que \u00a1\u00a1 ante situaciones excepcionales, medidas excepcionales!!<\/p>\n<p>Ya veis que me leo los comentarios, por lo que os animo a seguir participando y contribuyendo para de este modo seguir creciendo juntos.<\/p>\n<p>Seguimos y \u00a1\u00a1gracias a todos por la acogida!!<\/p>\n\n\n<div class=\"kk-star-ratings kksr-auto kksr-align-left kksr-valign-bottom\"\n    data-payload='{&quot;align&quot;:&quot;left&quot;,&quot;id&quot;:&quot;5547&quot;,&quot;slug&quot;:&quot;default&quot;,&quot;valign&quot;:&quot;bottom&quot;,&quot;ignore&quot;:&quot;&quot;,&quot;reference&quot;:&quot;auto&quot;,&quot;class&quot;:&quot;&quot;,&quot;count&quot;:&quot;0&quot;,&quot;legendonly&quot;:&quot;&quot;,&quot;readonly&quot;:&quot;&quot;,&quot;score&quot;:&quot;0&quot;,&quot;starsonly&quot;:&quot;&quot;,&quot;best&quot;:&quot;5&quot;,&quot;gap&quot;:&quot;5&quot;,&quot;greet&quot;:&quot;Valora este post&quot;,&quot;legend&quot;:&quot;0\\\/5 - (0 votos)&quot;,&quot;size&quot;:&quot;24&quot;,&quot;title&quot;:&quot;Actualizaci\u00f3n: 10 claves para entender el Real Decreto de Autoconsumo.&quot;,&quot;width&quot;:&quot;0&quot;,&quot;_legend&quot;:&quot;{score}\\\/{best} - ({count} {votes})&quot;,&quot;font_factor&quot;:&quot;1.25&quot;}'>\n            \n<div class=\"kksr-stars\">\n    \n<div class=\"kksr-stars-inactive\">\n            <div class=\"kksr-star\" data-star=\"1\" style=\"padding-right: 5px\">\n            \n\n<div class=\"kksr-icon\" style=\"width: 24px; height: 24px;\"><\/div>\n        <\/div>\n            <div class=\"kksr-star\" data-star=\"2\" style=\"padding-right: 5px\">\n            \n\n<div class=\"kksr-icon\" style=\"width: 24px; height: 24px;\"><\/div>\n        <\/div>\n            <div class=\"kksr-star\" data-star=\"3\" style=\"padding-right: 5px\">\n            \n\n<div class=\"kksr-icon\" style=\"width: 24px; height: 24px;\"><\/div>\n        <\/div>\n            <div class=\"kksr-star\" data-star=\"4\" style=\"padding-right: 5px\">\n            \n\n<div class=\"kksr-icon\" style=\"width: 24px; height: 24px;\"><\/div>\n        <\/div>\n            <div class=\"kksr-star\" data-star=\"5\" style=\"padding-right: 5px\">\n            \n\n<div class=\"kksr-icon\" style=\"width: 24px; height: 24px;\"><\/div>\n        <\/div>\n    <\/div>\n    \n<div class=\"kksr-stars-active\" style=\"width: 0px;\">\n            <div class=\"kksr-star\" style=\"padding-right: 5px\">\n            \n\n<div class=\"kksr-icon\" style=\"width: 24px; height: 24px;\"><\/div>\n        <\/div>\n            <div class=\"kksr-star\" style=\"padding-right: 5px\">\n            \n\n<div class=\"kksr-icon\" style=\"width: 24px; height: 24px;\"><\/div>\n        <\/div>\n            <div class=\"kksr-star\" style=\"padding-right: 5px\">\n            \n\n<div class=\"kksr-icon\" style=\"width: 24px; height: 24px;\"><\/div>\n        <\/div>\n            <div class=\"kksr-star\" style=\"padding-right: 5px\">\n            \n\n<div class=\"kksr-icon\" style=\"width: 24px; height: 24px;\"><\/div>\n        <\/div>\n            <div class=\"kksr-star\" style=\"padding-right: 5px\">\n            \n\n<div class=\"kksr-icon\" style=\"width: 24px; height: 24px;\"><\/div>\n        <\/div>\n    <\/div>\n<\/div>\n                \n\n<div class=\"kksr-legend\" style=\"font-size: 19.2px;\">\n            <span class=\"kksr-muted\">Valora este post<\/span>\n    <\/div>\n    <\/div>\n","protected":false},"excerpt":{"rendered":"<p>Hola a todos de nuevo; apenas &nbsp;24 horas despu\u00e9s del art\u00edculo publicado ayer analizando el contenido del RD900\/2015 por el que se regulan las condiciones administrativas, t\u00e9cnicas y econ\u00f3micas de las modalidades de suministro de energ\u00eda el\u00e9ctrica con autoconsumo y de producci\u00f3n con autoconsumo, me veo obligado de manera excepcional a enviaros una actualizaci\u00f3n\/correcci\u00f3n del &hellip; <a href=\"https:\/\/solartradex.com\/blog\/actualizacion-10-claves-para-entender-el-real-decreto-de-autoconsumo\/\" class=\"more-link\">Seguir leyendo <span class=\"screen-reader-text\">Actualizaci\u00f3n: 10 claves para entender el Real Decreto de Autoconsumo.<\/span> <span class=\"meta-nav\">&rarr;<\/span><\/a><\/p>\n","protected":false},"author":2,"featured_media":0,"comment_status":"open","ping_status":"closed","sticky":false,"template":"","format":"standard","meta":{"inline_featured_image":false,"_mbp_gutenberg_autopost":false,"footnotes":""},"categories":[118],"tags":[],"class_list":["post-5547","post","type-post","status-publish","format-standard","hentry","category-legislacion-energia-solar"],"fimg_url":false,"post_mailing_queue_ids":[],"_links":{"self":[{"href":"https:\/\/solartradex.com\/blog\/wp-json\/wp\/v2\/posts\/5547","targetHints":{"allow":["GET"]}}],"collection":[{"href":"https:\/\/solartradex.com\/blog\/wp-json\/wp\/v2\/posts"}],"about":[{"href":"https:\/\/solartradex.com\/blog\/wp-json\/wp\/v2\/types\/post"}],"author":[{"embeddable":true,"href":"https:\/\/solartradex.com\/blog\/wp-json\/wp\/v2\/users\/2"}],"replies":[{"embeddable":true,"href":"https:\/\/solartradex.com\/blog\/wp-json\/wp\/v2\/comments?post=5547"}],"version-history":[{"count":2,"href":"https:\/\/solartradex.com\/blog\/wp-json\/wp\/v2\/posts\/5547\/revisions"}],"predecessor-version":[{"id":7304,"href":"https:\/\/solartradex.com\/blog\/wp-json\/wp\/v2\/posts\/5547\/revisions\/7304"}],"wp:attachment":[{"href":"https:\/\/solartradex.com\/blog\/wp-json\/wp\/v2\/media?parent=5547"}],"wp:term":[{"taxonomy":"category","embeddable":true,"href":"https:\/\/solartradex.com\/blog\/wp-json\/wp\/v2\/categories?post=5547"},{"taxonomy":"post_tag","embeddable":true,"href":"https:\/\/solartradex.com\/blog\/wp-json\/wp\/v2\/tags?post=5547"}],"curies":[{"name":"wp","href":"https:\/\/api.w.org\/{rel}","templated":true}]}}