{"id":5715,"date":"2016-06-14T20:47:46","date_gmt":"2016-06-14T18:47:46","guid":{"rendered":"http:\/\/solartradex.com\/blog\/?p=5715"},"modified":"2023-06-19T22:13:00","modified_gmt":"2023-06-19T20:13:00","slug":"solardirecto-una-nueva-iniciativa-para-facilitar-el-autoconsumo","status":"publish","type":"post","link":"https:\/\/solartradex.com\/blog\/solardirecto-una-nueva-iniciativa-para-facilitar-el-autoconsumo\/","title":{"rendered":"SolarDirecto: una nueva iniciativa para facilitar el autoconsumo."},"content":{"rendered":"<p>Estimados amigos, tras algunas semanas de breve desconexi\u00f3n, hoy con gran alegr\u00eda y mucha ilusi\u00f3n, retomo la senda de esta bit\u00e1cora para presentaros SolarDirecto.com, la primera plataforma online especializada en la tramitaci\u00f3n y legalizaci\u00f3n de instalaciones de autoconsumo solar, y que nace como una iniciativa conjunta del bufete de abogados Holtrop y SolarTradex.<\/p>\n<p><img fetchpriority=\"high\" decoding=\"async\" class=\"aligncenter wp-image-5720 size-full\" src=\"https:\/\/solartradex.com\/blog\/wp-content\/uploads\/2016\/06\/Captura-de-pantalla-2016-06-13-a-les-16.05.01.png\" alt=\"SolarDirecto\" width=\"686\" height=\"189\" title=\"\" srcset=\"https:\/\/solartradex.com\/blog\/wp-content\/uploads\/2016\/06\/Captura-de-pantalla-2016-06-13-a-les-16.05.01.png 686w, https:\/\/solartradex.com\/blog\/wp-content\/uploads\/2016\/06\/Captura-de-pantalla-2016-06-13-a-les-16.05.01-300x83.png 300w\" sizes=\"(max-width: 686px) 100vw, 686px\" \/><\/p>\n<p><!--more-->Y es que desde la aprobaci\u00f3n el pasado mes de octubre del <span style=\"text-decoration: underline;\"><span style=\"color: #800080;\"><a style=\"color: #800080; text-decoration: underline;\" title=\"RD900\/2015\" href=\"https:\/\/www.boe.es\/boe\/dias\/2015\/10\/10\/pdfs\/BOE-A-2015-10927.pdf\" target=\"_blank\" rel=\"noopener\">Real Decreto 900\/2015 de Autoconsumo<\/a>,<\/span><\/span>\u00a0muchos hab\u00e9is sido los que nos hab\u00e9is contactado a trav\u00e9s de mail, tel\u00e9fono o del blog, para plantearnos vuestras dudas, inquietudes e incluso experiencias\u00a0de todo tipo acerca del proceso de tramitaci\u00f3n y legalizaci\u00f3n de las instalaciones de autoconsumo.<\/p>\n<p>Este dudas\u00a0han puesto de manifiesto un vez m\u00e1s, una realidad ya por todos conocida&#8230;. la legislaci\u00f3n\u00a0energ\u00e9tica en Espa\u00f1a es\u00a0espesa, opaca y requiere de una fuerte especializaci\u00f3n y horas de dedicaci\u00f3n para ser interpretada correctamente; lo cual evidentemente supone una barrera\u00a0significativa para el desarrollo del autoconsumo en nuestro pa\u00eds.<\/p>\n<p>Sirva de ejemplo el interminable flujograma adjunto necesario para la tramitaci\u00f3n de instalaciones de autoconsumo de acuerdo al RD900\/2015.<\/p>\n<p><img decoding=\"async\" class=\"aligncenter wp-image-5752\" src=\"https:\/\/solartradex.com\/blog\/wp-content\/uploads\/2016\/06\/Captura-de-pantalla-2016-06-14-a-les-7.25.25.png\" alt=\"Tramitaci\u00f3n Autoconsumo\" width=\"500\" height=\"830\" title=\"\" srcset=\"https:\/\/solartradex.com\/blog\/wp-content\/uploads\/2016\/06\/Captura-de-pantalla-2016-06-14-a-les-7.25.25.png 864w, https:\/\/solartradex.com\/blog\/wp-content\/uploads\/2016\/06\/Captura-de-pantalla-2016-06-14-a-les-7.25.25-181x300.png 181w, https:\/\/solartradex.com\/blog\/wp-content\/uploads\/2016\/06\/Captura-de-pantalla-2016-06-14-a-les-7.25.25-617x1024.png 617w\" sizes=\"(max-width: 500px) 100vw, 500px\" \/>\u00bfQu\u00e9 os parece? \u00bfCuantas horas deber\u00e1 invertir un instalador para interpretar correctamente la normativa y realizar todo el tr\u00e1mite de legalizaci\u00f3n? \u00bfCuantos mails y llamadas se tendr\u00e1n que hacer a la compa\u00f1\u00eda el\u00e9ctrica para obtener todos los certificados a los que nos obliga la normativa actual?\u00bf Qu\u00e9 coste monetario tienen estas horas y gestiones? \u00bf Como se repercute este coste en el precio final del proyecto?<\/p>\n<p>As\u00ed pues, a la vista de las preocupaciones que nos hab\u00edais transmitido a lo largo de estos\u00a0\u00faltimos meses y\u00a0alertados\u00a0por el\u00a0bajo n\u00famero de instalaciones legalizadas e inscritas a d\u00eda de hoy en el <span style=\"text-decoration: underline;\"><span style=\"color: #800080; text-decoration: underline;\"><a style=\"color: #800080; text-decoration: underline;\" title=\"REgistro Autoconsumo\" href=\"https:\/\/sedeaplicaciones.minetur.gob.es\/rea\/(S(2cxluym4uervqlefdy4w2uzn))\/Vista\/RegistroPublico.aspx\" target=\"_blank\" rel=\"noopener\">Registro de Instalaciones de Autoconsumo<\/a>\u00a0<\/span><\/span><span style=\"color: #800080;\"><span style=\"color: #000000;\">( \u00a1Ojo! el MInisterio de Industria,Energ\u00eda y Turismo ha empezado a enviar requerimientos de subsanaci\u00f3n de errores a aquellas instalaciones inscritas con informaci\u00f3n incompleta),<\/span><\/span><span style=\"color: #800080;\">\u00a0<\/span>hace unas semanas nos sent\u00e1bamos\u00a0<span style=\"text-decoration: underline;\"><span style=\"color: #800080; text-decoration: underline;\"><a style=\"color: #800080; text-decoration: underline;\" title=\"Piet Holtrop\" href=\"https:\/\/twitter.com\/pietholtrop?lang=es\" target=\"_blank\" rel=\"noopener\">Piet Holtrop<\/a><\/span><\/span>,<span style=\"text-decoration: underline;\"><span style=\"color: #800080; text-decoration: underline;\"> <a style=\"color: #800080; text-decoration: underline;\" title=\"Daniel P\u00e9rez\" href=\"https:\/\/twitter.com\/danielperezr87?lang=es\" target=\"_blank\" rel=\"noopener\">Daniel P\u00e9rez<\/a> <\/span><\/span>y yo mismo con el objetivo de compartir experiencias y explorar\u00a0sinerg\u00edas que nos permitieran presentar una propuesta de valor de \u00a0coste razonable \u00a0responda a la necesidad de simplificar de manera objetiva todo el proceso de legalizaci\u00f3n asociado a\u00a0las instalaciones de autoconsumo en Espa\u00f1a.<\/p>\n<p>Y de este modo nace SolarDirecto,\u00a0fruto de la cooperaci\u00f3n de dos empresas, Holtrop SLP\u00a0y\u00a0SolarTradex,\u00a0\u00a0con una larga trayectoria en el sector de las energ\u00edas renovables y en la defensa y promoci\u00f3n\u00a0del autoconsumo; siendo nuestro objetivo fundacional y fundamental el de proveer a los propietarios de instalaciones de autoconsumo y muy especialmente a todos los profesionales del sector, una herramienta de valor, \u00e1gil, transparente y efectiva que permita delegar todas las gestiones y tareas asociadas a la tramitaci\u00f3n y legalizaci\u00f3n de instalaciones de autoconsumo.<\/p>\n<p>Nada nos har\u00eda m\u00e1s ilusi\u00f3n que convertirnos en una herramienta \u00fatil\u00a0que permita a los instaladores el\u00e9ctricos centrar sus esfuerzos en aquellos aspectos de su actividad profesional que realmente les aporta valor; esto es vender, instalar y asegurar que las instalaciones tienen un rendimiento \u00f3ptimo.<\/p>\n<p>No quiero alargarme mucho m\u00e1s, en todo caso os invito a que nos conozc\u00e1is de primera mano en nuestra web, en ella podr\u00e9is calcular de forma r\u00e1pida el presupuesto para tramitar vuestra instalaci\u00f3n solar en funci\u00f3n de la potencia pico instalada y a trav\u00e9s del apartado Todo sobre SolarDirecto<span style=\"text-decoration: underline;\"><span style=\"color: #800080; text-decoration: underline;\">,<\/span><\/span><span style=\"color: #800080;\"><span style=\"color: #000000;\">\u00a0podr\u00e9is conocer\u00a0<\/span><\/span><span style=\"color: #800080;\"><span style=\"color: #000000;\">con m\u00e1s detalle como funciona \u00a0esta plataforma de tramitaci\u00f3n.<\/span><\/span><\/p>\n<p>Espero de todo coraz\u00f3n, \u00a0que esta iniciativa que hemos emprendido con Holtrop, sea de vuestro agrado y utilidad, y del mismo modo que me he permitido la licencia de \u00ababusar\u00bb de vuestra confianza para presentaros nuestro producto, me encantar\u00eda poder contar con vuestra opini\u00f3n m\u00e1s sincera acerca de SolarDirecto. \u00bfComo lo veis? \u00bf Pens\u00e1is que os puede ayudar? \u00bf Os gusta? \u00bf Sugerencias? \u00bfCr\u00edticas amorosas?<\/p>\n<p>\u00a1Un abrazo a todos!<\/p>\n<p><em>PD: Ma\u00f1ana\u00a0mi\u00e9rcoles d\u00eda 15 de junio, estaremos en el stand de UNEF en Genera presentando p\u00fablicamente la plataforma. Os esperamos a todos a las 17 horas para\u00a0la puesta de largo.<\/em><\/p>\n\n\n<div class=\"kk-star-ratings kksr-auto kksr-align-left kksr-valign-bottom\"\n    data-payload='{&quot;align&quot;:&quot;left&quot;,&quot;id&quot;:&quot;5715&quot;,&quot;slug&quot;:&quot;default&quot;,&quot;valign&quot;:&quot;bottom&quot;,&quot;ignore&quot;:&quot;&quot;,&quot;reference&quot;:&quot;auto&quot;,&quot;class&quot;:&quot;&quot;,&quot;count&quot;:&quot;0&quot;,&quot;legendonly&quot;:&quot;&quot;,&quot;readonly&quot;:&quot;&quot;,&quot;score&quot;:&quot;0&quot;,&quot;starsonly&quot;:&quot;&quot;,&quot;best&quot;:&quot;5&quot;,&quot;gap&quot;:&quot;5&quot;,&quot;greet&quot;:&quot;Valora este post&quot;,&quot;legend&quot;:&quot;0\\\/5 - (0 votos)&quot;,&quot;size&quot;:&quot;24&quot;,&quot;title&quot;:&quot;SolarDirecto: una nueva iniciativa para facilitar el autoconsumo.&quot;,&quot;width&quot;:&quot;0&quot;,&quot;_legend&quot;:&quot;{score}\\\/{best} - ({count} {votes})&quot;,&quot;font_factor&quot;:&quot;1.25&quot;}'>\n            \n<div class=\"kksr-stars\">\n    \n<div class=\"kksr-stars-inactive\">\n            <div class=\"kksr-star\" data-star=\"1\" style=\"padding-right: 5px\">\n            \n\n<div class=\"kksr-icon\" style=\"width: 24px; height: 24px;\"><\/div>\n        <\/div>\n            <div class=\"kksr-star\" data-star=\"2\" style=\"padding-right: 5px\">\n            \n\n<div class=\"kksr-icon\" style=\"width: 24px; height: 24px;\"><\/div>\n        <\/div>\n            <div class=\"kksr-star\" data-star=\"3\" style=\"padding-right: 5px\">\n            \n\n<div class=\"kksr-icon\" style=\"width: 24px; height: 24px;\"><\/div>\n        <\/div>\n            <div class=\"kksr-star\" data-star=\"4\" style=\"padding-right: 5px\">\n            \n\n<div class=\"kksr-icon\" style=\"width: 24px; height: 24px;\"><\/div>\n        <\/div>\n            <div class=\"kksr-star\" data-star=\"5\" style=\"padding-right: 5px\">\n            \n\n<div class=\"kksr-icon\" style=\"width: 24px; height: 24px;\"><\/div>\n        <\/div>\n    <\/div>\n    \n<div class=\"kksr-stars-active\" style=\"width: 0px;\">\n            <div class=\"kksr-star\" style=\"padding-right: 5px\">\n            \n\n<div class=\"kksr-icon\" style=\"width: 24px; height: 24px;\"><\/div>\n        <\/div>\n            <div class=\"kksr-star\" style=\"padding-right: 5px\">\n            \n\n<div class=\"kksr-icon\" style=\"width: 24px; height: 24px;\"><\/div>\n        <\/div>\n            <div class=\"kksr-star\" style=\"padding-right: 5px\">\n            \n\n<div class=\"kksr-icon\" style=\"width: 24px; height: 24px;\"><\/div>\n        <\/div>\n            <div class=\"kksr-star\" style=\"padding-right: 5px\">\n            \n\n<div class=\"kksr-icon\" style=\"width: 24px; height: 24px;\"><\/div>\n        <\/div>\n            <div class=\"kksr-star\" style=\"padding-right: 5px\">\n            \n\n<div class=\"kksr-icon\" style=\"width: 24px; height: 24px;\"><\/div>\n        <\/div>\n    <\/div>\n<\/div>\n                \n\n<div class=\"kksr-legend\" style=\"font-size: 19.2px;\">\n            <span class=\"kksr-muted\">Valora este post<\/span>\n    <\/div>\n    <\/div>\n","protected":false},"excerpt":{"rendered":"<p>Estimados amigos, tras algunas semanas de breve desconexi\u00f3n, hoy con gran alegr\u00eda y mucha ilusi\u00f3n, retomo la senda de esta bit\u00e1cora para presentaros SolarDirecto.com, la primera plataforma online especializada en la tramitaci\u00f3n y legalizaci\u00f3n de instalaciones de autoconsumo solar, y que nace como una iniciativa conjunta del bufete de abogados Holtrop y SolarTradex.<\/p>\n","protected":false},"author":2,"featured_media":0,"comment_status":"open","ping_status":"closed","sticky":false,"template":"","format":"standard","meta":{"inline_featured_image":false,"_mbp_gutenberg_autopost":false,"footnotes":""},"categories":[17],"tags":[],"class_list":["post-5715","post","type-post","status-publish","format-standard","hentry","category-autoconsumo"],"fimg_url":false,"post_mailing_queue_ids":[],"_links":{"self":[{"href":"https:\/\/solartradex.com\/blog\/wp-json\/wp\/v2\/posts\/5715","targetHints":{"allow":["GET"]}}],"collection":[{"href":"https:\/\/solartradex.com\/blog\/wp-json\/wp\/v2\/posts"}],"about":[{"href":"https:\/\/solartradex.com\/blog\/wp-json\/wp\/v2\/types\/post"}],"author":[{"embeddable":true,"href":"https:\/\/solartradex.com\/blog\/wp-json\/wp\/v2\/users\/2"}],"replies":[{"embeddable":true,"href":"https:\/\/solartradex.com\/blog\/wp-json\/wp\/v2\/comments?post=5715"}],"version-history":[{"count":1,"href":"https:\/\/solartradex.com\/blog\/wp-json\/wp\/v2\/posts\/5715\/revisions"}],"predecessor-version":[{"id":7167,"href":"https:\/\/solartradex.com\/blog\/wp-json\/wp\/v2\/posts\/5715\/revisions\/7167"}],"wp:attachment":[{"href":"https:\/\/solartradex.com\/blog\/wp-json\/wp\/v2\/media?parent=5715"}],"wp:term":[{"taxonomy":"category","embeddable":true,"href":"https:\/\/solartradex.com\/blog\/wp-json\/wp\/v2\/categories?post=5715"},{"taxonomy":"post_tag","embeddable":true,"href":"https:\/\/solartradex.com\/blog\/wp-json\/wp\/v2\/tags?post=5715"}],"curies":[{"name":"wp","href":"https:\/\/api.w.org\/{rel}","templated":true}]}}