{"id":5881,"date":"2016-12-30T09:31:49","date_gmt":"2016-12-30T08:31:49","guid":{"rendered":"http:\/\/solartradex.com\/blog\/?p=5881"},"modified":"2023-09-22T16:06:36","modified_gmt":"2023-09-22T14:06:36","slug":"y-si-esta-vez-el-sr-ministro-de-energia-tuviera-razon","status":"publish","type":"post","link":"https:\/\/solartradex.com\/blog\/y-si-esta-vez-el-sr-ministro-de-energia-tuviera-razon\/","title":{"rendered":"\u00bfY si esta vez el Sr. Ministro de Energ\u00eda tuviera raz\u00f3n?"},"content":{"rendered":"<p>\u00a1\u00a1No os asust\u00e9is!! Ni me he vuelto loco ni tengo intereses cremat\u00edsticos en el&nbsp;Ministerio de Energ\u00eda, Turismo y Agenda Digital; &nbsp;el Ministro Nadal sigue igual de ciego y necio que su herman\u00edsimo&nbsp;en materia de fomento del autoconsumo; no da pie con bola, y a cada palabra que pronuncia, la burrada se hace mayor, tan mayor que al final de manera inconsciente quiz\u00e1s haya dado con una buena&nbsp;soluci\u00f3n para la eliminaci\u00f3n del \u00abimpuesto al sol\u00bb.<\/p>\n<p><img fetchpriority=\"high\" decoding=\"async\" class=\"aligncenter wp-image-5889\" src=\"https:\/\/solartradex.com\/blog\/wp-content\/uploads\/2016\/12\/Fotolia_111656309_S-219x300.jpg\" alt=\"3\" width=\"300\" height=\"411\" title=\"\" srcset=\"https:\/\/solartradex.com\/blog\/wp-content\/uploads\/2016\/12\/Fotolia_111656309_S-219x300.jpg 219w, https:\/\/solartradex.com\/blog\/wp-content\/uploads\/2016\/12\/Fotolia_111656309_S.jpg 592w\" sizes=\"(max-width: 300px) 100vw, 300px\" \/><\/p>\n<p>El pasado 13 de diciembre el se\u00f1or \u00c1lvaro Nadal comparec\u00eda en <span style=\"text-decoration: underline;\"><span style=\"color: #800080;\"><a style=\"color: #800080; text-decoration: underline;\" href=\"https:\/\/www.congreso.es\/public_oficiales\/L12\/CONG\/DS\/CO\/DSCD-12-CO-74.PDF\" target=\"_blank\" rel=\"noopener\">Comisi\u00f3n en el Congreso de los Diputados<\/a><\/span><\/span> para presentar las l\u00edneas maestras en materia energ\u00e9tica sobre las que pretende articular la reci\u00e9n estrenada legislatura, siendo l\u00f3gicamente, el autoconsumo uno de los temas estrella de la jornada; &nbsp;y como no pod\u00eda ser de otra manera, y muy a pesar de presentarse como un f\u00e9rreo defensor de las energ\u00edas limpias, al \u00abpobre\u00bb, se le vi\u00f3 el plumero tratando de dogmatizar acerca de la insolidaridad de aquellos herejes que defendemos el autoconsumo como eje vertebrador de un nuevo modelo energ\u00e9tico m\u00e1s justo, libre y sostenible.<\/p>\n<p>Pero vayamos a ver que dijo el se\u00f1or Ministro&#8230;<\/p>\n<p><!--more--><\/p>\n<p>B\u00e1sicamente, el se\u00f1or Nadal se present\u00f3 como un abanderado de las energ\u00edas renovables y de la eficiencia energ\u00e9tica en particular, indicando que Espa\u00f1a \u00ab<em>no va ma<\/em>l\u00bb- que no es lo mismo que ir bien- en cuanto a cumplimiento de los objetivos europeos en materia de energ\u00edas renovables, &nbsp;y algo m\u00e1s retrasado en cuanto a los objetivos de eficiencia energ\u00e9tica, pero en todo caso \u00ab<em>en la l\u00ednea del resto de pa\u00edses europeos<\/em>\u00bb &#8211; mal de muchos, consuelo de tontos dicen en mi pueblo-.<\/p>\n<p>En todo caso, el se\u00f1or Ministro&nbsp;estima que Espa\u00f1a est\u00e1&nbsp;en la senda de cumplimiento&nbsp;del objetivo de reducci\u00f3n del 40% de emisiones de gases de efecto invernadero para el a\u00f1o 2030 que ha establecido recientemente la Uni\u00f3n Europea, aunque a la vista del siguiente gr\u00e1fico, yo no s\u00e9 qu\u00e9 pensar&#8230;. Espa\u00f1a es el tercer pa\u00eds de la UE que menos ha reducido sus emisiones respecto al a\u00f1o 1990, o mejor dicho, Espa\u00f1a ha aumentado un 17% sus emisiones, ah\u00ed es nada.<\/p>\n<p><img decoding=\"async\" class=\"aligncenter wp-image-5900 size-large\" src=\"https:\/\/solartradex.com\/blog\/wp-content\/uploads\/2016\/12\/Captura-de-pantalla-2016-12-29-a-les-20.44.28-1024x637.png\" alt=\"Reducci\u00f3n gases efecto invernadero\" width=\"604\" height=\"376\" title=\"\" srcset=\"https:\/\/solartradex.com\/blog\/wp-content\/uploads\/2016\/12\/Captura-de-pantalla-2016-12-29-a-les-20.44.28-1024x637.png 1024w, https:\/\/solartradex.com\/blog\/wp-content\/uploads\/2016\/12\/Captura-de-pantalla-2016-12-29-a-les-20.44.28-300x187.png 300w, https:\/\/solartradex.com\/blog\/wp-content\/uploads\/2016\/12\/Captura-de-pantalla-2016-12-29-a-les-20.44.28-768x478.png 768w, https:\/\/solartradex.com\/blog\/wp-content\/uploads\/2016\/12\/Captura-de-pantalla-2016-12-29-a-les-20.44.28.png 1952w\" sizes=\"(max-width: 604px) 100vw, 604px\" \/><\/p>\n<p>Y en cuanto a autoconsumo, \u00bfqu\u00e9 nos dice el se\u00f1or pitoniso?<\/p>\n<p>Pues que a\u00fan reconociendo la bondad de la generaci\u00f3n distribuida en lo que se refiere a reducci\u00f3n de p\u00e9rdidas en la red de transporte y distribuci\u00f3n ( no olvidemos que cada ciudadano paga de media un 18% m\u00e1s en el t\u00e9rmino de energ\u00eda de su factura el\u00e9ctrica debido a estas p\u00e9rdidas), la necesidad de mejorar la retribuci\u00f3n de la energ\u00eda no autoconsumida vertida a&nbsp;la red de distribuci\u00f3n el\u00e9ctrica, y la voluntad del Gobierno de incentivar de alg\u00fan modo los sistemas de acumulaci\u00f3n; &nbsp;el se\u00f1or Ministro insisti\u00f3 y se enroc\u00f3 en la necesidad de mantener el \u00abimpuesto al sol\u00bb con el fin de&nbsp;evitar&nbsp;que los autoconsumidores dejen de contribuir&nbsp;a los costes del sistema el\u00e9ctrico por la parte de energ\u00eda autoconsumida, &nbsp;como s\u00ed contribuyen&nbsp;el resto consumidores que no pueden\/quieren autoconsumir.<\/p>\n<p>Y es aqu\u00ed donde el se\u00f1or Ministro arm\u00f3 el taco. Dijo textualmente el se\u00f1or Nadal:<\/p>\n<p><em>\u00abEn este sentido, la Comisi\u00f3n Europea nos dice que aquello que se establezca con el autoconsumo tiene que ser proporcional, es decir, los pagos que se establezcan para el autoconsumo tienen que ser proporcionales y justificados en funci\u00f3n de los costes del sistema. Este es un marco que consideramos adecuado respecto a c\u00f3mo se tiene que realizar la regulaci\u00f3n del mismo. \u00bfQu\u00e9 tenemos como costes del sistema? Lo saben ustedes perfectamente bien. Nosotros tenemos dos tipos de costes fijos en el sistema, es decir, aquello que hay que pagar para que todos dispongamos de electricidad independientemente de que consumamos o no. Si lo tuviese que comparar con el sector del transporte en carretera, dir\u00eda que son las carreteras: vayamos o no en carretera tenemos que tenerlas mantenidas y situadas para poder conducir, si no, no podr\u00edamos conducir. El flujo de energ\u00eda ser\u00eda la gasolina del coche, mientras que el pago de la carretera ser\u00eda la parte fija del sistema, aquello que tenemos que pagar para que el sistema est\u00e9 a disposici\u00f3n de los usuarios, consuman o no. Y eso se tiene que pagar se consuma o no\u00bb.<\/em><\/p>\n<p>El problema seg\u00fan el se\u00f1or Nadal, es que debido a la estructura tarifaria actual, aproximadamente el 70% de los costes fijos del sistema el\u00e9ctrico se repercuten en el t\u00e9rmino de potencia de la factura el\u00e9ctrica, pero todav\u00eda hay un 30% de estos costes que se repercuten en el t\u00e9rmino variable de energ\u00eda, lo que provoca esta \u00abinsolidaridad\u00bb de los autoconsumidores que dejan de contribuir en una parte de los costes fijos del sistema debido a su disminuci\u00f3n de consumo.<\/p>\n<p>O dicho en palabras del se\u00f1or Ministro, &nbsp;el t\u00e9rmino fijo de potencia vendr\u00eda a&nbsp;retribuir el coste de las carreteras, y el t\u00e9rmino variable de energ\u00eda a&nbsp;pagar la gasolina&#8230;.\u00a1\u00a1Pues Eureka!! , el se\u00f1or Nadal ha dado&nbsp;con la soluci\u00f3n:<\/p>\n<p>Si el autoconsumo es como las carreteras, pues hagamos como con ellas. Eliminemos el t\u00e9rmino fijo de potencia de la factura el\u00e9ctrica y pasemos todos los costes fijos del sistema el\u00e9ctrico a los Presupuestos Generales del Estado como hacemos con las carreteras; de este modo todos los ciudadanos contribuiremos a mantener la red el\u00e9ctrica sin necesidad de un impuesto al sol \u00bfQue os parece? \u00a1\u00a1 Se acab\u00f3 la insolidaridad!!<\/p>\n<p>Y no s\u00f3lo esto, sino que as\u00ed conseguiremos que aquellos que m\u00e1s tienen y que consecuentemente m\u00e1s IRPF pagan, &nbsp;contribuir\u00e1n en mayor medida que aquellos que no ganan tanto y cuyo IRPF es m\u00e1s bajo&#8230; imagino que esto es lo justo&nbsp;\u00bfno Sr. Nadal?<\/p>\n<p>Porque en el fondo, esta es una de las grandes preocupaciones del Ministro, quien asegura&nbsp;que el autoconsumo es insolidario porque s\u00f3lo pueden autoconsumir aquellos con gran poder adquisitivo que viven en grandes viviendas&nbsp;individuales, y no&nbsp;quienes viven en bloques de viviendas.<\/p>\n<p>Pues lo dicho, que con el s\u00edmil de las carreteras, el se\u00f1or Nadal nos&nbsp;ha mostrado&nbsp;el camino para eliminar el \u00abimpuesto al sol\u00bb&nbsp;\u00bf Que os parece?<\/p>\n<p>Obviamente, esta es una propuesta inicial que convendr\u00eda matizar; seguramente no sea posible ni razonable&nbsp;eliminar la totalidad del t\u00e9rmino fijo de potencia -las empresas pedir\u00edan potencia disponible sin l\u00edmite y esto supondr\u00eda una mayor inversi\u00f3n en instalaciones de extensi\u00f3n- , no obstante&nbsp;\u00bfpor qu\u00e9 no traspasar el 10%-20% de los costes fijos del sistema a los Presupuestos Generales del Estado?<\/p>\n<p>Estoy convencido que s\u00f3lo con esta cantidad, habr\u00eda m\u00e1s que suficiente para compensar el componente&nbsp;\u00abinsolidario\u00bb de los autoconsumidores \u00bf no cre\u00e9is?<\/p>\n<p>En todo caso, perm\u00edtame se\u00f1or Nadal, que met\u00e1foras&nbsp;y propuestas al margen, le plantee dos cuestiones que no alcanzo comprender de su intervenci\u00f3n.<\/p>\n<p>En primer lugar, usted nos glosa las excelencias de la eficiencia energ\u00e9tica: \u00bb&nbsp;<em>Para el Gobierno, la eficiencia energ\u00e9tica es la mejor de las pol\u00edticas energ\u00e9ticas, porque la energ\u00eda que no se consume \u2014porque no es necesario hacerlo y mantenemos el mismo nivel de bienestar\u2014 no contamina, no importa y no desequilibra la balanza de pagos. Sin duda ninguna, no desperdiciar la energ\u00eda es el esfuerzo mayor que &nbsp;nos gustar\u00eda que se hiciese en nuestro pa\u00eds, porque es la mejor manera de utilizarla, y eso se consigue con eficiencia energ\u00e9tica. En esto tenemos que ser muy exigentes\u00bb<\/em><\/p>\n<p>Y yo le pregunto, \u00bfla eficiencia energ\u00e9tica no es insolidaria?\u00bfQui\u00e9n pagar\u00e1 los costes fijos del sistema el\u00e9ctrico si todo el mundo se apunta a la eficiencia energ\u00e9tica? \u00bf No seria l\u00f3gico implantar un \u00abimpuesto al no consumo\u00bb de manera an\u00e1loga al \u00abimpuesto al sol\u00bb?<\/p>\n<p>Imag\u00ednese que todo el mundo decidiera <span style=\"text-decoration: underline;\"><span style=\"color: #800080;\"><a style=\"color: #800080; text-decoration: underline;\" href=\"https:\/\/solartradex.com\/blog\/la-absurda-insolidaridad-de-quien-tiende-sus-calzoncillos-al-sol\/\" target=\"_blank\" rel=\"noopener\">secar su calzoncillos al sol<\/a><\/span><\/span>, en lugar de utilizar una secadora el\u00e9ctrica; sin lugar a dudas la eficiencia energ\u00e9tica se merece un impuesto justo y proporcional a los costes del sistema el\u00e9ctrico tal y como mandan los c\u00e1nones de la Comisi\u00f3n Europea \u00bf me sigue&nbsp;se\u00f1or Ministro?<\/p>\n<p>En segundo lugar, usted dice que: \u00ab<em>autoconsume m\u00e1s f\u00e1cilmente el que tiene una casa individual, con mucha parcela y muchos metros cuadrados de tejado, porque cuenta con una gran superficie, que aquellos que viven en bloques de pisos de veinte o veinticinco viviendas en los que apenas hay una azotea para todo el bloque que se reparte entre todos los pisos. Por tanto, estar\u00edamos trasladando una parte del recibo de la luz que paga gente con poder adquisitivo mucho mayor, capaz de vivir en viviendas individuales muy amplias, a los dem\u00e1s, cosa que no creo que sea ni eficiente ni justa, pero seguro que ustedes pueden tener alg\u00fan otro tipo de opini\u00f3n al respecto<\/em>\u00ab.<\/p>\n<p>\u00bfsabe usted como se podr\u00eda solucionar esta anomal\u00eda que usted plantea como injusta? Pues muy f\u00e1cil, modificando el RD900\/2015 de autoconsumo, y permitiendo el autoconsumo compartido en bloques de viviendas, y permitiendo el autoconsumo a distancia ( porteo le llaman en M\u00e9jico, por ejemplo). \u00bf por qu\u00e9 no permitir que en las grandes ciudades, los ciudadanos que viven en bloques de viviendas con poca superf\u00edcie disponible puedan coparticipar en grandes plantas de autoconsumo ubicadas en cubiertas de edificios municipales o de empresas con bajo consumo de la misma ciudad ( para evitar p\u00e9rdidas de distribuci\u00f3n), y beneficiarse de este modo del autoconsumo?<\/p>\n<p>Ya ve, se\u00f1or Ministro, que si se trata de buscar soluciones, hay muchas y variadas, tan s\u00f3lo se trata de ponerle un poco de empe\u00f1o, sentido com\u00fan y humildad para aprender, poco m\u00e1s&#8230;.<\/p>\n<p>En fin, que lo dejo aqu\u00ed, agradeciendo eso si al se\u00f1or \u00c1lvaro Nadal, que con su s\u00edmil con las carreteras me haya permitido ver la luz para empezar a estructurar una propuesta nada descabellada que permitir\u00eda cubrir los costes fijos del sistema de una manera justa, razonable y proporcional al nivel adquisitivo de cada ciudadano, y a la vez eliminar un <span style=\"text-decoration: underline;\"><span style=\"color: #800080;\"><a style=\"color: #800080; text-decoration: underline;\" href=\"https:\/\/solartradex.com\/blog\/por-que-el-peaje-de-respaldo-es-improcedente-y-discriminatorio\/\" target=\"_blank\" rel=\"noopener\">\u00abimpuesto al sol\u00bb que nunca debiera haber existido<\/a><\/span><\/span>.<\/p>\n<p>Como siempre, os invito a participar con vuestros comentarios, propuestas y reflexiones \u00bf cre\u00e9is que pasar parte de los costes fijos del sistema el\u00e9ctrico a los Presupuestos Generales del Estado seria una buena opci\u00f3n?<\/p>\n<p>Un abrazo a todos, y os deseo de todo coraz\u00f3n que teng\u00e1is un FELIZ A\u00d1O 2017.<\/p>\n<p>\u00a1\u00a1SUERTE Y SALUD para todos!!<\/p>\n\n\n<div class=\"kk-star-ratings kksr-auto kksr-align-left kksr-valign-bottom\"\n    data-payload='{&quot;align&quot;:&quot;left&quot;,&quot;id&quot;:&quot;5881&quot;,&quot;slug&quot;:&quot;default&quot;,&quot;valign&quot;:&quot;bottom&quot;,&quot;ignore&quot;:&quot;&quot;,&quot;reference&quot;:&quot;auto&quot;,&quot;class&quot;:&quot;&quot;,&quot;count&quot;:&quot;0&quot;,&quot;legendonly&quot;:&quot;&quot;,&quot;readonly&quot;:&quot;&quot;,&quot;score&quot;:&quot;0&quot;,&quot;starsonly&quot;:&quot;&quot;,&quot;best&quot;:&quot;5&quot;,&quot;gap&quot;:&quot;5&quot;,&quot;greet&quot;:&quot;Valora este post&quot;,&quot;legend&quot;:&quot;0\\\/5 - (0 votos)&quot;,&quot;size&quot;:&quot;24&quot;,&quot;title&quot;:&quot;\u00bfY si esta vez el Sr. Ministro de Energ\u00eda tuviera raz\u00f3n?&quot;,&quot;width&quot;:&quot;0&quot;,&quot;_legend&quot;:&quot;{score}\\\/{best} - ({count} {votes})&quot;,&quot;font_factor&quot;:&quot;1.25&quot;}'>\n            \n<div class=\"kksr-stars\">\n    \n<div class=\"kksr-stars-inactive\">\n            <div class=\"kksr-star\" data-star=\"1\" style=\"padding-right: 5px\">\n            \n\n<div class=\"kksr-icon\" style=\"width: 24px; height: 24px;\"><\/div>\n        <\/div>\n            <div class=\"kksr-star\" data-star=\"2\" style=\"padding-right: 5px\">\n            \n\n<div class=\"kksr-icon\" style=\"width: 24px; height: 24px;\"><\/div>\n        <\/div>\n            <div class=\"kksr-star\" data-star=\"3\" style=\"padding-right: 5px\">\n            \n\n<div class=\"kksr-icon\" style=\"width: 24px; height: 24px;\"><\/div>\n        <\/div>\n            <div class=\"kksr-star\" data-star=\"4\" style=\"padding-right: 5px\">\n            \n\n<div class=\"kksr-icon\" style=\"width: 24px; height: 24px;\"><\/div>\n        <\/div>\n            <div class=\"kksr-star\" data-star=\"5\" style=\"padding-right: 5px\">\n            \n\n<div class=\"kksr-icon\" style=\"width: 24px; height: 24px;\"><\/div>\n        <\/div>\n    <\/div>\n    \n<div class=\"kksr-stars-active\" style=\"width: 0px;\">\n            <div class=\"kksr-star\" style=\"padding-right: 5px\">\n            \n\n<div class=\"kksr-icon\" style=\"width: 24px; height: 24px;\"><\/div>\n        <\/div>\n            <div class=\"kksr-star\" style=\"padding-right: 5px\">\n            \n\n<div class=\"kksr-icon\" style=\"width: 24px; height: 24px;\"><\/div>\n        <\/div>\n            <div class=\"kksr-star\" style=\"padding-right: 5px\">\n            \n\n<div class=\"kksr-icon\" style=\"width: 24px; height: 24px;\"><\/div>\n        <\/div>\n            <div class=\"kksr-star\" style=\"padding-right: 5px\">\n            \n\n<div class=\"kksr-icon\" style=\"width: 24px; height: 24px;\"><\/div>\n        <\/div>\n            <div class=\"kksr-star\" style=\"padding-right: 5px\">\n            \n\n<div class=\"kksr-icon\" style=\"width: 24px; height: 24px;\"><\/div>\n        <\/div>\n    <\/div>\n<\/div>\n                \n\n<div class=\"kksr-legend\" style=\"font-size: 19.2px;\">\n            <span class=\"kksr-muted\">Valora este post<\/span>\n    <\/div>\n    <\/div>\n","protected":false},"excerpt":{"rendered":"<p>\u00a1\u00a1No os asust\u00e9is!! Ni me he vuelto loco ni tengo intereses cremat\u00edsticos en el&nbsp;Ministerio de Energ\u00eda, Turismo y Agenda Digital; &nbsp;el Ministro Nadal sigue igual de ciego y necio que su herman\u00edsimo&nbsp;en materia de fomento del autoconsumo; no da pie con bola, y a cada palabra que pronuncia, la burrada se hace mayor, tan mayor &hellip; <a href=\"https:\/\/solartradex.com\/blog\/y-si-esta-vez-el-sr-ministro-de-energia-tuviera-razon\/\" class=\"more-link\">Seguir leyendo <span class=\"screen-reader-text\">\u00bfY si esta vez el Sr. Ministro de Energ\u00eda tuviera raz\u00f3n?<\/span> <span class=\"meta-nav\">&rarr;<\/span><\/a><\/p>\n","protected":false},"author":2,"featured_media":5889,"comment_status":"open","ping_status":"closed","sticky":false,"template":"","format":"standard","meta":{"inline_featured_image":false,"_mbp_gutenberg_autopost":false,"footnotes":""},"categories":[],"tags":[],"class_list":["post-5881","post","type-post","status-publish","format-standard","has-post-thumbnail","hentry"],"fimg_url":"https:\/\/solartradex.com\/blog\/wp-content\/uploads\/2016\/12\/Fotolia_111656309_S.jpg","post_mailing_queue_ids":[],"_links":{"self":[{"href":"https:\/\/solartradex.com\/blog\/wp-json\/wp\/v2\/posts\/5881","targetHints":{"allow":["GET"]}}],"collection":[{"href":"https:\/\/solartradex.com\/blog\/wp-json\/wp\/v2\/posts"}],"about":[{"href":"https:\/\/solartradex.com\/blog\/wp-json\/wp\/v2\/types\/post"}],"author":[{"embeddable":true,"href":"https:\/\/solartradex.com\/blog\/wp-json\/wp\/v2\/users\/2"}],"replies":[{"embeddable":true,"href":"https:\/\/solartradex.com\/blog\/wp-json\/wp\/v2\/comments?post=5881"}],"version-history":[{"count":1,"href":"https:\/\/solartradex.com\/blog\/wp-json\/wp\/v2\/posts\/5881\/revisions"}],"predecessor-version":[{"id":7270,"href":"https:\/\/solartradex.com\/blog\/wp-json\/wp\/v2\/posts\/5881\/revisions\/7270"}],"wp:featuredmedia":[{"embeddable":true,"href":"https:\/\/solartradex.com\/blog\/wp-json\/wp\/v2\/media\/5889"}],"wp:attachment":[{"href":"https:\/\/solartradex.com\/blog\/wp-json\/wp\/v2\/media?parent=5881"}],"wp:term":[{"taxonomy":"category","embeddable":true,"href":"https:\/\/solartradex.com\/blog\/wp-json\/wp\/v2\/categories?post=5881"},{"taxonomy":"post_tag","embeddable":true,"href":"https:\/\/solartradex.com\/blog\/wp-json\/wp\/v2\/tags?post=5881"}],"curies":[{"name":"wp","href":"https:\/\/api.w.org\/{rel}","templated":true}]}}