{"id":5926,"date":"2017-01-10T00:53:51","date_gmt":"2017-01-09T23:53:51","guid":{"rendered":"http:\/\/solartradex.com\/blog\/?p=5926"},"modified":"2023-09-22T16:05:58","modified_gmt":"2023-09-22T14:05:58","slug":"cafe-copa-puro-nada-autoconsumo","status":"publish","type":"post","link":"https:\/\/solartradex.com\/blog\/cafe-copa-puro-nada-autoconsumo\/","title":{"rendered":"Caf\u00e9, copa, puro y nada de autoconsumo."},"content":{"rendered":"<p>Que Espa\u00f1a es un pa\u00eds de costumbres&nbsp;no es ninguna novedad; los toros,&nbsp;las tapas, la siesta y las puertas giratorias son algunas de las que m\u00e1s sorprenden a los turistas&nbsp;que visitan nuestras tierras.&nbsp;&nbsp;No&nbsp;obstante, de entre todas&nbsp;las usanzas, hay una que por su&nbsp;arraigo&nbsp;generalizado a nuestra cultura sin distinci\u00f3n de gentilicio, clase ni de edad, destaca con luz propia&#8230;.si, no lo dud\u00e9is, el mejor y m\u00e1s valioso estandarte del costumismo espa\u00f1ol son&nbsp;las eruditas tert\u00falias de bar que acompa\u00f1adas de caf\u00e9, copa y puro descuentan tardes al calendario mientras se atreven a poner en tela de juicio el buen ojo&nbsp;de Amancio Ortega para los negocios, &nbsp;los conocimientos del <span style=\"text-decoration: underline;\"><span style=\"color: #800080;\"><a style=\"color: #800080; text-decoration: underline;\" href=\"https:\/\/www.abc.es\/sociedad\/abci-jose-baselga-oncologo-sueno-hacer-chequeo-anual-cancer-muestra-sangre-201602032048_noticia.html\" target=\"_blank\" rel=\"noopener\">Dr. Baselga<\/a><\/span><\/span> para liderar la lucha contra el c\u00e1ncer y &nbsp;c\u00f3mo no, la destreza de Leo Messi para lanzar faltas directas, faltar\u00eda m\u00e1s.<\/p>\n<p>El pasado fin de semana, de manera inesperada y a modo de regalo de Reyes, lleg\u00f3 a mis manos el informe que la Secretaria de Estado de Energ\u00eda prepar\u00f3 hace unas semanas con&nbsp;respecto de la toma en consideraci\u00f3n de la Proposici\u00f3n de Ley de medidas&nbsp;urgentes de fomento del autoconsumo el\u00e9ctrico, presentada por el Grupo Parlamentario de Ciudadanos; un informe que de manera desvergonzada intenta demostrar el sobrecoste econ\u00f3mico que el autoconsumo supone para las arcas del Estado, y que por su falta de rigor, sensatez y objetividad, mucho me temo que muy probablemente ha sido parido&nbsp;al cobijo de un tertulia de caf\u00e9 de tres al cuarto, fruto de una&nbsp;bravuconada bajo el efecto embriagador de una copa de brandy Soberano&nbsp;y el humo arrebatador de un R\u00f6ssli de anta\u00f1o.<\/p>\n<p>En el art\u00edculo de hoy,&nbsp;repasaremos algunos de los puntos m\u00e1s destacados de dicho informe para acabar&nbsp;convencidos que Espa\u00f1a es un pa\u00eds de caf\u00e9, copa, puro y nada de autoconsumo&#8230; pero vayamos al grano.<\/p>\n<p><img fetchpriority=\"high\" decoding=\"async\" class=\"aligncenter wp-image-5952 size-full\" src=\"https:\/\/solartradex.com\/blog\/wp-content\/uploads\/2017\/01\/Captura-de-pantalla-2017-01-10-a-les-0.51.34.png\" alt=\"caf\u00e9, copa y puro\" width=\"1500\" height=\"978\" title=\"\" srcset=\"https:\/\/solartradex.com\/blog\/wp-content\/uploads\/2017\/01\/Captura-de-pantalla-2017-01-10-a-les-0.51.34.png 1500w, https:\/\/solartradex.com\/blog\/wp-content\/uploads\/2017\/01\/Captura-de-pantalla-2017-01-10-a-les-0.51.34-300x196.png 300w, https:\/\/solartradex.com\/blog\/wp-content\/uploads\/2017\/01\/Captura-de-pantalla-2017-01-10-a-les-0.51.34-768x501.png 768w, https:\/\/solartradex.com\/blog\/wp-content\/uploads\/2017\/01\/Captura-de-pantalla-2017-01-10-a-les-0.51.34-1024x668.png 1024w\" sizes=\"(max-width: 1500px) 100vw, 1500px\" \/><\/p>\n<p><!--more-->En primer lugar conviene resaltar, que bajo mi punto de vista el informe est\u00e1 invalidado ex-ante,&nbsp;ya que todos sus c\u00e1lculos y estimaciones se basan en premisas falsas y meras conjeturas que carecen de ning\u00fan tipo de&nbsp;fundamento.<\/p>\n<p>El informe parte de la premisa de que en Espa\u00f1a \u00ab<em>se estima que el 2% del consumo el\u00e9ctrico se produce con autoconsumo ( cifra tomada de las apreciaciones del sector)<\/em>\u00ab.<\/p>\n<p>En primer lugar choca ver que un informe de la Secretaria de Estado de Energ\u00eda ( informe realizado bajo la tutela de don Alberto Nadal, anterior Secretario de Estado y herman\u00edsimo del actual Ministro de Energ\u00eda), se basa en \u00abcifras tomadas de las apreciaciones del sector\u00bb, como si el Ministerio de Energ\u00eda, Turismo y Agenda Digital no tuviera recursos suficientes que le permitan disponer de&nbsp;cifras&nbsp;oficiales para acometer&nbsp;dicho estudio.<\/p>\n<p>Y no s\u00f3lo eso, sin\u00f3 que adem\u00e1s a\u00f1aden una coletilla indicando que \u00ab<em>si la energ\u00eda autoconsumida fuera superior la p\u00e9rdida de recaudaci\u00f3n aumentar\u00eda en consecuencia<\/em>\u00ab, como dando a suponer que seguro que las cifras reales son significativamente m\u00e1s altas.<\/p>\n<p>Pues mire usted Sr. Nadal ( el ex-Secretario o el Ministro actual, me es igual cual de los dos), sus&nbsp;datos son err\u00f3neos y los reales muy inferiores a los que ustedes presentan;&nbsp;bas\u00e1ndome en datos oficiales de Red El\u00e9ctrica de Espa\u00f1a &#8211; operador del sistema el\u00e9ctrico espa\u00f1ol- y de la Comisi\u00f3n Nacional de los Mercados y la Competencia, la cuota de autoconsumo apenas alcanza entre el 0,4% y el 0,5% del consumo nacional, lo que definitivamente supone que en el mejor de los casos para ustedes, y el peor de los casos para el conjunto de la ciudadan\u00eda, el impacto econ\u00f3mico del autoconsumo apenas alcanzar\u00eda una cuarta o quinta parte de lo que ustedes estiman.<\/p>\n<p>Vayamos con los n\u00fameros:<\/p>\n<ul>\n<li>Consumo el\u00e9ctrico a\u00f1o 2015 ( producci\u00f3n el\u00e9ctrica en barras de central): <strong>263 TWh <\/strong>&#8211; datos de Red El\u00e9ctrica-.<\/li>\n<li>2% de autoconsumo supondr\u00eda: <strong>5,26 TWh.<\/strong><\/li>\n<\/ul>\n<p>El autoconsumo proviene en su pr\u00e1ctica totalidad de las cogeneraciones y las plantas solares de autoconsumo ( no vamos a considerar autoconsumo de centrales nucleares, ciclos combinado de gas, centrales de carb\u00f3n, etc&#8230; s\u00f3lo faltar\u00eda que nosotros tuvi\u00e9ramos que justificar y compensar la actividad de producci\u00f3n de las empresas el\u00e9ctricas). Vayamos a ver que parte se corresponde a cada una:<\/p>\n<p><strong>Autoconsumo imputable a las cogeneraciones.<\/strong><\/p>\n<ul>\n<li>Seg\u00fan datos de <span style=\"text-decoration: underline;\"><span style=\"color: #800080;\"><a style=\"color: #800080; text-decoration: underline;\" href=\"https:\/\/www.ree.es\/sites\/default\/files\/downloadable\/inf_sis_elec_ree_2015.pdf\" target=\"_blank\" rel=\"noopener\">Red El\u00e9ctrica<\/a><\/span><\/span>, en el a\u00f1o 2015 la cogeneraci\u00f3n en Espa\u00f1a alcanz\u00f3 los&nbsp;<strong>25.108 GWh <\/strong>de producci\u00f3n el\u00e9ctrica.<\/li>\n<\/ul>\n<p><img decoding=\"async\" class=\"aligncenter wp-image-5941 size-full\" src=\"https:\/\/solartradex.com\/blog\/wp-content\/uploads\/2017\/01\/Captura-de-pantalla-2017-01-09-a-les-22.45.22.png\" alt=\"Producci\u00f3n el\u00e9ctrica 2015\" width=\"1842\" height=\"1330\" title=\"\" srcset=\"https:\/\/solartradex.com\/blog\/wp-content\/uploads\/2017\/01\/Captura-de-pantalla-2017-01-09-a-les-22.45.22.png 1842w, https:\/\/solartradex.com\/blog\/wp-content\/uploads\/2017\/01\/Captura-de-pantalla-2017-01-09-a-les-22.45.22-200x145.png 200w, https:\/\/solartradex.com\/blog\/wp-content\/uploads\/2017\/01\/Captura-de-pantalla-2017-01-09-a-les-22.45.22-300x217.png 300w, https:\/\/solartradex.com\/blog\/wp-content\/uploads\/2017\/01\/Captura-de-pantalla-2017-01-09-a-les-22.45.22-768x555.png 768w, https:\/\/solartradex.com\/blog\/wp-content\/uploads\/2017\/01\/Captura-de-pantalla-2017-01-09-a-les-22.45.22-1024x739.png 1024w\" sizes=\"(max-width: 1842px) 100vw, 1842px\" \/><\/p>\n<ul>\n<li>Seg\u00fan datos de la CNMC<span style=\"text-decoration: underline;\"><span style=\"color: #800080;\"> <a style=\"color: #800080; text-decoration: underline;\" href=\"https:\/\/www.cnmc.es\/novedades\/2016-03-23-liquidacion-132015-del-sector-electrico-de-energias-renovables-cogeneracion-y\" target=\"_blank\" rel=\"noopener\">( informe de la liquidaci\u00f3n 13\/2015 de la Retribuci\u00f3n de las instalaciones de producci\u00f3n de energ\u00edas renovables, cogeneraci\u00f3n y residuos<\/a>),<\/span><\/span>&nbsp;&nbsp;las cogeneraciones a lo largo del a\u00f1o 2015 vendieron al sistema el\u00e9ctrico un total de <strong>23.185 GWh.<\/strong><\/li>\n<\/ul>\n<p><img decoding=\"async\" class=\"aligncenter wp-image-5942\" src=\"https:\/\/solartradex.com\/blog\/wp-content\/uploads\/2017\/01\/Captura-de-pantalla-2017-01-09-a-les-22.54.55.png\" alt=\"Ventas Energ\u00eda\" width=\"3168\" height=\"777\" title=\"\" srcset=\"https:\/\/solartradex.com\/blog\/wp-content\/uploads\/2017\/01\/Captura-de-pantalla-2017-01-09-a-les-22.54.55.png 2112w, https:\/\/solartradex.com\/blog\/wp-content\/uploads\/2017\/01\/Captura-de-pantalla-2017-01-09-a-les-22.54.55-300x74.png 300w, https:\/\/solartradex.com\/blog\/wp-content\/uploads\/2017\/01\/Captura-de-pantalla-2017-01-09-a-les-22.54.55-768x188.png 768w, https:\/\/solartradex.com\/blog\/wp-content\/uploads\/2017\/01\/Captura-de-pantalla-2017-01-09-a-les-22.54.55-1024x251.png 1024w\" sizes=\"(max-width: 3168px) 100vw, 3168px\" \/><\/p>\n<ul>\n<li>Consecuentemente, la parte correspondiente al autoconsumo de las cogeneraciones &nbsp;corresponder\u00e1 a la diferencia entre 25.108 GWh ( producci\u00f3n) &nbsp;y 23.185 GWh ( ventas), obteniendo un saldo de<strong> 1.923&nbsp;GWh de autoconsumo.<\/strong><\/li>\n<\/ul>\n<p><strong>Autoconsumo imputable a la energ\u00eda solar fotovoltaica:<\/strong><\/p>\n<ul>\n<li>Seg\u00fan hemos visto al inicio, &nbsp;el Gobierno estima que el autoconsumo en Espa\u00f1a asciende a 5,26 TWh \/a\u00f1o. \u00bfok?<\/li>\n<li>Y hemos visto que las cogeneraciones , se llevan un cacho de 1.923 GWh.<\/li>\n<li>Por lo tanto el autoconsumo correspondiente a la fotovoltaica ser\u00e1n &nbsp;5.260 GWh &#8211; 1.923 GWh = <strong>3.337 GWh.&nbsp;<\/strong>\u00bfcorrecto?<\/li>\n<li>En Espa\u00f1a la fotovoltaica produce de media unos 1.500 kWh \/kWp instalado, por lo tanto haciendo una simple regla de 3, podemos calcular los kWp de energ\u00eda solar que suponen un autoconsumo de 3.337GWh.<\/li>\n<\/ul>\n<p style=\"padding-left: 60px;\">3.337&nbsp;GWh x ( 1.000.000 kWh \/ 1 GWh) x \/ (&nbsp;1 kWp \/ 1.500 kWh) = 2.224.667&nbsp;kWp = <strong>2,22 GWp instalados.<\/strong><\/p>\n<p>Esto significa, que seg\u00fan los datos del Ministerio de Energ\u00eda, en Espa\u00f1a,&nbsp;a fecha 31 de diciembre de 2015 ( los datos durante este \u00faltimo a\u00f1o casi no han cambiado debido a las trabas que el Gobierno pone al autoconsumo)&nbsp;hab\u00eda<strong>&nbsp;2,22 GW<\/strong> de energ\u00eda solar fotovoltaica funcionando en r\u00e9gimen de autoconsumo.<\/p>\n<p>Y que conste que estos 2,22 GW de fotovoltaica de autoconsumo salen considerando, que ya es mucho considerar, &nbsp;un ratio de autoconsumo del 100% en&nbsp;todas estas instalaciones de autoconsumo, &nbsp;toda la energ\u00eda solar generada es autoconsumida sin verter ning\u00fan excedente a la red de distribuci\u00f3n, y que en los \u00faltimos a\u00f1os no se ha instalado ning\u00fan kW de energ\u00eda solar de venta directa a la red, lo cual tampoco es cierto y pongo por ejemplo la <span style=\"text-decoration: underline;\"><span style=\"color: #800080; text-decoration: underline;\"><a style=\"color: #800080; text-decoration: underline;\" href=\"https:\/\/www.diariorenovables.com\/2016\/09\/financiacion-Planta-Solar-Alcolea-Rio-Sevilla.html\" target=\"_blank\" rel=\"noopener\">instalaci\u00f3n&nbsp;de 2 MW<\/a> <\/span><\/span>que el a\u00f1o pasado puso en funcionamiento Som Energ\u00eda en Alcolea del Rio ( Sevilla).<\/p>\n<p>Si tenemos en cuenta que el fen\u00f3meno del autoconsumo apareci\u00f3 en el momento que desaparecieron las primas a nuevas instalaciones de energ\u00eda solar,&nbsp;y dado que la potencia instalada de energ\u00eda solar fotovoltaica en Espa\u00f1a a 31 de diciembre de 2015, era de<strong>&nbsp;<\/strong>4,667 GW,&nbsp;seg\u00fan los datos de la Secretar\u00eda de Estado de Energ\u00eda,&nbsp;podemos <strong>concluir que los primeros 2,447 GW de energ\u00eda solar que se instalaron en Espa\u00f1a fueron de venta a red, y los \u00faltimos 2,22 GW ha sido de autoconsumo<\/strong>. \u00bfCorrecto?<\/p>\n<p>O lo que es lo mismo, a la vista de la evoluci\u00f3n de la fotovoltaica instalada en Espa\u00f1a a lo largo de los \u00faltimos a\u00f1os, toda la potencia solar fotovoltaica instalada desde mediados del a\u00f1o 2008 \u00a1\u00a1\u00a1 ha sido para autoconsumo!!!!<\/p>\n<p><img loading=\"lazy\" decoding=\"async\" class=\"aligncenter wp-image-5945 size-full\" src=\"https:\/\/solartradex.com\/blog\/wp-content\/uploads\/2017\/01\/Captura-de-pantalla-2017-01-09-a-les-23.54.33.png\" alt=\"Evoluci\u00f3n Fotovoltaica\" width=\"2194\" height=\"1052\" title=\"\" srcset=\"https:\/\/solartradex.com\/blog\/wp-content\/uploads\/2017\/01\/Captura-de-pantalla-2017-01-09-a-les-23.54.33.png 2194w, https:\/\/solartradex.com\/blog\/wp-content\/uploads\/2017\/01\/Captura-de-pantalla-2017-01-09-a-les-23.54.33-300x144.png 300w, https:\/\/solartradex.com\/blog\/wp-content\/uploads\/2017\/01\/Captura-de-pantalla-2017-01-09-a-les-23.54.33-768x368.png 768w, https:\/\/solartradex.com\/blog\/wp-content\/uploads\/2017\/01\/Captura-de-pantalla-2017-01-09-a-les-23.54.33-1024x491.png 1024w\" sizes=\"(max-width: 2194px) 100vw, 2194px\" \/><\/p>\n<p>O sea que si tomamos&nbsp;como veraces los datos del Ministerio, podemos asegurar que est\u00e1bamos todos equivocados; durante los a\u00f1os 2008 y posteriores,&nbsp;la gente que instalaba en Espa\u00f1a fotovoltaica al amparo del RD661\/2007 y RD1578\/2008, no lo hac\u00edan para obtener las famosas primas que supuestamente han&nbsp;llevado a la quiebra el sistema el\u00e9ctrico, sino que contrariamente a lo que hab\u00edamos pensado hasta ahora, <strong>\u00a1\u00a1\u00a1renunciaban a&nbsp;las primas y conectaban las plantas en r\u00e9gimen de autoconsumo!!!<\/strong><\/p>\n<p>Se\u00f1ores del Ministerio de Energ\u00eda, Turismo y Agenda Digital, por favor seamos serios y no nos tomen por imb\u00e9ciles, \u00bfde verdad nos quieren hacer creer que el autoconsumo en Espa\u00f1a supone un 2% del consumo total?&nbsp;Cojan los datos de Red El\u00e9ctrica y la CNMC y ver\u00e1n que el autoconsumo a d\u00eda de hoy apenas alcanza un 0,4% -0,5% del consumo nacional.<\/p>\n<p>Por lo tanto, despidan al becario, y rehagan el estudio dividiendo entre 4 o 5 el impacto que seg\u00fan ustedes tiene el autoconsumo para las arcas del Estado.<\/p>\n<p>Y como el principal aurgumento del se\u00f1or Ministro don \u00c1lvaro Nadal, para mantener el peaje de respaldo o impuesto al sol, es el de compensar el d\u00e9ficit de ingresos que supuestamente supone el autoconsumo, les pido pues, que para ser coherentes con su informe&nbsp;de repercusi\u00f3n econ\u00f3mica, dividan entre 4 o 5 los valores del t\u00e9rmino fijo y t\u00e9rmino variable del impuesto al sol. \u00bf Les parece?<\/p>\n<p>Son ustedes un banda y una verg\u00fcenza para el conjunto de ciudadanos. No se lo tomen mal.<\/p>\n<p>\u00bfEntend\u00e9is ahora por qu\u00e9 digo que el informe est\u00e1 invalidado incluso antes de empezar? \u00bfMerece la pena discutir acerca de algo que est\u00e1 basado en premisas falsas? Esto es como discutir acerca de las posibilidades que tiene el equipo de f\u00fatbol del Manchester United de ganar la liga de baloncesto espa\u00f1ola&#8230; \u00bf tiene sentido perder energ\u00eda en esto?.<\/p>\n<p>Pero es que aqu\u00ed no termina &nbsp;el esperpento, entre otras sandeces, &nbsp;el se\u00f1or Alberto Nadal, tambi\u00e9n nos dice que el autoconsumo tiene un impacto de 48 M\u20ac en concepto de IVA no ingresado por la energ\u00eda autoconsumida;&nbsp;como si las instalaciones de autoconsumo no pagaran IVA por la compra de los paneles, inversores, estructura, &nbsp;ingenier\u00eda, mano de obra, etc.. \u00bf de verdad Sres. Nadal &#8211; los dos &#8211; se han le\u00eddo ustedes el informe? \u00bf No les averg\u00fcenza su contenido?.<\/p>\n<p>Y ya para terminar, dec\u00eda el Sr. Ministro Nadal, en su comparecencia en comisi\u00f3n parlamentaria el pasado 13 de diciembre, que \u00bb&nbsp;Para el Gobierno, la eficiencia energ\u00e9tica es la mejor de las pol\u00edticas energ\u00e9ticas, porque la energ\u00eda que no se consume \u2014porque no es necesario hacerlo y mantenemos el mismo nivel de bienestar\u2014 no contamina, no importa y no desequilibra la balanza de pagos. Sin duda ninguna, no desperdiciar la energ\u00eda es el esfuerzo mayor que &nbsp;nos gustar\u00eda que se hiciese en nuestro pa\u00eds, porque es la mejor manera de utilizarla, y eso se consigue con eficiencia energ\u00e9tica. En esto tenemos que ser muy exigentes\u201d<\/p>\n<p>Pues Sr. Nadal, en base a su razonamiento de que la eficiencia energ\u00e9tica es no consumir, y por lo tanto dejar de ingresar dinero a las arcas del Estado, le propongo que encargue a su Secretar\u00eda de Estado de Energ\u00eda, un informe parejo al que acabamos de analizar, pero ahora en materia de eficiencia energ\u00e9tica, de manera que nos pueda ilustrar acerca de la repercusi\u00f3n econ\u00f3mica que tiene para Espa\u00f1a cada vez que decidimos dejar de consumir energ\u00eda.<\/p>\n<p>Y para no ser menos, a partir de este informe, tambi\u00e9n le propongo que materialice un nuevo real decreto que sirva para establecer un novedoso peaje de respaldo al ahorro energ\u00e9tico, de manera que Espa\u00f1a pueda ser el primer pa\u00eds del mundo en presumir de tener un Impuesto al Sol y un Impuesto al Ahorro Energ\u00e9tico.<\/p>\n<p>Lo dicho, en Espa\u00f1a, caf\u00e9, copa, puro y nada de autoconsumo.<\/p>\n<p>Un abrazo.<\/p>\n\n\n<div class=\"kk-star-ratings kksr-auto kksr-align-left kksr-valign-bottom\"\n    data-payload='{&quot;align&quot;:&quot;left&quot;,&quot;id&quot;:&quot;5926&quot;,&quot;slug&quot;:&quot;default&quot;,&quot;valign&quot;:&quot;bottom&quot;,&quot;ignore&quot;:&quot;&quot;,&quot;reference&quot;:&quot;auto&quot;,&quot;class&quot;:&quot;&quot;,&quot;count&quot;:&quot;0&quot;,&quot;legendonly&quot;:&quot;&quot;,&quot;readonly&quot;:&quot;&quot;,&quot;score&quot;:&quot;0&quot;,&quot;starsonly&quot;:&quot;&quot;,&quot;best&quot;:&quot;5&quot;,&quot;gap&quot;:&quot;5&quot;,&quot;greet&quot;:&quot;Valora este post&quot;,&quot;legend&quot;:&quot;0\\\/5 - (0 votos)&quot;,&quot;size&quot;:&quot;24&quot;,&quot;title&quot;:&quot;Caf\u00e9, copa, puro y nada de autoconsumo.&quot;,&quot;width&quot;:&quot;0&quot;,&quot;_legend&quot;:&quot;{score}\\\/{best} - ({count} {votes})&quot;,&quot;font_factor&quot;:&quot;1.25&quot;}'>\n            \n<div class=\"kksr-stars\">\n    \n<div class=\"kksr-stars-inactive\">\n            <div class=\"kksr-star\" data-star=\"1\" style=\"padding-right: 5px\">\n            \n\n<div class=\"kksr-icon\" style=\"width: 24px; height: 24px;\"><\/div>\n        <\/div>\n            <div class=\"kksr-star\" data-star=\"2\" style=\"padding-right: 5px\">\n            \n\n<div class=\"kksr-icon\" style=\"width: 24px; height: 24px;\"><\/div>\n        <\/div>\n            <div class=\"kksr-star\" data-star=\"3\" style=\"padding-right: 5px\">\n            \n\n<div class=\"kksr-icon\" style=\"width: 24px; height: 24px;\"><\/div>\n        <\/div>\n            <div class=\"kksr-star\" data-star=\"4\" style=\"padding-right: 5px\">\n            \n\n<div class=\"kksr-icon\" style=\"width: 24px; height: 24px;\"><\/div>\n        <\/div>\n            <div class=\"kksr-star\" data-star=\"5\" style=\"padding-right: 5px\">\n            \n\n<div class=\"kksr-icon\" style=\"width: 24px; height: 24px;\"><\/div>\n        <\/div>\n    <\/div>\n    \n<div class=\"kksr-stars-active\" style=\"width: 0px;\">\n            <div class=\"kksr-star\" style=\"padding-right: 5px\">\n            \n\n<div class=\"kksr-icon\" style=\"width: 24px; height: 24px;\"><\/div>\n        <\/div>\n            <div class=\"kksr-star\" style=\"padding-right: 5px\">\n            \n\n<div class=\"kksr-icon\" style=\"width: 24px; height: 24px;\"><\/div>\n        <\/div>\n            <div class=\"kksr-star\" style=\"padding-right: 5px\">\n            \n\n<div class=\"kksr-icon\" style=\"width: 24px; height: 24px;\"><\/div>\n        <\/div>\n            <div class=\"kksr-star\" style=\"padding-right: 5px\">\n            \n\n<div class=\"kksr-icon\" style=\"width: 24px; height: 24px;\"><\/div>\n        <\/div>\n            <div class=\"kksr-star\" style=\"padding-right: 5px\">\n            \n\n<div class=\"kksr-icon\" style=\"width: 24px; height: 24px;\"><\/div>\n        <\/div>\n    <\/div>\n<\/div>\n                \n\n<div class=\"kksr-legend\" style=\"font-size: 19.2px;\">\n            <span class=\"kksr-muted\">Valora este post<\/span>\n    <\/div>\n    <\/div>\n","protected":false},"excerpt":{"rendered":"<p>Que Espa\u00f1a es un pa\u00eds de costumbres&nbsp;no es ninguna novedad; los toros,&nbsp;las tapas, la siesta y las puertas giratorias son algunas de las que m\u00e1s sorprenden a los turistas&nbsp;que visitan nuestras tierras.&nbsp;&nbsp;No&nbsp;obstante, de entre todas&nbsp;las usanzas, hay una que por su&nbsp;arraigo&nbsp;generalizado a nuestra cultura sin distinci\u00f3n de gentilicio, clase ni de edad, destaca con luz &hellip; <a href=\"https:\/\/solartradex.com\/blog\/cafe-copa-puro-nada-autoconsumo\/\" class=\"more-link\">Seguir leyendo <span class=\"screen-reader-text\">Caf\u00e9, copa, puro y nada de autoconsumo.<\/span> <span class=\"meta-nav\">&rarr;<\/span><\/a><\/p>\n","protected":false},"author":2,"featured_media":5952,"comment_status":"open","ping_status":"closed","sticky":false,"template":"","format":"standard","meta":{"inline_featured_image":false,"_mbp_gutenberg_autopost":false,"footnotes":""},"categories":[17],"tags":[],"class_list":["post-5926","post","type-post","status-publish","format-standard","has-post-thumbnail","hentry","category-autoconsumo"],"fimg_url":"https:\/\/solartradex.com\/blog\/wp-content\/uploads\/2017\/01\/Captura-de-pantalla-2017-01-10-a-les-0.51.34.png","post_mailing_queue_ids":[],"_links":{"self":[{"href":"https:\/\/solartradex.com\/blog\/wp-json\/wp\/v2\/posts\/5926","targetHints":{"allow":["GET"]}}],"collection":[{"href":"https:\/\/solartradex.com\/blog\/wp-json\/wp\/v2\/posts"}],"about":[{"href":"https:\/\/solartradex.com\/blog\/wp-json\/wp\/v2\/types\/post"}],"author":[{"embeddable":true,"href":"https:\/\/solartradex.com\/blog\/wp-json\/wp\/v2\/users\/2"}],"replies":[{"embeddable":true,"href":"https:\/\/solartradex.com\/blog\/wp-json\/wp\/v2\/comments?post=5926"}],"version-history":[{"count":2,"href":"https:\/\/solartradex.com\/blog\/wp-json\/wp\/v2\/posts\/5926\/revisions"}],"predecessor-version":[{"id":9927,"href":"https:\/\/solartradex.com\/blog\/wp-json\/wp\/v2\/posts\/5926\/revisions\/9927"}],"wp:featuredmedia":[{"embeddable":true,"href":"https:\/\/solartradex.com\/blog\/wp-json\/wp\/v2\/media\/5952"}],"wp:attachment":[{"href":"https:\/\/solartradex.com\/blog\/wp-json\/wp\/v2\/media?parent=5926"}],"wp:term":[{"taxonomy":"category","embeddable":true,"href":"https:\/\/solartradex.com\/blog\/wp-json\/wp\/v2\/categories?post=5926"},{"taxonomy":"post_tag","embeddable":true,"href":"https:\/\/solartradex.com\/blog\/wp-json\/wp\/v2\/tags?post=5926"}],"curies":[{"name":"wp","href":"https:\/\/api.w.org\/{rel}","templated":true}]}}