{"id":6072,"date":"2017-09-18T17:57:12","date_gmt":"2017-09-18T15:57:12","guid":{"rendered":"http:\/\/solartradex.com\/blog\/?p=6072"},"modified":"2023-09-22T16:03:40","modified_gmt":"2023-09-22T14:03:40","slug":"balance-neto-existe-lo-saben-las-electricas","status":"publish","type":"post","link":"https:\/\/solartradex.com\/blog\/balance-neto-existe-lo-saben-las-electricas\/","title":{"rendered":"El balance neto existe. \u00bfLo saben las el\u00e9ctricas?"},"content":{"rendered":"<p>Si amigos, el balance neto existe, y aunque tan s\u00f3lo sea horario, existe, y adem\u00e1s tiene sus ventajas. \u00bf a que no lo ten\u00edais presente?<\/p>\n<p>Han pasado ya casi dos a\u00f1os desde que se publicara el actual <span style=\"color: #800080;\"><a style=\"color: #800080;\" href=\"https:\/\/www.boe.es\/diario_boe\/txt.php?id=BOE-A-2015-10927\" target=\"_blank\" rel=\"noopener noreferrer\">real decreto de autoconsumo<\/a> <\/span>en Espa\u00f1a, &nbsp;un real decreto que parad\u00f3jicamente y a pesar de no haber contentado a casi nadie &#8211; complejidad de tramitaci\u00f3n, peaje de respaldo, configuraci\u00f3n de medida, etc.. -ha facilitado que se empezaran a desarrollar de forma progresiva este tipo de instalaciones en nuestro pa\u00eds, incluso hasta tal punto, que estoy absolutamente convencido que a d\u00eda de hoy, el autoconsumo ya ha empezado una nueva etapa dorada en la que resultar\u00e1 eje vertebrador de este nuevo paradigma energ\u00e9tico que convierte a los consumidores en prosumidores que ya no s\u00f3lo consumen electricidad sino que tambi\u00e9n la producen y la almacenan a la vez que gestionan activamente su consumo ; y es que sin lugar a dudas en el caso que nos ocupa ha sido mucho mejor <em><strong>un mal real decreto que un no real decreto.<\/strong><\/em><\/p>\n<p>No obstante, a lo largo de estos dos a\u00f1os, han sido muchas las voces que se han levantado exigiendo la aprobaci\u00f3n de un esquema de balance neto en Espa\u00f1a, que permitiese al menos a nivel dom\u00e9stico, aprovechar mejor la totalidad de la energ\u00eda solar generada en aquellas horas del d\u00eda en que pr\u00e1cticamente no hay consumo en nuestras casas.<\/p>\n<p>En el art\u00edculo de hoy, os hablar\u00e9 de este <strong>balance neto<\/strong> escondido entre los vericuetos del actual real decreto de autoconsumo, de sus ventajas principalmente para autoconsumidores dom\u00e9sticos, y de&nbsp;mis temores&nbsp;de que las empresas el\u00e9ctricas no lo est\u00e9n asumiendo y aplicando por desconocimiento o simple dejadez con el consecuente perjuicio econ\u00f3mico&nbsp;que ello&nbsp;nos puede causar.<\/p>\n<p><img fetchpriority=\"high\" decoding=\"async\" class=\"aligncenter wp-image-6089 size-full\" src=\"https:\/\/solartradex.com\/blog\/wp-content\/uploads\/2017\/09\/Fotolia_14833171_S.jpg\" alt=\"\" width=\"693\" height=\"693\" title=\"\" srcset=\"https:\/\/solartradex.com\/blog\/wp-content\/uploads\/2017\/09\/Fotolia_14833171_S.jpg 693w, https:\/\/solartradex.com\/blog\/wp-content\/uploads\/2017\/09\/Fotolia_14833171_S-300x300.jpg 300w\" sizes=\"(max-width: 693px) 100vw, 693px\" \/><\/a><\/p>\n<p><!--more-->Pero vayamos por partes, \u00bfqu\u00e9 nos dice el real decreto de autoconsumo al respecto del balance neto? Las claves las&nbsp;encontramos en el art\u00edculo&nbsp;16.2.b y en el Anexo I.4. Analiz\u00e9moslos:<\/p>\n<p><em><strong>Art\u00edculo 16. Punto 2<\/strong>:<\/em><\/p>\n<p><em> Para determinar los componentes de la facturaci\u00f3n de los peajes de acceso a las redes de transporte y distribuci\u00f3n al consumidor acogido a la modalidad de autoconsumo tipo 1 se aplicar\u00e1n los siguientes criterios:<\/em><\/p>\n<p>(&#8230;)<\/p>\n<p><em>b) Para la determinaci\u00f3n del t\u00e9rmino de facturaci\u00f3n de energ\u00eda activa la energ\u00eda a considerar ser\u00e1 la energ\u00eda correspondiente a la demanda horaria.<\/em><\/p>\n<p><em>(&#8230;)<\/em><\/p>\n<p><em><strong>Anexo I. Punto 4:<\/strong><\/em><\/p>\n<p><em>Demanda horaria: se determina como el saldo neto horario de energ\u00eda tomada de la red obtenido a partir de los registros de energ\u00eda entrante y saliente medida por el equipo de medida instalado en el punto frontera o, si no se dispone de dicho equipo, como la diferencia horaria entre la energ\u00eda horaria consumida menos la energ\u00eda horaria neta generada, cuando dicha energ\u00eda horaria neta generada sea mayor que cero, o bien como la suma de la energ\u00eda horaria consumida m\u00e1s el consumo horario de servicios auxiliares, cuando el consumo horario de servicios auxiliares sea mayor que cero. En todos los casos se considerar\u00e1 una demanda horaria nula cuando el valor sea negativo.<\/em><\/p>\n<p>\u00bfQue conclusiones sacamos?<\/p>\n<p>En primer lugar destacar&nbsp;que me he centrado en los autoconsumidores tipo 1 porque son los que copan la pr\u00e1ctica totalidad de instalaciones de autoconsumo dom\u00e9sticas; no obstante para el caso de autoconsumidores tipo 2 el redactado es el mismo y tambi\u00e9n seria de aplicaci\u00f3n.<\/p>\n<p>De esta manera y&nbsp;de acuerdo al texto&nbsp;del real decreto, la energ\u00eda mensual que se debe facturar a los consumidores que tienen una instalaci\u00f3n de autoconsumo en casa, corresponder\u00e1 a la energ\u00eda neta horaria entrante a trav\u00e9s del contador existente en el punto frontera ( el contador de compa\u00f1\u00eda de toda la vida). Esto tiene importantes consecuencias y por este motivo es importante asegurar que las compa\u00f1\u00edas el\u00e9ctricas lo tienen muy presente ( insisto que tengo mis dudas), fijaros en el siguiente ejemplo:<\/p>\n<p>Imaginaros que tengo una instalaci\u00f3n de autoconsumo en mi casa de 1,6 kW y que a las 12 horas del mediod\u00eda ( m\u00e1xima producci\u00f3n solar) pongo en marcha mi lavadora durante media hora con un consumo instant\u00e1neo de&nbsp;2 kW.<\/p>\n<p>Antes de seguir avanzando con el ejemplo es importante recordar que todos los contadores el\u00e9ctricos almacenan los datos en distintos&nbsp;cuadrantes, esto es tienen un cuadrante para almacenar la energ\u00eda entrante en la casa ( importaci\u00f3n) y otro cuadrante para almacenar la energ\u00eda saliente (exportaci\u00f3n).<\/p>\n<p><img decoding=\"async\" class=\"aligncenter wp-image-6107 size-full\" src=\"https:\/\/solartradex.com\/blog\/wp-content\/uploads\/2017\/09\/Captura-de-pantalla-2017-09-18-a-les-12.41.15.png\" alt=\"\" width=\"1096\" height=\"293\" title=\"\" srcset=\"https:\/\/solartradex.com\/blog\/wp-content\/uploads\/2017\/09\/Captura-de-pantalla-2017-09-18-a-les-12.41.15.png 1096w, https:\/\/solartradex.com\/blog\/wp-content\/uploads\/2017\/09\/Captura-de-pantalla-2017-09-18-a-les-12.41.15-300x80.png 300w, https:\/\/solartradex.com\/blog\/wp-content\/uploads\/2017\/09\/Captura-de-pantalla-2017-09-18-a-les-12.41.15-768x205.png 768w, https:\/\/solartradex.com\/blog\/wp-content\/uploads\/2017\/09\/Captura-de-pantalla-2017-09-18-a-les-12.41.15-1024x274.png 1024w\" sizes=\"(max-width: 1096px) 100vw, 1096px\" \/><\/a><\/p>\n<p>Analizaremos los siguientes dos supuestos:<\/p>\n<p><strong>Supuesto&nbsp;A: Mi compa\u00f1\u00eda el\u00e9ctrica no me aplica el balance neto horario.<\/strong><\/p>\n<p>En este caso tendremos registrados 0,2 kWh ( 0,1 kWh + 0,1 kWh) de consumo&nbsp;en el cuadrante de importaci\u00f3n de energ\u00eda, y -0,8 kWh ( -0,4 kWh -0,4 kWh) de excedentes solares en el cuadrante correspondiente a la exportaci\u00f3n de energ\u00eda.<\/p>\n<p><strong>Supuesto&nbsp;B: Mi compa\u00f1\u00eda el\u00e9ctrica me aplica el balance neto horario.<\/strong><\/p>\n<p>En este caso el resultado es muy distinto ya que al realizarse un balance horario entre la energ\u00eda entrante y saliente en el contador de compa\u00f1\u00eda ( punto frontera), tendr\u00e9 un resultado final de&nbsp;-0,6 kWh&nbsp;(0,1 kWh + 0,1 kWh -0,4 kWh -0,4 kWh ).<\/p>\n<p>Por lo tanto&nbsp;en el caso de que mi compa\u00f1\u00eda el\u00e9ctrica ( la distribuidora que es la encargada de la lectura, no mi comercializadora) no me est\u00e9 aplicando correctamente el balance neto, el resultado en mi factura el\u00e9ctrica ser\u00e1 gravoso para mis intereses, ya que no solo me habr\u00e1n cobrado 0,2&nbsp;kWh de consumo, sino que&nbsp;adem\u00e1s habr\u00e9 regalado al sistema -0,8&nbsp;kWh. Y no olvidemos que los kWh que regalamos al sistema, son kWh que ya hemos pagado por adelantado cuando compramos nuestra instalaci\u00f3n de autoconsumo \u00bfcorrecto?<\/p>\n<p>En cambio si me aplican correctamente el balance neto, mi factura el\u00e9ctrica indicar\u00e1 0 kWh consumidos y cobrados,&nbsp;&nbsp;y s\u00f3lo habr\u00e9 regalado al sistema 0,6 kWh.<\/p>\n<p>Quiz\u00e1s pod\u00e1is pensar que el tema es balad\u00ed, y que el impacto econ\u00f3mico es m\u00ednimo; pero si extrapolamos el resultado a todas las horas de sol y a todo tipo de consumos que tengamos en casa, el impacto seguro que va a ser&nbsp;mucho m\u00e1s significativo. Dicho de otro modo, en caso de no aplicar el balance neto en el ejemplo anterior, estar\u00e9 desaprovechando el 13% de los kWh que produce mi instalaci\u00f3n de autoconsumo, y esto ya suena diferente&#8230;<\/p>\n<p>\u00bfA qu\u00e9 la diferencia ya empieza a ser&nbsp;significativa?<\/p>\n<p>Pues esto no es todo&#8230;. vayamos con una segunda derivada.<\/p>\n<p>Imaginemos ahora que mi casa tiene una red trif\u00e1sica y un sistema de autoconsumo trif\u00e1sico de 3 kW; en estos casos es muy frecuente que en un mismo instante los consumos en cada&nbsp;fase sean distintos. \u00bfCorrecto?<\/p>\n<p>Veamos que suceder\u00eda en el siguiente ejemplo en el que entre las 12 horas y las 13 horas del mediod\u00eda, tenemos distintos consumos por fase y estamos produciendo 3 kW ( 1 kW por fase):<\/p>\n<p><img decoding=\"async\" class=\"aligncenter wp-image-6098 size-full\" src=\"https:\/\/solartradex.com\/blog\/wp-content\/uploads\/2017\/09\/Captura-de-pantalla-2017-09-17-a-les-22.12.51.png\" alt=\"\" width=\"1612\" height=\"348\" title=\"\" srcset=\"https:\/\/solartradex.com\/blog\/wp-content\/uploads\/2017\/09\/Captura-de-pantalla-2017-09-17-a-les-22.12.51.png 1612w, https:\/\/solartradex.com\/blog\/wp-content\/uploads\/2017\/09\/Captura-de-pantalla-2017-09-17-a-les-22.12.51-300x65.png 300w, https:\/\/solartradex.com\/blog\/wp-content\/uploads\/2017\/09\/Captura-de-pantalla-2017-09-17-a-les-22.12.51-768x166.png 768w, https:\/\/solartradex.com\/blog\/wp-content\/uploads\/2017\/09\/Captura-de-pantalla-2017-09-17-a-les-22.12.51-1024x221.png 1024w\" sizes=\"(max-width: 1612px) 100vw, 1612px\" \/><\/a><\/p>\n<p>Antes de analizar el resultado,&nbsp;volvamos un momento al tema de los contadores; dec\u00edamos anteriormente que los contadores electr\u00f3nicos almacenan los datos de importaci\u00f3n y exportaci\u00f3n de energ\u00eda en distintos cuadrantes, \u00bfok?<\/p>\n<p>Consecuentemente, en sistemas trif\u00e1sicos &nbsp;donde el consumo en cada fase puede ser distinto, se puede dar el caso de que en un instante dado el consumo neto en una fase sea positivo y en otras fases sea negativo, y por lo tanto para un mismo instante tengamos datos de importaci\u00f3n de energ\u00eda ( compra de energ\u00eda) en un cuadrante, y datos de exportaci\u00f3n de energ\u00eda ( sobrantes fotovoltaicos) en otro cuadrante. \u00bf correcto? Pues vamos all\u00e1 con el ejemplo:<\/p>\n<p><strong>Supuesto&nbsp;A: Mi compa\u00f1\u00eda el\u00e9ctrica no me aplica el balance neto horario.<\/strong><\/p>\n<p>En este supuesto, tendr\u00e9 3 kWh registrados en el cuadrante de importaci\u00f3n y 1,5 kWh registrados en el cuadrante de exportaci\u00f3n, y por lo tanto mi compa\u00f1\u00eda el\u00e9ctrica me facturar\u00e1 3 kWh de consumo y habr\u00e9 regalado al sistema 1,5 kWh; recuerdo nuevamente que estos 1,5 kWh que regalo, son kWh ya he pagado por adelantado en el momento en que compr\u00e9&nbsp;mi instalaci\u00f3n de autoconsumo.<\/p>\n<p><strong>Supuesto&nbsp;B: Mi compa\u00f1\u00eda el\u00e9ctrica me aplica el balance neto horario.<\/strong><\/p>\n<p>En este caso los n\u00fameros son muy distintos, ya que en la factura de electricidad se realizar\u00e1 un balance entre la energ\u00eda entrante y saliente en cada fase y registrada en cada cuadrante, por lo que el resultado final ser\u00e1 de 1,5 kWh (3 kWh -0,5 kWh -1 kWh).<\/p>\n<p>Por lo tanto, nuevamente la diferencia es sustancial ya que en el caso de que la compa\u00f1\u00eda el\u00e9ctrica no est\u00e9 aplicando&nbsp;correctamente el balance neto entre fases, el&nbsp;consumo que me van a facturar durante esta hora ser\u00e1 el doble del que deber\u00eda ser y adem\u00e1s habr\u00e9 regalado 1,5 kWh &nbsp;al sistema que como ya hemos comentado tienen&nbsp;su valor correspondiente.<\/p>\n<p>\u00bfQu\u00e9 os parece? \u00bfM\u00e1s?<\/p>\n<p>Pues vamos por la tercera derivada de este tema.<\/p>\n<p>Vayamos a suponer, y ya es mucho suponer, que la empresa el\u00e9ctrica aplica correctamente el balance neto horario de acuerdo a lo estipulado en el real decreto de autoconsumo; en este caso mi pregunta es \u00bf por qu\u00e9 en instalaciones de consumo trif\u00e1sicas, en lugar de instalar sistemas de autoconsumo trif\u00e1sicos, no instalamos sistemas de producci\u00f3n monof\u00e1sicos y as\u00ed ahorramos dinero con la instalaci\u00f3n?<\/p>\n<p><img loading=\"lazy\" decoding=\"async\" class=\"aligncenter wp-image-6102 size-full\" src=\"https:\/\/solartradex.com\/blog\/wp-content\/uploads\/2017\/09\/Captura-de-pantalla-2017-09-17-a-les-23.43.14.png\" alt=\"\" width=\"1736\" height=\"1534\" title=\"\" srcset=\"https:\/\/solartradex.com\/blog\/wp-content\/uploads\/2017\/09\/Captura-de-pantalla-2017-09-17-a-les-23.43.14.png 1736w, https:\/\/solartradex.com\/blog\/wp-content\/uploads\/2017\/09\/Captura-de-pantalla-2017-09-17-a-les-23.43.14-300x265.png 300w, https:\/\/solartradex.com\/blog\/wp-content\/uploads\/2017\/09\/Captura-de-pantalla-2017-09-17-a-les-23.43.14-768x679.png 768w, https:\/\/solartradex.com\/blog\/wp-content\/uploads\/2017\/09\/Captura-de-pantalla-2017-09-17-a-les-23.43.14-1024x905.png 1024w\" sizes=\"(max-width: 1736px) 100vw, 1736px\" \/><\/a><\/p>\n<p>A la vista de los resultados queda&nbsp;claro que en el caso de que la empresa distribuidora de electricidad est\u00e9 aplicando correctamente el balance neto horario entre la energ\u00eda neta entrante ( cuadrante de importaci\u00f3n) y la energ\u00eda neta saliente ( cuadrante de exportaci\u00f3n), el resultado ser\u00e1 el mismo ponga una instalaci\u00f3n fotovoltaica monof\u00e1sica o &nbsp;trif\u00e1sica; pero en cambio en el caso de las instalaciones de producci\u00f3n monof\u00e1sicas tendr\u00e9 un ahorro significativo debido a&nbsp;que un inversor monof\u00e1sico es sensiblemente m\u00e1s econ\u00f3mico que uno trif\u00e1sico, las protecciones de corriente alterna de la instalaci\u00f3n son m\u00e1s econ\u00f3micas, tendr\u00e9 menos cableado y adem\u00e1s el contador de generaci\u00f3n que debo instalar para cumplir con los requisitos de medida del real decreto tambi\u00e9n ser\u00e1 m\u00e1s barato.<\/p>\n<p>En este caso, la \u00fanica limitaci\u00f3n existente es que la instalaci\u00f3n de generaci\u00f3n monof\u00e1sica no podr\u00e1 ser nunca superior a 5 kW de acuerdo a lo indicado en el art\u00edculo 12.2 del <span style=\"color: #800080;\"><a style=\"color: #800080;\" href=\"https:\/\/www.boe.es\/buscar\/doc.php?id=BOE-A-2011-19242\" target=\"_blank\" rel=\"noopener noreferrer\">RD1699\/2011<\/a><\/span> que obliga que las instalaciones de generaci\u00f3n de m\u00e1s de 5 kW sean trif\u00e1sicas con un desfase m\u00e1ximo entre fases de 5 kW.<\/p>\n<p>Fijaros si es importante la aplicaci\u00f3n&nbsp;del balance neto horario&#8230;.. y todav\u00eda hay una cuarta derivada que afecta a las instalaciones trif\u00e1sicas con bater\u00edas. Sigamos un poco m\u00e1s&#8230;<\/p>\n<p>Las instalaciones de autoconsumo conectadas a la red con sistemas de acumulaci\u00f3n de energ\u00eda, por lo general tienen una debilidad que no me acaba de &nbsp;convencer; esta es su incapacidad para descargar las bater\u00edas seg\u00fan necesidades reales de cada fase, o dicho de otro modo,&nbsp;si en cualquier&nbsp;instante tenemos consumo en una sola fase de la casa, el inversor h\u00edbrido trif\u00e1sico que gobierna el sistema no ser\u00e1&nbsp;capaz de alimentar desde la bater\u00eda&nbsp;esta&nbsp;sola fase, por lo que estaremos enviando energ\u00eda desde la bater\u00eda a las tres fases, y&nbsp;consecuentemente la energ\u00eda enviada a las dos fases sin consumo, viajar\u00e1 directamente a la red como energ\u00eda sobrante, \u00bf una l\u00e1stima, no?<\/p>\n<p>Veamos el siguiente ejemplo con un inversor h\u00edbrido trif\u00e1sico de 5 kW con bater\u00eda de i\u00f3n-litio de 10 kWh de acumulaci\u00f3n.<\/p>\n<p><img loading=\"lazy\" decoding=\"async\" class=\"aligncenter wp-image-6108 size-full\" src=\"https:\/\/solartradex.com\/blog\/wp-content\/uploads\/2017\/09\/Captura-de-pantalla-2017-09-18-a-les-16.54.51.png\" alt=\"\" width=\"1086\" height=\"235\" title=\"\" srcset=\"https:\/\/solartradex.com\/blog\/wp-content\/uploads\/2017\/09\/Captura-de-pantalla-2017-09-18-a-les-16.54.51.png 1086w, https:\/\/solartradex.com\/blog\/wp-content\/uploads\/2017\/09\/Captura-de-pantalla-2017-09-18-a-les-16.54.51-300x65.png 300w, https:\/\/solartradex.com\/blog\/wp-content\/uploads\/2017\/09\/Captura-de-pantalla-2017-09-18-a-les-16.54.51-768x166.png 768w, https:\/\/solartradex.com\/blog\/wp-content\/uploads\/2017\/09\/Captura-de-pantalla-2017-09-18-a-les-16.54.51-1024x222.png 1024w\" sizes=\"(max-width: 1086px) 100vw, 1086px\" \/><\/a><\/p>\n<p><strong>Supuesto&nbsp;A: Mi compa\u00f1\u00eda el\u00e9ctrica no me aplica el balance neto horario.<\/strong><\/p>\n<p>En este caso el cuadrante de importaci\u00f3n de energ\u00eda registrar\u00e1 2,3 kWh y el cuadrante de exportaci\u00f3n de energ\u00eda -2,9 kWh ( -1,2 kWh -1,7 kWh).<\/p>\n<p><strong>Supuesto&nbsp;B: Mi compa\u00f1\u00eda el\u00e9ctrica me aplica el balance neto horario.<\/strong><\/p>\n<p>En este caso al realizarse el balance horario entre la energ\u00eda entrante y saliente, el resultado final ser\u00e1 de -0,6 kWh .<\/p>\n<p>Una vez m\u00e1s observamos que la diferencia es abismal, ya que en en caso de no aplicar el balance neto mi compa\u00f1\u00eda el\u00e9ctrica me cobrar\u00e1 2,3 kWh y adem\u00e1s estar\u00e9 regalando 2,9 kWh que ya ten\u00edamos pagados anteriormente y almacenados en la bater\u00eda para disponer de ellos cuando hubiera consumo.<\/p>\n<p>En cambio con la aplicaci\u00f3n del balance neto horario se compensa esta debilidad de los sistemas trif\u00e1sicos con bater\u00edas&#8230; \u00bfqu\u00e9 os parece?<\/p>\n<p>Por lo tanto llegados a este punto, creo que seria muy interesante averiguar como est\u00e1n interpretando las empresas de distribuci\u00f3n el\u00e9ctrica el real decreto de autoconsumo, y lo que es m\u00e1s importante todav\u00eda, como lo est\u00e1n aplicando y como est\u00e1n facturando a los autoconsumidores. Si alguna distribuidora de electricidad lee este art\u00edculo seria muy bienvenida su opini\u00f3n&#8230;<\/p>\n<p>\u00bfA que el balance neto horario tiene sus ventajas? \u00bf No os lo hab\u00edais planteado?<\/p>\n<p>Seguiremos&nbsp;informando&#8230;<\/p>\n\n\n<div class=\"kk-star-ratings kksr-auto kksr-align-left kksr-valign-bottom\"\n    data-payload='{&quot;align&quot;:&quot;left&quot;,&quot;id&quot;:&quot;6072&quot;,&quot;slug&quot;:&quot;default&quot;,&quot;valign&quot;:&quot;bottom&quot;,&quot;ignore&quot;:&quot;&quot;,&quot;reference&quot;:&quot;auto&quot;,&quot;class&quot;:&quot;&quot;,&quot;count&quot;:&quot;0&quot;,&quot;legendonly&quot;:&quot;&quot;,&quot;readonly&quot;:&quot;&quot;,&quot;score&quot;:&quot;0&quot;,&quot;starsonly&quot;:&quot;&quot;,&quot;best&quot;:&quot;5&quot;,&quot;gap&quot;:&quot;5&quot;,&quot;greet&quot;:&quot;Valora este post&quot;,&quot;legend&quot;:&quot;0\\\/5 - (0 votos)&quot;,&quot;size&quot;:&quot;24&quot;,&quot;title&quot;:&quot;El balance neto existe. \u00bfLo saben las el\u00e9ctricas?&quot;,&quot;width&quot;:&quot;0&quot;,&quot;_legend&quot;:&quot;{score}\\\/{best} - ({count} {votes})&quot;,&quot;font_factor&quot;:&quot;1.25&quot;}'>\n            \n<div class=\"kksr-stars\">\n    \n<div class=\"kksr-stars-inactive\">\n            <div class=\"kksr-star\" data-star=\"1\" style=\"padding-right: 5px\">\n            \n\n<div class=\"kksr-icon\" style=\"width: 24px; height: 24px;\"><\/div>\n        <\/div>\n            <div class=\"kksr-star\" data-star=\"2\" style=\"padding-right: 5px\">\n            \n\n<div class=\"kksr-icon\" style=\"width: 24px; height: 24px;\"><\/div>\n        <\/div>\n            <div class=\"kksr-star\" data-star=\"3\" style=\"padding-right: 5px\">\n            \n\n<div class=\"kksr-icon\" style=\"width: 24px; height: 24px;\"><\/div>\n        <\/div>\n            <div class=\"kksr-star\" data-star=\"4\" style=\"padding-right: 5px\">\n            \n\n<div class=\"kksr-icon\" style=\"width: 24px; height: 24px;\"><\/div>\n        <\/div>\n            <div class=\"kksr-star\" data-star=\"5\" style=\"padding-right: 5px\">\n            \n\n<div class=\"kksr-icon\" style=\"width: 24px; height: 24px;\"><\/div>\n        <\/div>\n    <\/div>\n    \n<div class=\"kksr-stars-active\" style=\"width: 0px;\">\n            <div class=\"kksr-star\" style=\"padding-right: 5px\">\n            \n\n<div class=\"kksr-icon\" style=\"width: 24px; height: 24px;\"><\/div>\n        <\/div>\n            <div class=\"kksr-star\" style=\"padding-right: 5px\">\n            \n\n<div class=\"kksr-icon\" style=\"width: 24px; height: 24px;\"><\/div>\n        <\/div>\n            <div class=\"kksr-star\" style=\"padding-right: 5px\">\n            \n\n<div class=\"kksr-icon\" style=\"width: 24px; height: 24px;\"><\/div>\n        <\/div>\n            <div class=\"kksr-star\" style=\"padding-right: 5px\">\n            \n\n<div class=\"kksr-icon\" style=\"width: 24px; height: 24px;\"><\/div>\n        <\/div>\n            <div class=\"kksr-star\" style=\"padding-right: 5px\">\n            \n\n<div class=\"kksr-icon\" style=\"width: 24px; height: 24px;\"><\/div>\n        <\/div>\n    <\/div>\n<\/div>\n                \n\n<div class=\"kksr-legend\" style=\"font-size: 19.2px;\">\n            <span class=\"kksr-muted\">Valora este post<\/span>\n    <\/div>\n    <\/div>\n","protected":false},"excerpt":{"rendered":"<p>Si amigos, el balance neto existe, y aunque tan s\u00f3lo sea horario, existe, y adem\u00e1s tiene sus ventajas. \u00bf a que no lo ten\u00edais presente? Han pasado ya casi dos a\u00f1os desde que se publicara el actual real decreto de autoconsumo en Espa\u00f1a, &nbsp;un real decreto que parad\u00f3jicamente y a pesar de no haber contentado &hellip; <a href=\"https:\/\/solartradex.com\/blog\/balance-neto-existe-lo-saben-las-electricas\/\" class=\"more-link\">Seguir leyendo <span class=\"screen-reader-text\">El balance neto existe. \u00bfLo saben las el\u00e9ctricas?<\/span> <span class=\"meta-nav\">&rarr;<\/span><\/a><\/p>\n","protected":false},"author":2,"featured_media":6089,"comment_status":"open","ping_status":"closed","sticky":false,"template":"","format":"standard","meta":{"inline_featured_image":false,"_mbp_gutenberg_autopost":false,"footnotes":""},"categories":[17],"tags":[],"class_list":["post-6072","post","type-post","status-publish","format-standard","has-post-thumbnail","hentry","category-autoconsumo"],"fimg_url":"https:\/\/solartradex.com\/blog\/wp-content\/uploads\/2017\/09\/Fotolia_14833171_S.jpg","post_mailing_queue_ids":[],"_links":{"self":[{"href":"https:\/\/solartradex.com\/blog\/wp-json\/wp\/v2\/posts\/6072","targetHints":{"allow":["GET"]}}],"collection":[{"href":"https:\/\/solartradex.com\/blog\/wp-json\/wp\/v2\/posts"}],"about":[{"href":"https:\/\/solartradex.com\/blog\/wp-json\/wp\/v2\/types\/post"}],"author":[{"embeddable":true,"href":"https:\/\/solartradex.com\/blog\/wp-json\/wp\/v2\/users\/2"}],"replies":[{"embeddable":true,"href":"https:\/\/solartradex.com\/blog\/wp-json\/wp\/v2\/comments?post=6072"}],"version-history":[{"count":2,"href":"https:\/\/solartradex.com\/blog\/wp-json\/wp\/v2\/posts\/6072\/revisions"}],"predecessor-version":[{"id":9924,"href":"https:\/\/solartradex.com\/blog\/wp-json\/wp\/v2\/posts\/6072\/revisions\/9924"}],"wp:featuredmedia":[{"embeddable":true,"href":"https:\/\/solartradex.com\/blog\/wp-json\/wp\/v2\/media\/6089"}],"wp:attachment":[{"href":"https:\/\/solartradex.com\/blog\/wp-json\/wp\/v2\/media?parent=6072"}],"wp:term":[{"taxonomy":"category","embeddable":true,"href":"https:\/\/solartradex.com\/blog\/wp-json\/wp\/v2\/categories?post=6072"},{"taxonomy":"post_tag","embeddable":true,"href":"https:\/\/solartradex.com\/blog\/wp-json\/wp\/v2\/tags?post=6072"}],"curies":[{"name":"wp","href":"https:\/\/api.w.org\/{rel}","templated":true}]}}