{"id":6371,"date":"2018-11-14T19:32:58","date_gmt":"2018-11-14T18:32:58","guid":{"rendered":"http:\/\/solartradex.com\/blog\/?p=6371"},"modified":"2023-09-22T16:00:33","modified_gmt":"2023-09-22T14:00:33","slug":"imaginando-un-autoconsumo-compartido-eficiente-e-inteligente","status":"publish","type":"post","link":"https:\/\/solartradex.com\/blog\/imaginando-un-autoconsumo-compartido-eficiente-e-inteligente\/","title":{"rendered":"Imaginando autoconsumo compartido eficiente e inteligente"},"content":{"rendered":"<p>La reciente <span style=\"color: #800080;\"><a style=\"color: #800080;\" href=\"https:\/\/solartradex.com\/blog\/real-decreto-ley-15-2018\/\">aprobaci\u00f3n del RDL15\/2018 <\/a><\/span>ha supuesto un paso casi definitivo para la normalizaci\u00f3n del autoconsumo en Espa\u00f1a, no s\u00f3lo porque ha certificado la l\u00f3gica defunci\u00f3n del impuesto al sol, sino tambi\u00e9n por lo que supone la m\u00e1s que significativa simplificaci\u00f3n de los tr\u00e1mites administrativos asociados a la legalizaci\u00f3n de estas instalaciones, adem\u00e1s del importante ahorro en los costes de instalaci\u00f3n como consecuencia de la eliminaci\u00f3n de la obligatoriedad de instalar contadores de generaci\u00f3n y consumo neto en la mayor\u00eda de ellas.<\/p>\n<p>As\u00ed pues, y con el objetivo de la normalizaci\u00f3n del autoconsumo ya superado, ahora llega el momento de su generalizaci\u00f3n, la cual pasa indefectiblemente por la regulaci\u00f3n pr\u00f3xima del autoconsumo compartido que ha de permitir a millares de consumidores que viven en propiedades verticales compartir una misma instalaci\u00f3n de generaci\u00f3n en la cubierta comunitaria de su edificio o incluso en la de un edificio pr\u00f3ximo conectado al mismo centro de transformaci\u00f3n tal y como reconoce el mismo RDL15\/2018.<\/p>\n<p>Por lo tanto, con la mirada y la intenci\u00f3n puesta ya en el autoconsumo compartido,<strong>&nbsp;<\/strong>el art\u00edculo de hoy lo dedicamos a imaginar como entendemos que deber\u00eda regularse el funcionamiento de este tipo de &nbsp;instalaciones para asegurar dos premisas que consideramos fundamentales: <strong>que sea un autoconsumo compartido eficiente e&nbsp;inteligente<\/strong>, nom\u00e1s.<\/p>\n<p><img fetchpriority=\"high\" decoding=\"async\" class=\"aligncenter wp-image-6379 size-full\" src=\"https:\/\/solartradex.com\/blog\/wp-content\/uploads\/2018\/11\/Fotolia_216802172_S.jpg\" alt=\"\" width=\"1386\" height=\"346\" title=\"\" srcset=\"https:\/\/solartradex.com\/blog\/wp-content\/uploads\/2018\/11\/Fotolia_216802172_S.jpg 1386w, https:\/\/solartradex.com\/blog\/wp-content\/uploads\/2018\/11\/Fotolia_216802172_S-300x75.jpg 300w, https:\/\/solartradex.com\/blog\/wp-content\/uploads\/2018\/11\/Fotolia_216802172_S-768x192.jpg 768w, https:\/\/solartradex.com\/blog\/wp-content\/uploads\/2018\/11\/Fotolia_216802172_S-1024x256.jpg 1024w\" sizes=\"(max-width: 1386px) 100vw, 1386px\" \/><\/a><!--more--><\/p>\n<p>\u00bfQu\u00e9 significa pues, <strong>que sea un autoconsumo compartido eficiente e inteligente?<\/strong><\/p>\n<p>Que en primer lugar \u00e9ste deber\u00e1 ser&nbsp;<strong>eficiente<\/strong> ya que el objetivo principal del autoconsumo compartido deber\u00e1 ser por encima de todo proporcionar una herramienta \u00fatil que permita a los consumidores aunar esfuerzos para maximizar el ahorro en la factura el\u00e9ctrica con la m\u00ednima inversi\u00f3n posible.<\/p>\n<p>Por lo tanto, la nueva regulaci\u00f3n del autoconsumo compartido deber\u00e1 ante todo garantizar la m\u00e1xima simplicidad de los esquemas de conexi\u00f3n, evitando caer en costes redundantes y\/o innecesarios que s\u00f3lo conseguir\u00edan aumentar la inversi\u00f3n necesaria y disminuir el ahorro en la factura de electricidad.<\/p>\n<p>Y en segundo lugar, el autoconsumo compartido tambi\u00e9n deber\u00e1 ser&nbsp;<strong>inteligente<\/strong>, lo que pasar\u00e1 sin lugar a dudas porque los contadores de telegesti\u00f3n \u00abinteligentes\u00bb &nbsp;que todos tenemos instalados en nuestras casas, act\u00faen de una vez por todas de forma inteligente permitiendo hacer un c\u00f3mputo inteligente y eficiente de los kWh compartidos entre todos los participantes de cada instalaci\u00f3n. &nbsp;Seria absurdo e incomprensible tener contadores inteligentes y operarlos de forma necia, digo yo&#8230;<\/p>\n<p>As\u00ed pues, con estas premisas ya claras, respondamos ahora a estas dos preguntas clave:<\/p>\n<ol>\n<li>&nbsp;\u00bfQu\u00e9 esquema de conexi\u00f3n garantizar\u00e1 la maxima simplicidad de las instalaciones?<\/li>\n<li>\u00bfC\u00f3mo hacemos el &nbsp;computo de la energ\u00eda &nbsp;generada y compartida entre todos los consumidores asociados a las instalaci\u00f3n de autoconsumo compartido?<\/li>\n<\/ol>\n<p><strong>1- \u00bfD\u00f3nde y c\u00f3mo conectamos la instalaci\u00f3n de autoconsumo compartido?<\/strong><\/p>\n<p>En este punto parece que tanto las el\u00e9ctricas como las patronales del sector fotovoltaico han convergido en una misma soluci\u00f3n que adem\u00e1s comparto, &nbsp;pues es la misma que propon\u00edamos en nuestro art\u00edculo sobre <span style=\"color: #800080;\"><a style=\"color: #800080;\" href=\"https:\/\/solartradex.com\/blog\/autoconsumo-compartido-lo-desarrollamos\/\" target=\"_blank\" rel=\"noopener\">autoconsumo compartido<\/a><\/span> de hace a\u00f1o y medio justo tras la sentencia del Tribunal Constitucional que declaraba inconstitucional el art\u00edculo 4.3 del RD900\/2015 que prohib\u00eda a distintos &nbsp;consumidores compartir una misma instalaci\u00f3n de generaci\u00f3n.<\/p>\n<p><img decoding=\"async\" class=\"aligncenter wp-image-6423 size-full\" src=\"https:\/\/solartradex.com\/blog\/wp-content\/uploads\/2018\/11\/Captura-de-pantalla-2018-11-13-a-les-18.40.55.png\" alt=\"\" width=\"1389\" height=\"629\" title=\"\" srcset=\"https:\/\/solartradex.com\/blog\/wp-content\/uploads\/2018\/11\/Captura-de-pantalla-2018-11-13-a-les-18.40.55.png 1389w, https:\/\/solartradex.com\/blog\/wp-content\/uploads\/2018\/11\/Captura-de-pantalla-2018-11-13-a-les-18.40.55-300x136.png 300w, https:\/\/solartradex.com\/blog\/wp-content\/uploads\/2018\/11\/Captura-de-pantalla-2018-11-13-a-les-18.40.55-1024x464.png 1024w, https:\/\/solartradex.com\/blog\/wp-content\/uploads\/2018\/11\/Captura-de-pantalla-2018-11-13-a-les-18.40.55-768x348.png 768w\" sizes=\"(max-width: 1389px) 100vw, 1389px\" \/><\/a><\/p>\n<p>En dicho esquema observamos ( pod\u00e9is clicar encima de la imagen para hacerla m\u00e1s grande) como la instalaci\u00f3n de generaci\u00f3n se conecta aguas abajo de la caja general de protecci\u00f3n del edificio y justo antes de las derivaciones individuales a cada vivienda. Por lo tanto el punto de conexi\u00f3n tendr\u00e1 lugar en la misma sala de centralizaci\u00f3n de contadores.<\/p>\n<p>De acuerdo a este esquema se instalar\u00e1 un contador en el punto frontera del edificio que permitir\u00e1 contabilizar toda la electricidad importada\/exportada a la red de distribuci\u00f3n para el conjunto de consumidores del edificio y comparar esta medida con el consumo neto realmente realizado por el conjunto de consumidores que comparten la instalaci\u00f3n.<\/p>\n<p>Obviamente la diferencia entre ambas medidas correspondre\u00e1 a la parte de los consumos del conjunto de viviendas que ha sido cubierto por la energ\u00eda solar fotovoltaica.<\/p>\n<p>Otra opci\u00f3n seria instalar el contador de generaci\u00f3n en lugar del contador del punto frontera, cualquier opci\u00f3n seria buena y de mi parte no tengo preferencia; quiz\u00e1s me guste m\u00e1s poner un contador de generaci\u00f3n, pero en todo caso en cualquiera de las opciones, &nbsp;la clave ser\u00e1 disponer un algoritmo de c\u00e1lculo \u00f3ptimo que permita hacer el balance y reparto de energ\u00edas de manera eficiente e inteligente.<\/p>\n<p>Adem\u00e1s en el punto de conexi\u00f3n existir\u00e1 un elemento de corte que permitir\u00e1 que la compa\u00f1\u00eda el\u00e9ctrica pueda desconectar la instalaci\u00f3n de generaci\u00f3n en un momento dado.<\/p>\n<p>Este esquema considero que es el m\u00e1s razonable y eficiente, ya que permite a los &nbsp;autoconsumidores que comparten la instalaci\u00f3n compartir &nbsp;una serie de equipamientos y costes comunes que har\u00e1n m\u00e1s competitiva la instalaci\u00f3n. En particular se comparte:<\/p>\n<ul>\n<li>El campo solar es com\u00fan al conjunto de consumidores.<\/li>\n<li>Existe un solo inversor ( o conjunto de inversores) para la totalidad de consumidores.<\/li>\n<li>Tambi\u00e9n se comparten las protecciones y cableado CC y CA.<\/li>\n<li>En el caso de existir bater\u00edas, \u00e9stas tambi\u00e9n son compartidas por todos los participantes de la instalaci\u00f3n compartida.<\/li>\n<li>Se hace una sola legalizaci\u00f3n y se require de un solo proyecto.<\/li>\n<\/ul>\n<p>Cualquier otro esquema de conexi\u00f3n no respetar\u00eda la premisa de la eficiencia; por ejemplo imaginad que tenemos una instalaci\u00f3n de generaci\u00f3n com\u00fan pero con ramales de conexi\u00f3n independientes a cada derivaci\u00f3n individual; t\u00e9cnicamente seria posible pero evidentemente el coste de la instalaci\u00f3n se incrementar\u00eda ya que deber\u00edamos incrementar el n\u00famero de protecciones AC, metros de cableado AC &nbsp;y mayor complejidad de instalaci\u00f3n para conectar con cada consumidor, y ya no os cuento si cada consumidor tuviera su propia bater\u00eda y s\u00f3lo compartiera el campo de solar y el inversor, o incluso si cada vecino tuviera su propio inversor&#8230;. \u00bf a que seria un sin sentido no aprovechar la posibilidad de compartir infraestructuras comunes?<\/p>\n<p>\u00bfY que suceder\u00eda en el caso de consumidores que quieren compartir una instalaci\u00f3n de autoconsumo pero que viven en distintos edificios aunque todos conectados al mismo centro de transformaci\u00f3n seg\u00fan indica el RDL15\/2018?<\/p>\n<p><img decoding=\"async\" class=\"aligncenter wp-image-6421 size-full\" src=\"https:\/\/solartradex.com\/blog\/wp-content\/uploads\/2018\/11\/Captura-de-pantalla-2018-11-13-a-les-18.36.44.png\" alt=\"\" width=\"1365\" height=\"566\" title=\"\" srcset=\"https:\/\/solartradex.com\/blog\/wp-content\/uploads\/2018\/11\/Captura-de-pantalla-2018-11-13-a-les-18.36.44.png 1365w, https:\/\/solartradex.com\/blog\/wp-content\/uploads\/2018\/11\/Captura-de-pantalla-2018-11-13-a-les-18.36.44-300x124.png 300w, https:\/\/solartradex.com\/blog\/wp-content\/uploads\/2018\/11\/Captura-de-pantalla-2018-11-13-a-les-18.36.44-1024x425.png 1024w, https:\/\/solartradex.com\/blog\/wp-content\/uploads\/2018\/11\/Captura-de-pantalla-2018-11-13-a-les-18.36.44-768x318.png 768w\" sizes=\"(max-width: 1365px) 100vw, 1365px\" \/><\/a><\/p>\n<p>En este caso el esquema propuesto es muy similar al del primer caso pero con la diferencia de que en lugar de conectar la instalaci\u00f3n de generaci\u00f3n en la centralizaci\u00f3n de contadores de un edificio, deberemos conectar la instalaci\u00f3n fotovoltaica a la salida de BT transformador al que est\u00e1n conectados todos los edificios.<\/p>\n<p>Estos ser\u00e1n pues los dos esquemas de conexi\u00f3n que imaginamos para las instalaciones de autoconsumo compartido \u00abeficientes\u00bb&#8230;. vayamos ahora con la parted e la \u00abinteligencia\u00bb.<\/p>\n<p><strong>2. \u00bfC\u00f3mo se debe contabilizar y repartir la energ\u00eda generada para que el autoconsumo sea eficiente?<\/strong><\/p>\n<p>Pues se deber\u00e1 contabilizar de manera inteligente&#8230;. lo cual a priori no deber\u00eda ser muy complicado toda vez que la pr\u00e1ctica totalidad de consumidores tenemos instalados en nuestras casas contadores de telegesti\u00f3n inteligentes.<\/p>\n<p>No obstante &nbsp;y a pesar del despligue masivo de contadores inteligentes, el <strong>borrador de real decreto de acceso y conexi\u00f3n a las redes de transporte y distribuci\u00f3n <\/strong>que sali\u00f3 el pasado mes de junio y que est\u00e1 en manos del Ministerio de Transici\u00f3n Energ\u00e9tica para su correcci\u00f3n y aprobaci\u00f3n ( fue el \u00faltimo servicio a la causa del anterior ministro, el se\u00f1or Nadal) propon\u00eda un reparto de energ\u00eda autoconsumida entre los distintos actores de la instalaci\u00f3n de generaci\u00f3n compartida que precisamente no destacaba ni por su eficiencia ni inteligencia.<\/p>\n<p>A grosso modo la propuesta era la siguiente; la energ\u00eda generada en una instalaci\u00f3n de autoconsumo colectivo ( el borrador habla de instalaciones de autoconsumo colectivo) se repartir\u00eda en funci\u00f3n de unos porcentajes decididos previamente por los participantes de la instalaci\u00f3n colectiva que seran comunicados previamente a la empresa distribuidora de electricidad. En caso de falta de acuerdo la energ\u00eda generada se repartir\u00eda proporcionalmente de acuerdo a la potencia contratada por cada consumidor.<\/p>\n<p>Se realiza un balance horario para contabilizar la energ\u00eda generada, consumida y autoconsumida. Este punto no lo voy a discutir aunque est\u00e1 claro que un escenario de balance neto anual seria ideal&#8230;.. en todo caso este seria otro debate.<\/p>\n<p>Veamos en un ejemplo c\u00f3mo funciona el borrador vigente y sus consecuencias. :<\/p>\n<p>Supongamos que ante la falta de acuerdo ( lo m\u00e1s probable), se proceda a repartir la generaci\u00f3n en base a la potencia contratada.<\/p>\n<ul>\n<li>Vecino 1: 3 kW contratados<\/li>\n<li>Vecino&nbsp;2: 4 &nbsp;kW contratados<\/li>\n<li>Vecino&nbsp;3: 5 kW Contratados.<\/li>\n<li>Vecino 4: 8 kW contratados<\/li>\n<\/ul>\n<p>Por lo tanto, &nbsp;los porcentajes de reparto seran:<\/p>\n<ul>\n<li>Vecino 1: 15% de la generaci\u00f3n horaria.<\/li>\n<li>Vecino 2: 20% de la generaci\u00f3n horaria.<\/li>\n<li>Vecino 3: 25%&nbsp;de la generaci\u00f3n horaria.<\/li>\n<li>Vecino 4:&nbsp;40% de la generaci\u00f3n horaria.<\/li>\n<\/ul>\n<p>Supongamos ahora que &nbsp;instalamos un sistema de generaci\u00f3n colectivo de 6 kW y que un d\u00eda soleado cualquiera entre las 12 horas y las 13 horas del mediod\u00eda generamos 5 kWh. Veamos como se repartir\u00eda la generaci\u00f3n:<\/p>\n<ul>\n<li>Vecino 1: 0,75 kWh generados<\/li>\n<li>Vecino2: 1,0 kWh generados<\/li>\n<li>Vecino 3: 1,25 kWh generados<\/li>\n<li>Vecino 4:&nbsp;2,0 kWh generados<\/li>\n<\/ul>\n<p style=\"padding-left: 30px;\">Total generado: &nbsp;5 kWh<\/p>\n<p>Y finalmente supongamos unos consumos horarios a esa misma hora, que adem\u00e1s en el caso de consumidores dom\u00e9sticos no destaca por ser la hora de mayor consumo.<\/p>\n<ul>\n<li>Vecino 1: 0,5 kWh &nbsp;consumidos<\/li>\n<li>Vecino2: 1,5 kWh consumidos<\/li>\n<li>Vecino 3: &nbsp;2,0 kWh consumidos<\/li>\n<li>Vecino 4: &nbsp;1,0 kWh consumidos.<\/li>\n<\/ul>\n<p style=\"padding-left: 30px;\">Total consumido: &nbsp; 5 kWh<\/p>\n<p>El balance final ( compra de energ\u00eda&nbsp; horaria\/ excedente energ\u00eda horaria) &nbsp;seria el que sigue:<\/p>\n<ul>\n<li>Vecino 1: 0 kWh comprados \/ 0,25 kWh excedentes<\/li>\n<li>Vecino2: 0,5 kWh comprados \/ 0 kWh excedentes<\/li>\n<li>Vecino 3: 0,75 kWh comprados \/ 0 kWh excedentes<\/li>\n<li>Vecino 4: 0 kWh comprados \/ 1 kWh excedentes<\/li>\n<\/ul>\n<p>Balance final (comprado \/ excedentes): &nbsp;1,25 kWh consumidos \/ 1,25 kWh sobrantes<\/p>\n<p>\u00bfOs parece una propuesta eficiente?<\/p>\n<p>Generamos tanta energ\u00eda como consumo realizan el conjunto de vecinos, pero en cambio regalamos al sistema el 25% de la energ\u00eda generada ( vecino 1 y vecino 4) mientras hay dos vecinos que tienen que comprar el 33% (vecino 2) y el 38% ( vecino 3) de sus necesidades energ\u00e9ticas.<\/p>\n<p>Yo creo que hay formas m\u00e1s eficientes, justas y simples de proponer el reparto de energ\u00edas, ya que con este algoritmo, incluso si la generaci\u00f3n total es superior al consumo global, puede darse el caso que haya vecinos que tengan que comprar parte de su consumo y en cambio haya otros que tengan que regalar kWh sobrantes.<\/p>\n<p>La propuesta que yo imagino es la que sigue:<\/p>\n<p>Se mide la energ\u00eda generada horaria ( se puede medir con el contador de generaci\u00f3n o como la diferencia entre la energ\u00eda importada de la red a trav\u00e9s del contador com\u00fan del punto frontera y la suma de los consumos de cada contador individual).<\/p>\n<p>Una vez tenemos la energ\u00eda horaria generada, se compara con el consumo total de todos los vecinos que participan de la instalaci\u00f3n colectiva, y se pueden dar dos casos:<\/p>\n<p><strong>Caso 1. Energ\u00eda generada &gt;= Energ\u00eda total consumida.<\/strong><\/p>\n<p>En este caso se considera nulo el consumo de todos y cada uno de los vecinos. No hay m\u00e1s&#8230; si genero m\u00e1s electricidad de la que consumen los vecinos no tiene sentido alguno regalar kWh mientras hay vecinos que quiz\u00e1s deban comprar parte de su consumo.<\/p>\n<p><strong>Caso 2. Energ\u00eda generada &lt; Energ\u00eda total consumida.<\/strong><\/p>\n<p>En este caso asigna a cada vecino la parte de proporcional de generaci\u00f3n que se corresponde con su participaci\u00f3n al consumo horario. De esta manera nos aseguramos que en una situaci\u00f3n en que la generaci\u00f3n es inferior al consumo global, no se d\u00e9 el sin sentido tener excedentes solares por ejemplo en el caso de que el vecino con mayor potencia contratada tenga consumo casi nulo en esa franja horaria.<\/p>\n<p>Veamos como funcionaria el reparto seg\u00fan el ejemplo presentado anteriormente:<\/p>\n<ul>\n<li>Generaci\u00f3n total 5 kWh<\/li>\n<\/ul>\n<p>Consumo &nbsp;de los vecinos:<\/p>\n<ul>\n<li>Vecino 1: 0,5 kWh &nbsp;consumidos que corresponde al &nbsp;10% del consumo total.<\/li>\n<li>Vecino2: 1,5 kWh consumidos&nbsp; que corresponde al &nbsp;30% del consumo total.<\/li>\n<li>Vecino 3: &nbsp;2,0 kWh consumidos&nbsp; que corresponde al &nbsp;40% del consumo total.<\/li>\n<li>Vecino 4: &nbsp;1,0 kWh consumidos&nbsp; que corresponde al &nbsp;20% del consumo total.<\/li>\n<\/ul>\n<p style=\"padding-left: 30px;\">Total consumido: &nbsp; 5 kWh<\/p>\n<p>Por lo tanto en base a estos consumos a cada vecino le tocar\u00e1 la siguiente generaci\u00f3n:<\/p>\n<ul>\n<li>Vecino 1: 0,5 kWh generados que &nbsp;corresponde al 10% de la generaci\u00f3n total.<\/li>\n<li>Vecino2: 1,5 kWh generados&nbsp;que &nbsp;corresponde al 30% de la generaci\u00f3n total.<\/li>\n<li>Vecino 3: 2,0 kWh generados&nbsp;que &nbsp;corresponde al 40% de la generaci\u00f3n total.<\/li>\n<li>Vecino 4:&nbsp;1,0 kWh generados&nbsp;que &nbsp;corresponde al 20% de la generaci\u00f3n total.<\/li>\n<\/ul>\n<p>Si ahora hacemos el balance final&nbsp;( compra de energ\u00eda&nbsp; horaria\/ excedente energ\u00eda horaria) obtenemos el siguiente resultado:<\/p>\n<ul>\n<li>Vecino 1: 0 kWh comprados \/ 0 kWh excedentes<\/li>\n<li>Vecino2: 0 kWh comprados \/ 0 kWh excedentes<\/li>\n<li>Vecino 3: 0 &nbsp;kWh comprados \/ 0 kWh excedentes<\/li>\n<li>Vecino 4: 0 kWh comprados \/ 0 kWh excedentes<\/li>\n<\/ul>\n<p>Por lo tanto con este algoritmo maximizar\u00edamos el aprovechamiento de la generaci\u00f3n solar, o en otras palabras utilizar\u00edamos de forma inteligente los contadores de telegesti\u00f3n instalados para ser muy eficientes en el uso de la instalaci\u00f3n de autoconsumo compartido.<\/p>\n<p>Obviamente que este m\u00e9todo requiere de un algoritmo de c\u00e1lculo com\u00fan para todas las distribuidoras de electricidad, como encargadas de hacer las medidas y facturar peajes, que les permita hacer el balance horario entre las energ\u00edas generadas y consumidas.<\/p>\n<p>Y aunque por muy complejo que pueda parecer ( no me lo parece tanto), &nbsp;me resisto a creer que en el a\u00f1o 2018, en la era del big data, el blockchain y con el objetivo puesto al 100% renovables para el a\u00f1o 2050, este algoritmo sea una limitaci\u00f3n para poder disfrutar de un autoconsumo compartido eficiente e inteligente.<\/p>\n<p>Alguno me dir\u00e1, y con raz\u00f3n que este algoritmo puede beneficiar principalmente a aquellos vecinos que m\u00e1s consumen y es completamente cierto, lo podemos considerar un mal menor para evitar regalar sobrantes de energ\u00eda por parte de aquellos consumidores con mayor potencia contratada y con consumo bajo en un instante determinado.<\/p>\n<p>Si lo prefer\u00eds, para evitar esta \u00abinjusticia\u00bb se podr\u00eda evolucionar la propuesta para que en el caso de que la generaci\u00f3n solar sea inferior al consumo global de todos los vecinos, la generaci\u00f3n se reparta en partes equitativas, esto es un 25% a cada vecino, y en caso de sobrantes de energ\u00edas en algunos vecinos se haga un segundo reparto a partes equitativas igualmente entre aquellos vecinos que todav\u00eda necesitan cubrir parte de sus consumos, y de esta forma se har\u00edan tantas iteraciones sucesivas como fuesen necesarias para que no se tenga que regalar ning\u00fan excedente de generaci\u00f3n, que al fin y al cabo es lo m\u00e1s ineficiente que nos puede suceder.<\/p>\n<p>\u00bfComo lo imagin\u00e1is vosotros?<\/p>\n<p>Como siempre estar\u00e9 encantado de compartir puntos de vista con todos vosotros.<\/p>\n\n\n<div class=\"kk-star-ratings kksr-auto kksr-align-left kksr-valign-bottom\"\n    data-payload='{&quot;align&quot;:&quot;left&quot;,&quot;id&quot;:&quot;6371&quot;,&quot;slug&quot;:&quot;default&quot;,&quot;valign&quot;:&quot;bottom&quot;,&quot;ignore&quot;:&quot;&quot;,&quot;reference&quot;:&quot;auto&quot;,&quot;class&quot;:&quot;&quot;,&quot;count&quot;:&quot;0&quot;,&quot;legendonly&quot;:&quot;&quot;,&quot;readonly&quot;:&quot;&quot;,&quot;score&quot;:&quot;0&quot;,&quot;starsonly&quot;:&quot;&quot;,&quot;best&quot;:&quot;5&quot;,&quot;gap&quot;:&quot;5&quot;,&quot;greet&quot;:&quot;Valora este post&quot;,&quot;legend&quot;:&quot;0\\\/5 - (0 votos)&quot;,&quot;size&quot;:&quot;24&quot;,&quot;title&quot;:&quot;Imaginando autoconsumo compartido eficiente e inteligente&quot;,&quot;width&quot;:&quot;0&quot;,&quot;_legend&quot;:&quot;{score}\\\/{best} - ({count} {votes})&quot;,&quot;font_factor&quot;:&quot;1.25&quot;}'>\n            \n<div class=\"kksr-stars\">\n    \n<div class=\"kksr-stars-inactive\">\n            <div class=\"kksr-star\" data-star=\"1\" style=\"padding-right: 5px\">\n            \n\n<div class=\"kksr-icon\" style=\"width: 24px; height: 24px;\"><\/div>\n        <\/div>\n            <div class=\"kksr-star\" data-star=\"2\" style=\"padding-right: 5px\">\n            \n\n<div class=\"kksr-icon\" style=\"width: 24px; height: 24px;\"><\/div>\n        <\/div>\n            <div class=\"kksr-star\" data-star=\"3\" style=\"padding-right: 5px\">\n            \n\n<div class=\"kksr-icon\" style=\"width: 24px; height: 24px;\"><\/div>\n        <\/div>\n            <div class=\"kksr-star\" data-star=\"4\" style=\"padding-right: 5px\">\n            \n\n<div class=\"kksr-icon\" style=\"width: 24px; height: 24px;\"><\/div>\n        <\/div>\n            <div class=\"kksr-star\" data-star=\"5\" style=\"padding-right: 5px\">\n            \n\n<div class=\"kksr-icon\" style=\"width: 24px; height: 24px;\"><\/div>\n        <\/div>\n    <\/div>\n    \n<div class=\"kksr-stars-active\" style=\"width: 0px;\">\n            <div class=\"kksr-star\" style=\"padding-right: 5px\">\n            \n\n<div class=\"kksr-icon\" style=\"width: 24px; height: 24px;\"><\/div>\n        <\/div>\n            <div class=\"kksr-star\" style=\"padding-right: 5px\">\n            \n\n<div class=\"kksr-icon\" style=\"width: 24px; height: 24px;\"><\/div>\n        <\/div>\n            <div class=\"kksr-star\" style=\"padding-right: 5px\">\n            \n\n<div class=\"kksr-icon\" style=\"width: 24px; height: 24px;\"><\/div>\n        <\/div>\n            <div class=\"kksr-star\" style=\"padding-right: 5px\">\n            \n\n<div class=\"kksr-icon\" style=\"width: 24px; height: 24px;\"><\/div>\n        <\/div>\n            <div class=\"kksr-star\" style=\"padding-right: 5px\">\n            \n\n<div class=\"kksr-icon\" style=\"width: 24px; height: 24px;\"><\/div>\n        <\/div>\n    <\/div>\n<\/div>\n                \n\n<div class=\"kksr-legend\" style=\"font-size: 19.2px;\">\n            <span class=\"kksr-muted\">Valora este post<\/span>\n    <\/div>\n    <\/div>\n","protected":false},"excerpt":{"rendered":"<p>La reciente aprobaci\u00f3n del RDL15\/2018 ha supuesto un paso casi definitivo para la normalizaci\u00f3n del autoconsumo en Espa\u00f1a, no s\u00f3lo porque ha certificado la l\u00f3gica defunci\u00f3n del impuesto al sol, sino tambi\u00e9n por lo que supone la m\u00e1s que significativa simplificaci\u00f3n de los tr\u00e1mites administrativos asociados a la legalizaci\u00f3n de estas instalaciones, adem\u00e1s del importante &hellip; <a href=\"https:\/\/solartradex.com\/blog\/imaginando-un-autoconsumo-compartido-eficiente-e-inteligente\/\" class=\"more-link\">Seguir leyendo <span class=\"screen-reader-text\">Imaginando autoconsumo compartido eficiente e inteligente<\/span> <span class=\"meta-nav\">&rarr;<\/span><\/a><\/p>\n","protected":false},"author":2,"featured_media":6379,"comment_status":"open","ping_status":"closed","sticky":false,"template":"","format":"standard","meta":{"inline_featured_image":false,"_mbp_gutenberg_autopost":false,"footnotes":""},"categories":[17],"tags":[],"class_list":["post-6371","post","type-post","status-publish","format-standard","has-post-thumbnail","hentry","category-autoconsumo"],"fimg_url":"https:\/\/solartradex.com\/blog\/wp-content\/uploads\/2018\/11\/Fotolia_216802172_S.jpg","post_mailing_queue_ids":[],"_links":{"self":[{"href":"https:\/\/solartradex.com\/blog\/wp-json\/wp\/v2\/posts\/6371","targetHints":{"allow":["GET"]}}],"collection":[{"href":"https:\/\/solartradex.com\/blog\/wp-json\/wp\/v2\/posts"}],"about":[{"href":"https:\/\/solartradex.com\/blog\/wp-json\/wp\/v2\/types\/post"}],"author":[{"embeddable":true,"href":"https:\/\/solartradex.com\/blog\/wp-json\/wp\/v2\/users\/2"}],"replies":[{"embeddable":true,"href":"https:\/\/solartradex.com\/blog\/wp-json\/wp\/v2\/comments?post=6371"}],"version-history":[{"count":2,"href":"https:\/\/solartradex.com\/blog\/wp-json\/wp\/v2\/posts\/6371\/revisions"}],"predecessor-version":[{"id":9917,"href":"https:\/\/solartradex.com\/blog\/wp-json\/wp\/v2\/posts\/6371\/revisions\/9917"}],"wp:featuredmedia":[{"embeddable":true,"href":"https:\/\/solartradex.com\/blog\/wp-json\/wp\/v2\/media\/6379"}],"wp:attachment":[{"href":"https:\/\/solartradex.com\/blog\/wp-json\/wp\/v2\/media?parent=6371"}],"wp:term":[{"taxonomy":"category","embeddable":true,"href":"https:\/\/solartradex.com\/blog\/wp-json\/wp\/v2\/categories?post=6371"},{"taxonomy":"post_tag","embeddable":true,"href":"https:\/\/solartradex.com\/blog\/wp-json\/wp\/v2\/tags?post=6371"}],"curies":[{"name":"wp","href":"https:\/\/api.w.org\/{rel}","templated":true}]}}